{"id":11217,"date":"2014-04-02T06:08:54","date_gmt":"2014-04-02T10:08:54","guid":{"rendered":"http:\/\/blog.damasketdentelle.com\/?p=11217"},"modified":"2020-07-30T13:30:45","modified_gmt":"2020-07-30T17:30:45","slug":"le-jour-ou-tout-bascule","status":"publish","type":"post","link":"https:\/\/damasketdentelle.com\/index.php\/2014\/04\/le-jour-ou-tout-bascule\/","title":{"rendered":"Le jour o\u00f9 tout a bascul\u00e9"},"content":{"rendered":"<p>&nbsp;<\/p>\n<p><em>J&#8217;ai r\u00eav\u00e9 \u00e0 comment je r\u00e9agirais le jour o\u00f9 j&#8217;apprendrais le diagnostic. J&#8217;ai sc\u00e9naris\u00e9 100 fois ce moment fatidique. Je me sentais pr\u00eate \u00e0 toute \u00e9ventualit\u00e9. Ensuite les mots de la docteure ont retentis dans mes oreilles: &#8220;Mme Sicotte, M. Plourde, votre fils Teddy est autiste&#8221;&#8230;<\/em><\/p>\n<p><em>\u00a0<\/em><\/p>\n<p><img loading=\"lazy\" decoding=\"async\" class=\"aligncenter size-full wp-image-11224\" alt=\"teddy-dodo\" src=\"http:\/\/blog.damasketdentelle.com\/wp-content\/uploads\/teddy-dodo.jpg\" width=\"650\" height=\"650\" srcset=\"https:\/\/blog.damasketdentelle.com\/wp-content\/uploads\/teddy-dodo.jpg 650w, https:\/\/blog.damasketdentelle.com\/wp-content\/uploads\/teddy-dodo-150x150.jpg 150w, https:\/\/blog.damasketdentelle.com\/wp-content\/uploads\/teddy-dodo-450x450.jpg 450w, https:\/\/blog.damasketdentelle.com\/wp-content\/uploads\/teddy-dodo-320x320.jpg 320w\" sizes=\"auto, (max-width: 650px) 100vw, 650px\" \/><\/p>\n<p>&nbsp;<\/p>\n<p>Les larmes ne sont pas venues tout de suite, la peur non plus. Ce que j&#8217;ai ressenti dans cet instant a \u00e9t\u00e9 du soulagement. Finalement, nous savions. Finalement, nous pouvions regarder en avant et commencer \u00e0 trouver des fa\u00e7ons d&#8217;aider notre petit bonhomme \u00e0 atteindre son plein potentiel dans la vie, quel qu&#8217;il soit. C&#8217;\u00e9tait au mois juillet 2013, Teddy avait \u00e0 peine 3 ans, le jour o\u00f9 tout \u00e0 bascul\u00e9.<\/p>\n<p>Les larmes sont venues ce soir-l\u00e0 par contre, et les jours qui ont suivis aussi. Non pas parce que la vie \u00e9tait injuste de doter un enfant si jeune d&#8217;un fardeau si lourd \u00e0 porter; non j&#8217;ai pleur\u00e9 parce que j&#8217;avais peur que le &#8220;monde&#8221; lui fasse du mal, que les gens n&#8217;aient pas le discernement de comprendre sa diff\u00e9rence et peur qu&#8217;il devienne le bouc \u00e9missaire d&#8217;enfants et \u00e9ventuellement d&#8217;adultes aux prises avec des jugements et des concepts de comment il &#8220;faut&#8221; agir ou se comporter en groupe et en soci\u00e9t\u00e9.<\/p>\n<p>Les jours ont pass\u00e9s, le soleil a continu\u00e9 de se lever chaque matin, mon mari et moi nous sommes beaucoup parl\u00e9s et puis j&#8217;ai observ\u00e9 notre fils. Je l&#8217;ai regard\u00e9 des heures de temps: contempler les rayons de soleil qui touchaient le bout de ses petites mains potel\u00e9es, stationner ses petites automobiles le long de notre foyer, tournoyer sur lui-m\u00eame \u00e0 s&#8217;en \u00e9tourdir, ou faire voler tout pr\u00e8s de ses yeux son &#8220;Big Jet&#8221; ador\u00e9 et j&#8217;ai compris&#8230;<\/p>\n<p>&nbsp;<\/p>\n<p><img loading=\"lazy\" decoding=\"async\" class=\"aligncenter size-full wp-image-11222\" alt=\"teddy-2-ans\" src=\"http:\/\/blog.damasketdentelle.com\/wp-content\/uploads\/teddy-2-ans.jpg\" width=\"650\" height=\"433\" srcset=\"https:\/\/blog.damasketdentelle.com\/wp-content\/uploads\/teddy-2-ans.jpg 650w, https:\/\/blog.damasketdentelle.com\/wp-content\/uploads\/teddy-2-ans-450x300.jpg 450w\" sizes=\"auto, (max-width: 650px) 100vw, 650px\" \/><\/p>\n<h3><\/h3>\n<h3>Un cadeau<\/h3>\n<p>Le 12 mars 2010, apr\u00e8s un accouchement rocambolesque de moins d&#8217;une heure, mon petit gar\u00e7on de 9.5 livres, tout bleu parce qu&#8217;il avait son cordon enroul\u00e9 3 fois autour du cou est n\u00e9. Ce jour l\u00e0, la vie nous a fait le plus beau cadeau du monde&#8230; <em>celui de la diff\u00e9rence<\/em>.<\/p>\n<p>&nbsp;<\/p>\n<p><img loading=\"lazy\" decoding=\"async\" class=\"aligncenter  wp-image-11221\" alt=\"bebe-teddy\" src=\"http:\/\/blog.damasketdentelle.com\/wp-content\/uploads\/bebe-teddy.jpg\" width=\"520\" height=\"694\" srcset=\"https:\/\/blog.damasketdentelle.com\/wp-content\/uploads\/bebe-teddy.jpg 650w, https:\/\/blog.damasketdentelle.com\/wp-content\/uploads\/bebe-teddy-337x450.jpg 337w\" sizes=\"auto, (max-width: 520px) 100vw, 520px\" \/><\/p>\n<p>&nbsp;<\/p>\n<p>D\u00e8s ses premiers jours nous savions qu&#8217;il \u00e9tait &#8220;sp\u00e9cial&#8221;.\u00a0Il ne pleurait presque pas. Il pouvait demeurer dans son petit lit, les yeux grands ouverts, des heures de temps sans pleurer \u00e0 contempler le plafond et les jeux de lumi\u00e8res sur les murs de sa petite chambre. Les \u00e9tapes d&#8217;apprentissage conventionnelles des enfants \u00e9taient un concept plus flou pour Teddy, mais on nous rassurait en nous disant: &#8220;c&#8217;est un gar\u00e7on, c&#8217;est plus long pour un petit gar\u00e7on&#8221;.<\/p>\n<p>Pourtant, qu&#8217;importe ses lacunes importantes au niveau de la motricit\u00e9 ou de son langage, Teddy d\u00e9gageait la s\u00e9r\u00e9nit\u00e9 et le bonheur. Peu attir\u00e9 par les jouets commerciaux et les babioles bruyantes, il s&#8217;est attach\u00e9 \u00e0 un vieil avion de m\u00e9tal des ann\u00e9es &#8217;50 que je lui ai d\u00e9nich\u00e9 en brocante et &#8220;Big Jet&#8221; et lui sont devenus ins\u00e9parables. Il fallait lui extirper des mains pour l&#8217;habiller ou lui faire prendre un bain, le retirer de sous son petit corps endormi la nuit et le cacher dans son casier pour qu&#8217;il accepte d&#8217;aller \u00e0 la garderie.<\/p>\n<p>&nbsp;<\/p>\n<p><img loading=\"lazy\" decoding=\"async\" class=\"aligncenter size-full wp-image-11223\" alt=\"teddy-3-ans\" src=\"http:\/\/blog.damasketdentelle.com\/wp-content\/uploads\/teddy-3-ans.jpg\" width=\"650\" height=\"650\" srcset=\"https:\/\/blog.damasketdentelle.com\/wp-content\/uploads\/teddy-3-ans.jpg 650w, https:\/\/blog.damasketdentelle.com\/wp-content\/uploads\/teddy-3-ans-150x150.jpg 150w, https:\/\/blog.damasketdentelle.com\/wp-content\/uploads\/teddy-3-ans-450x450.jpg 450w, https:\/\/blog.damasketdentelle.com\/wp-content\/uploads\/teddy-3-ans-320x320.jpg 320w\" sizes=\"auto, (max-width: 650px) 100vw, 650px\" \/><\/p>\n<h3><\/h3>\n<h3>Et aujourd&#8217;hui, le 2 avril<\/h3>\n<p>Et bien aujourd&#8217;hui, notre petit loup a 4 ans, il parle en anglais (une rigidit\u00e9 linguistique parfois observ\u00e9e chez les enfants autistes) avec un ajout lib\u00e9ral de mots que seul Teddy comprend, il joue et s&#8217;amuse, il d\u00e9couvre la musique \u00e0 travers la th\u00e9rapie et il est s&#8217;\u00e9panoui un peu plus chaque jour. Je sais que le fait qu&#8217;il soit <em>diff\u00e9rent<\/em>\u00a0ne rendra pas facile son parcours de vie, du moins aux yeux des standards de normalit\u00e9 de la soci\u00e9t\u00e9, mais \u00e0 ses yeux et dans son univers \u00e0 lui, la vie est multicolore et pleine de musique et de possibilit\u00e9s.<\/p>\n<p>En ce 2 avril, <a href=\"http:\/\/www.journee-mondiale.com\/88\/journee-mondiale-de-sensibilisation-a-l-autisme.htm\" target=\"_blank\" rel=\"noopener noreferrer\">journ\u00e9e mondiale de la sensibilisation \u00e0 l&#8217;autisme<\/a>, je vous partage l&#8217;histoire de notre Teddy car si un jour vous avez l&#8217;immense plaisir de le croiser, je souhaite que tous puissiez remarquer que ce qui le rend diff\u00e9rent est une qualit\u00e9 plut\u00f4t que quelque chose qu&#8217;il faille &#8220;casser&#8221; par soucis de convenance et par d\u00e9sir de cocher les cases \u00e9tablies par les chartes de la soci\u00e9t\u00e9.<\/p>\n<p>Aujourd&#8217;hui, je suis fi\u00e8rement habill\u00e9e de bleu et j&#8217;ouvre grand les yeux et mon coeur aux gens autour de moi qui sont aussi diff\u00e9rents, car je sais qu&#8217;en chacun d&#8217;eux j&#8217;y d\u00e9couvrirai un immense cadeau.<\/p>\n<p>xoxo<\/p>\n<p>v.<\/p>\n<p>&nbsp;<\/p>\n<h3>\u00c0 lire:<\/h3>\n<p><a href=\"http:\/\/www.amazon.ca\/gp\/product\/0307362795\/ref=as_li_tf_tl?ie=UTF8&amp;camp=15121&amp;creative=330641&amp;creativeASIN=0307362795&amp;linkCode=as2&amp;tag=damden-20\">The Spark: A Mother&#8217;s Story of Nurturing Genius<\/a><img loading=\"lazy\" decoding=\"async\" style=\"border: none !important; margin: 0px !important;\" alt=\"\" src=\"http:\/\/ir-ca.amazon-adsystem.com\/e\/ir?t=damden-20&amp;l=as2&amp;o=15&amp;a=0307362795\" width=\"1\" height=\"1\" border=\"0\" \/><\/p>\n<p><a href=\"http:\/\/www.amazon.ca\/gp\/product\/1416549013\/ref=as_li_tf_tl?ie=UTF8&amp;camp=15121&amp;creative=330641&amp;creativeASIN=1416549013&amp;linkCode=as2&amp;tag=damden-20\">Born on a Blue Day: Inside the Extraordinary Mind of an Autistic Savant<\/a><img loading=\"lazy\" decoding=\"async\" style=\"border: none !important; margin: 0px !important;\" alt=\"\" src=\"http:\/\/ir-ca.amazon-adsystem.com\/e\/ir?t=damden-20&amp;l=as2&amp;o=15&amp;a=1416549013\" width=\"1\" height=\"1\" border=\"0\" \/><\/p>\n<p><a href=\"http:\/\/www.amazon.ca\/gp\/product\/1592334725\/ref=as_li_tf_tl?ie=UTF8&amp;camp=15121&amp;creative=330641&amp;creativeASIN=1592334725&amp;linkCode=as2&amp;tag=damden-20\">The Kid-Friendly ADHD &amp; Autism Cookbook, Updated and Revised: The Ultimate Guide to the Gluten-Free, Casein-Free Diet<\/a><img loading=\"lazy\" decoding=\"async\" style=\"border: none !important; margin: 0px !important;\" alt=\"\" src=\"http:\/\/ir-ca.amazon-adsystem.com\/e\/ir?t=damden-20&amp;l=as2&amp;o=15&amp;a=1592334725\" width=\"1\" height=\"1\" border=\"0\" \/><\/p>\n<p><a href=\"http:\/\/agir-vivre-autisme.org\/wp-content\/uploads\/Enfants_autistes_dix_choses_a_savoir.pdf\" target=\"_blank\" rel=\"noopener noreferrer\">10 choses que les enfants autistes aimeraient que vous sachiez<\/a><\/p>\n<p>Hausse fulgurante de cas d&#8217;autisme au Qu\u00e9bec: <a href=\"http:\/\/www.lapresse.ca\/actualites\/sante\/201401\/05\/01-4725812-hausse-fulgurante-des-cas-dautisme-au-quebec.php\" target=\"_blank\" rel=\"noopener noreferrer\">La Presse, 6 janvier 2014<\/a><\/p>\n<p>Du nouveau sur l&#8217;autisme: <a href=\"http:\/\/www.yoopa.ca\/psychologie\/article\/de-nouvelles-informations-sur-lautisme\" target=\"_blank\" rel=\"noopener noreferrer\">Yooppa<\/a><\/p>\n<p>&nbsp;<\/p>\n<h3>\u00c0 regarder:<\/h3>\n<p><a href=\"http:\/\/www.youtube.com\/watch?v=Uq-FOOQ1TpE\" target=\"_blank\" rel=\"noopener noreferrer\">TED Talk: Jacob Barnett<\/a><\/p>\n<p><a href=\"http:\/\/www.ted.com\/talks\/temple_grandin_the_world_needs_all_kinds_of_minds\" target=\"_blank\" rel=\"noopener noreferrer\">TED Talk: Temple Grandin<\/a><\/p>\n<p>&nbsp;<\/p>\n<h3>Ressources:<\/h3>\n<p><a href=\"http:\/\/fr.autismspeaks.ca\" target=\"_blank\" rel=\"noopener noreferrer\">Autism Speaks Canada<\/a><\/p>\n<p><a href=\"www.autismsocietycanada.ca\/\" target=\"_blank\" rel=\"noopener noreferrer\">Soci\u00e9t\u00e9 Canadienne de l&#8217;Autisme<\/a><\/p>\n<p><a href=\"http:\/\/www.autisme.qc.ca\/TSA\/lautisme-en-chiffres.html\" target=\"_blank\" rel=\"noopener noreferrer\">F\u00e9d\u00e9ration Qu\u00e9b\u00e9coise de l&#8217;Autisme<\/a><\/p>\n<p><a href=\"http:\/\/www.autisme-montreal.com\/home.php?page=48.1\" target=\"_blank\" rel=\"noopener noreferrer\">Autisme Montr\u00e9al<\/a><\/p>\n<p><a href=\"http:\/\/cenopfl.com\" target=\"_blank\" rel=\"noopener noreferrer\">C\u00e9nop<\/a><\/p>\n<p><a href=\"http:\/\/www.westmountmusictherapy.com\" target=\"_blank\" rel=\"noopener noreferrer\">Westmount Music Therapy<\/a><\/p>\n<p><a href=\"http:\/\/www.goldlearningcentre.com\" target=\"_blank\" rel=\"noopener noreferrer\">Gold Center<\/a><\/p>\n<p>&nbsp;<\/p>\n<p><img loading=\"lazy\" decoding=\"async\" class=\"aligncenter size-full wp-image-11225\" alt=\"teddy-poissons\" src=\"http:\/\/blog.damasketdentelle.com\/wp-content\/uploads\/teddy-poissons.jpg\" width=\"650\" height=\"650\" srcset=\"https:\/\/blog.damasketdentelle.com\/wp-content\/uploads\/teddy-poissons.jpg 650w, https:\/\/blog.damasketdentelle.com\/wp-content\/uploads\/teddy-poissons-150x150.jpg 150w, https:\/\/blog.damasketdentelle.com\/wp-content\/uploads\/teddy-poissons-450x450.jpg 450w, https:\/\/blog.damasketdentelle.com\/wp-content\/uploads\/teddy-poissons-320x320.jpg 320w\" sizes=\"auto, (max-width: 650px) 100vw, 650px\" \/><\/p>\n<p style=\"text-align: center;\">\n","protected":false},"excerpt":{"rendered":"<p>&nbsp; J&#8217;ai r\u00eav\u00e9 \u00e0 comment je r\u00e9agirais le jour o\u00f9 j&#8217;apprendrais le diagnostic. J&#8217;ai sc\u00e9naris\u00e9 100 fois ce moment fatidique. Je me sentais pr\u00eate \u00e0 toute \u00e9ventualit\u00e9. Ensuite les mots de la docteure ont retentis dans mes oreilles: &#8220;Mme Sicotte, M. Plourde, votre fils Teddy est autiste&#8221;&#8230; \u00a0 &nbsp; Les larmes ne sont pas venues&#8230;<\/p>\n<p><a class=\"more-link\" href=\"https:\/\/damasketdentelle.com\/index.php\/2014\/04\/le-jour-ou-tout-bascule\/\">Read More<\/a><\/p>","protected":false},"author":1,"featured_media":0,"comment_status":"open","ping_status":"open","sticky":false,"template":"","format":"standard","meta":{"_genesis_hide_title":false,"_genesis_hide_breadcrumbs":false,"_genesis_hide_singular_image":false,"_genesis_hide_footer_widgets":false,"_genesis_custom_body_class":"","_genesis_custom_post_class":"","_genesis_layout":"","footnotes":""},"categories":[75],"tags":[4312,4314,3490,1427,1452,4310,2236,4315,3457,4311,924,3489,4316,4313,230,1428,1252,1453,1451],"class_list":{"0":"post-11217","1":"post","2":"type-post","3":"status-publish","4":"format-standard","6":"category-tranche-de-vie","7":"tag-amenagement","8":"tag-apartment-therapy","9":"tag-astuces-deco","10":"tag-autism-awareness","11":"tag-autisme-quebec","12":"tag-boutiques-de-deco","13":"tag-deco-montreal","14":"tag-deco-therapie","15":"tag-decoration-quebec","16":"tag-decorer-a-petits-prix","17":"tag-house-beautiful","18":"tag-idees-deco","19":"tag-idees-pour-la-maison","20":"tag-lonny","21":"tag-rue-magazine","22":"tag-sensibilisation-a-lautisme","23":"tag-teddys-treehouse","24":"tag-temoignage-dune-maman-dun-enfant-autiste","25":"tag-vivre-avec-lautisme","26":"entry","27":"has-post-thumbnail"},"yoast_head":"<!-- This site is optimized with the Yoast SEO plugin v27.4 - https:\/\/yoast.com\/product\/yoast-seo-wordpress\/ -->\n<title>Le jour o\u00f9 tout a bascul\u00e9 - Blog de Damask et Dentelle<\/title>\n<meta name=\"description\" content=\"Je me sentais pr\u00eate \u00e0 toute \u00e9ventualit\u00e9. Ensuite les mots de la docteure ont retentis dans mes oreilles: &quot;Mme Sicotte, votre fils Teddy est autiste&quot;...\" \/>\n<meta name=\"robots\" content=\"index, follow, max-snippet:-1, max-image-preview:large, max-video-preview:-1\" \/>\n<link rel=\"canonical\" href=\"https:\/\/damasketdentelle.com\/index.php\/2014\/04\/le-jour-ou-tout-bascule\/\" \/>\n<meta property=\"og:locale\" content=\"en_US\" \/>\n<meta property=\"og:type\" content=\"article\" \/>\n<meta property=\"og:title\" content=\"Le jour o\u00f9 tout a bascul\u00e9 - Blog de Damask et Dentelle\" \/>\n<meta property=\"og:description\" content=\"Je me sentais pr\u00eate \u00e0 toute \u00e9ventualit\u00e9. Ensuite les mots de la docteure ont retentis dans mes oreilles: &quot;Mme Sicotte, votre fils Teddy est autiste&quot;...\" \/>\n<meta property=\"og:url\" content=\"https:\/\/damasketdentelle.com\/index.php\/2014\/04\/le-jour-ou-tout-bascule\/\" \/>\n<meta property=\"og:site_name\" content=\"Damask &amp; Dentelle\" \/>\n<meta property=\"article:publisher\" content=\"https:\/\/www.facebook.com\/damasketdentelle\" \/>\n<meta property=\"article:published_time\" content=\"2014-04-02T10:08:54+00:00\" \/>\n<meta property=\"article:modified_time\" content=\"2020-07-30T17:30:45+00:00\" \/>\n<meta property=\"og:image\" content=\"http:\/\/blog.damasketdentelle.com\/wp-content\/uploads\/teddy-dodo.jpg\" \/>\n<meta name=\"author\" content=\"Vanessa Sicotte\" \/>\n<meta name=\"twitter:label1\" content=\"Written by\" \/>\n\t<meta name=\"twitter:data1\" content=\"Vanessa Sicotte\" \/>\n\t<meta name=\"twitter:label2\" content=\"Est. reading time\" \/>\n\t<meta name=\"twitter:data2\" content=\"4 minutes\" \/>\n<script type=\"application\/ld+json\" class=\"yoast-schema-graph\">{\"@context\":\"https:\\\/\\\/schema.org\",\"@graph\":[{\"@type\":\"Article\",\"@id\":\"https:\\\/\\\/damasketdentelle.com\\\/index.php\\\/2014\\\/04\\\/le-jour-ou-tout-bascule\\\/#article\",\"isPartOf\":{\"@id\":\"https:\\\/\\\/damasketdentelle.com\\\/index.php\\\/2014\\\/04\\\/le-jour-ou-tout-bascule\\\/\"},\"author\":{\"name\":\"Vanessa Sicotte\",\"@id\":\"https:\\\/\\\/damasketdentelle.com\\\/#\\\/schema\\\/person\\\/ab66dcd0f6a0e1954b4a4aaac173acee\"},\"headline\":\"Le jour o\u00f9 tout a bascul\u00e9\",\"datePublished\":\"2014-04-02T10:08:54+00:00\",\"dateModified\":\"2020-07-30T17:30:45+00:00\",\"mainEntityOfPage\":{\"@id\":\"https:\\\/\\\/damasketdentelle.com\\\/index.php\\\/2014\\\/04\\\/le-jour-ou-tout-bascule\\\/\"},\"wordCount\":860,\"commentCount\":20,\"image\":{\"@id\":\"https:\\\/\\\/damasketdentelle.com\\\/index.php\\\/2014\\\/04\\\/le-jour-ou-tout-bascule\\\/#primaryimage\"},\"thumbnailUrl\":\"http:\\\/\\\/blog.damasketdentelle.com\\\/wp-content\\\/uploads\\\/teddy-dodo.jpg\",\"keywords\":[\"am\u00e9nagement\",\"Apartment Therapy\",\"astuces d\u00e9co\",\"Autism Awareness\",\"Autisme Qu\u00e9bec\",\"boutiques de d\u00e9co\",\"D\u00e9co Montr\u00e9al\",\"D\u00e9co Th\u00e9rapie\",\"D\u00e9coration Qu\u00e9bec\",\"d\u00e9corer \u00e0 petits prix\",\"House Beautiful\",\"id\u00e9es d\u00e9co\",\"Id\u00e9es pour la maison\",\"Lonny\",\"Rue Magazine\",\"Sensibilisation \u00e0 l'autisme\",\"Teddy's Treehouse\",\"T\u00e9moignage d'une maman d'un enfant autiste\",\"vivre avec l'autisme\"],\"articleSection\":[\"Tranche de vie\"],\"inLanguage\":\"en-US\",\"potentialAction\":[{\"@type\":\"CommentAction\",\"name\":\"Comment\",\"target\":[\"https:\\\/\\\/damasketdentelle.com\\\/index.php\\\/2014\\\/04\\\/le-jour-ou-tout-bascule\\\/#respond\"]}]},{\"@type\":\"WebPage\",\"@id\":\"https:\\\/\\\/damasketdentelle.com\\\/index.php\\\/2014\\\/04\\\/le-jour-ou-tout-bascule\\\/\",\"url\":\"https:\\\/\\\/damasketdentelle.com\\\/index.php\\\/2014\\\/04\\\/le-jour-ou-tout-bascule\\\/\",\"name\":\"Le jour o\u00f9 tout a bascul\u00e9 - Blog de Damask et Dentelle\",\"isPartOf\":{\"@id\":\"https:\\\/\\\/damasketdentelle.com\\\/#website\"},\"primaryImageOfPage\":{\"@id\":\"https:\\\/\\\/damasketdentelle.com\\\/index.php\\\/2014\\\/04\\\/le-jour-ou-tout-bascule\\\/#primaryimage\"},\"image\":{\"@id\":\"https:\\\/\\\/damasketdentelle.com\\\/index.php\\\/2014\\\/04\\\/le-jour-ou-tout-bascule\\\/#primaryimage\"},\"thumbnailUrl\":\"http:\\\/\\\/blog.damasketdentelle.com\\\/wp-content\\\/uploads\\\/teddy-dodo.jpg\",\"datePublished\":\"2014-04-02T10:08:54+00:00\",\"dateModified\":\"2020-07-30T17:30:45+00:00\",\"author\":{\"@id\":\"https:\\\/\\\/damasketdentelle.com\\\/#\\\/schema\\\/person\\\/ab66dcd0f6a0e1954b4a4aaac173acee\"},\"description\":\"Je me sentais pr\u00eate \u00e0 toute \u00e9ventualit\u00e9. Ensuite les mots de la docteure ont retentis dans mes oreilles: \\\"Mme Sicotte, votre fils Teddy est autiste\\\"...\",\"breadcrumb\":{\"@id\":\"https:\\\/\\\/damasketdentelle.com\\\/index.php\\\/2014\\\/04\\\/le-jour-ou-tout-bascule\\\/#breadcrumb\"},\"inLanguage\":\"en-US\",\"potentialAction\":[{\"@type\":\"ReadAction\",\"target\":[\"https:\\\/\\\/damasketdentelle.com\\\/index.php\\\/2014\\\/04\\\/le-jour-ou-tout-bascule\\\/\"]}]},{\"@type\":\"ImageObject\",\"inLanguage\":\"en-US\",\"@id\":\"https:\\\/\\\/damasketdentelle.com\\\/index.php\\\/2014\\\/04\\\/le-jour-ou-tout-bascule\\\/#primaryimage\",\"url\":\"http:\\\/\\\/blog.damasketdentelle.com\\\/wp-content\\\/uploads\\\/teddy-dodo.jpg\",\"contentUrl\":\"http:\\\/\\\/blog.damasketdentelle.com\\\/wp-content\\\/uploads\\\/teddy-dodo.jpg\"},{\"@type\":\"BreadcrumbList\",\"@id\":\"https:\\\/\\\/damasketdentelle.com\\\/index.php\\\/2014\\\/04\\\/le-jour-ou-tout-bascule\\\/#breadcrumb\",\"itemListElement\":[{\"@type\":\"ListItem\",\"position\":1,\"name\":\"Home\",\"item\":\"https:\\\/\\\/damasketdentelle.com\\\/\"},{\"@type\":\"ListItem\",\"position\":2,\"name\":\"Le jour o\u00f9 tout a bascul\u00e9\"}]},{\"@type\":\"WebSite\",\"@id\":\"https:\\\/\\\/damasketdentelle.com\\\/#website\",\"url\":\"https:\\\/\\\/damasketdentelle.com\\\/\",\"name\":\"Damask &amp; Dentelle\",\"description\":\"Storytelling, Design and urban manifestos\",\"potentialAction\":[{\"@type\":\"SearchAction\",\"target\":{\"@type\":\"EntryPoint\",\"urlTemplate\":\"https:\\\/\\\/damasketdentelle.com\\\/?s={search_term_string}\"},\"query-input\":{\"@type\":\"PropertyValueSpecification\",\"valueRequired\":true,\"valueName\":\"search_term_string\"}}],\"inLanguage\":\"en-US\"},{\"@type\":\"Person\",\"@id\":\"https:\\\/\\\/damasketdentelle.com\\\/#\\\/schema\\\/person\\\/ab66dcd0f6a0e1954b4a4aaac173acee\",\"name\":\"Vanessa Sicotte\",\"image\":{\"@type\":\"ImageObject\",\"inLanguage\":\"en-US\",\"@id\":\"https:\\\/\\\/secure.gravatar.com\\\/avatar\\\/7710c0e6cd087dff617e494d4e51105fae871a738d48c9031273d8920420be5b?s=96&d=mm&r=g\",\"url\":\"https:\\\/\\\/secure.gravatar.com\\\/avatar\\\/7710c0e6cd087dff617e494d4e51105fae871a738d48c9031273d8920420be5b?s=96&d=mm&r=g\",\"contentUrl\":\"https:\\\/\\\/secure.gravatar.com\\\/avatar\\\/7710c0e6cd087dff617e494d4e51105fae871a738d48c9031273d8920420be5b?s=96&d=mm&r=g\",\"caption\":\"Vanessa Sicotte\"},\"sameAs\":[\"https:\\\/\\\/blog.damasketdentelle.com\\\/wp-login.php\"],\"url\":\"https:\\\/\\\/damasketdentelle.com\\\/index.php\\\/author\\\/vanessa\\\/\"}]}<\/script>\n<!-- \/ Yoast SEO plugin. -->","yoast_head_json":{"title":"Le jour o\u00f9 tout a bascul\u00e9 - Blog de Damask et Dentelle","description":"Je me sentais pr\u00eate \u00e0 toute \u00e9ventualit\u00e9. Ensuite les mots de la docteure ont retentis dans mes oreilles: \"Mme Sicotte, votre fils Teddy est autiste\"...","robots":{"index":"index","follow":"follow","max-snippet":"max-snippet:-1","max-image-preview":"max-image-preview:large","max-video-preview":"max-video-preview:-1"},"canonical":"https:\/\/damasketdentelle.com\/index.php\/2014\/04\/le-jour-ou-tout-bascule\/","og_locale":"en_US","og_type":"article","og_title":"Le jour o\u00f9 tout a bascul\u00e9 - Blog de Damask et Dentelle","og_description":"Je me sentais pr\u00eate \u00e0 toute \u00e9ventualit\u00e9. Ensuite les mots de la docteure ont retentis dans mes oreilles: \"Mme Sicotte, votre fils Teddy est autiste\"...","og_url":"https:\/\/damasketdentelle.com\/index.php\/2014\/04\/le-jour-ou-tout-bascule\/","og_site_name":"Damask &amp; Dentelle","article_publisher":"https:\/\/www.facebook.com\/damasketdentelle","article_published_time":"2014-04-02T10:08:54+00:00","article_modified_time":"2020-07-30T17:30:45+00:00","og_image":[{"url":"http:\/\/blog.damasketdentelle.com\/wp-content\/uploads\/teddy-dodo.jpg","type":"","width":"","height":""}],"author":"Vanessa Sicotte","twitter_misc":{"Written by":"Vanessa Sicotte","Est. reading time":"4 minutes"},"schema":{"@context":"https:\/\/schema.org","@graph":[{"@type":"Article","@id":"https:\/\/damasketdentelle.com\/index.php\/2014\/04\/le-jour-ou-tout-bascule\/#article","isPartOf":{"@id":"https:\/\/damasketdentelle.com\/index.php\/2014\/04\/le-jour-ou-tout-bascule\/"},"author":{"name":"Vanessa Sicotte","@id":"https:\/\/damasketdentelle.com\/#\/schema\/person\/ab66dcd0f6a0e1954b4a4aaac173acee"},"headline":"Le jour o\u00f9 tout a bascul\u00e9","datePublished":"2014-04-02T10:08:54+00:00","dateModified":"2020-07-30T17:30:45+00:00","mainEntityOfPage":{"@id":"https:\/\/damasketdentelle.com\/index.php\/2014\/04\/le-jour-ou-tout-bascule\/"},"wordCount":860,"commentCount":20,"image":{"@id":"https:\/\/damasketdentelle.com\/index.php\/2014\/04\/le-jour-ou-tout-bascule\/#primaryimage"},"thumbnailUrl":"http:\/\/blog.damasketdentelle.com\/wp-content\/uploads\/teddy-dodo.jpg","keywords":["am\u00e9nagement","Apartment Therapy","astuces d\u00e9co","Autism Awareness","Autisme Qu\u00e9bec","boutiques de d\u00e9co","D\u00e9co Montr\u00e9al","D\u00e9co Th\u00e9rapie","D\u00e9coration Qu\u00e9bec","d\u00e9corer \u00e0 petits prix","House Beautiful","id\u00e9es d\u00e9co","Id\u00e9es pour la maison","Lonny","Rue Magazine","Sensibilisation \u00e0 l'autisme","Teddy's Treehouse","T\u00e9moignage d'une maman d'un enfant autiste","vivre avec l'autisme"],"articleSection":["Tranche de vie"],"inLanguage":"en-US","potentialAction":[{"@type":"CommentAction","name":"Comment","target":["https:\/\/damasketdentelle.com\/index.php\/2014\/04\/le-jour-ou-tout-bascule\/#respond"]}]},{"@type":"WebPage","@id":"https:\/\/damasketdentelle.com\/index.php\/2014\/04\/le-jour-ou-tout-bascule\/","url":"https:\/\/damasketdentelle.com\/index.php\/2014\/04\/le-jour-ou-tout-bascule\/","name":"Le jour o\u00f9 tout a bascul\u00e9 - Blog de Damask et Dentelle","isPartOf":{"@id":"https:\/\/damasketdentelle.com\/#website"},"primaryImageOfPage":{"@id":"https:\/\/damasketdentelle.com\/index.php\/2014\/04\/le-jour-ou-tout-bascule\/#primaryimage"},"image":{"@id":"https:\/\/damasketdentelle.com\/index.php\/2014\/04\/le-jour-ou-tout-bascule\/#primaryimage"},"thumbnailUrl":"http:\/\/blog.damasketdentelle.com\/wp-content\/uploads\/teddy-dodo.jpg","datePublished":"2014-04-02T10:08:54+00:00","dateModified":"2020-07-30T17:30:45+00:00","author":{"@id":"https:\/\/damasketdentelle.com\/#\/schema\/person\/ab66dcd0f6a0e1954b4a4aaac173acee"},"description":"Je me sentais pr\u00eate \u00e0 toute \u00e9ventualit\u00e9. Ensuite les mots de la docteure ont retentis dans mes oreilles: \"Mme Sicotte, votre fils Teddy est autiste\"...","breadcrumb":{"@id":"https:\/\/damasketdentelle.com\/index.php\/2014\/04\/le-jour-ou-tout-bascule\/#breadcrumb"},"inLanguage":"en-US","potentialAction":[{"@type":"ReadAction","target":["https:\/\/damasketdentelle.com\/index.php\/2014\/04\/le-jour-ou-tout-bascule\/"]}]},{"@type":"ImageObject","inLanguage":"en-US","@id":"https:\/\/damasketdentelle.com\/index.php\/2014\/04\/le-jour-ou-tout-bascule\/#primaryimage","url":"http:\/\/blog.damasketdentelle.com\/wp-content\/uploads\/teddy-dodo.jpg","contentUrl":"http:\/\/blog.damasketdentelle.com\/wp-content\/uploads\/teddy-dodo.jpg"},{"@type":"BreadcrumbList","@id":"https:\/\/damasketdentelle.com\/index.php\/2014\/04\/le-jour-ou-tout-bascule\/#breadcrumb","itemListElement":[{"@type":"ListItem","position":1,"name":"Home","item":"https:\/\/damasketdentelle.com\/"},{"@type":"ListItem","position":2,"name":"Le jour o\u00f9 tout a bascul\u00e9"}]},{"@type":"WebSite","@id":"https:\/\/damasketdentelle.com\/#website","url":"https:\/\/damasketdentelle.com\/","name":"Damask &amp; Dentelle","description":"Storytelling, Design and urban manifestos","potentialAction":[{"@type":"SearchAction","target":{"@type":"EntryPoint","urlTemplate":"https:\/\/damasketdentelle.com\/?s={search_term_string}"},"query-input":{"@type":"PropertyValueSpecification","valueRequired":true,"valueName":"search_term_string"}}],"inLanguage":"en-US"},{"@type":"Person","@id":"https:\/\/damasketdentelle.com\/#\/schema\/person\/ab66dcd0f6a0e1954b4a4aaac173acee","name":"Vanessa Sicotte","image":{"@type":"ImageObject","inLanguage":"en-US","@id":"https:\/\/secure.gravatar.com\/avatar\/7710c0e6cd087dff617e494d4e51105fae871a738d48c9031273d8920420be5b?s=96&d=mm&r=g","url":"https:\/\/secure.gravatar.com\/avatar\/7710c0e6cd087dff617e494d4e51105fae871a738d48c9031273d8920420be5b?s=96&d=mm&r=g","contentUrl":"https:\/\/secure.gravatar.com\/avatar\/7710c0e6cd087dff617e494d4e51105fae871a738d48c9031273d8920420be5b?s=96&d=mm&r=g","caption":"Vanessa Sicotte"},"sameAs":["https:\/\/blog.damasketdentelle.com\/wp-login.php"],"url":"https:\/\/damasketdentelle.com\/index.php\/author\/vanessa\/"}]}},"_links":{"self":[{"href":"https:\/\/damasketdentelle.com\/index.php\/wp-json\/wp\/v2\/posts\/11217","targetHints":{"allow":["GET"]}}],"collection":[{"href":"https:\/\/damasketdentelle.com\/index.php\/wp-json\/wp\/v2\/posts"}],"about":[{"href":"https:\/\/damasketdentelle.com\/index.php\/wp-json\/wp\/v2\/types\/post"}],"author":[{"embeddable":true,"href":"https:\/\/damasketdentelle.com\/index.php\/wp-json\/wp\/v2\/users\/1"}],"replies":[{"embeddable":true,"href":"https:\/\/damasketdentelle.com\/index.php\/wp-json\/wp\/v2\/comments?post=11217"}],"version-history":[{"count":20,"href":"https:\/\/damasketdentelle.com\/index.php\/wp-json\/wp\/v2\/posts\/11217\/revisions"}],"predecessor-version":[{"id":26698,"href":"https:\/\/damasketdentelle.com\/index.php\/wp-json\/wp\/v2\/posts\/11217\/revisions\/26698"}],"wp:attachment":[{"href":"https:\/\/damasketdentelle.com\/index.php\/wp-json\/wp\/v2\/media?parent=11217"}],"wp:term":[{"taxonomy":"category","embeddable":true,"href":"https:\/\/damasketdentelle.com\/index.php\/wp-json\/wp\/v2\/categories?post=11217"},{"taxonomy":"post_tag","embeddable":true,"href":"https:\/\/damasketdentelle.com\/index.php\/wp-json\/wp\/v2\/tags?post=11217"}],"curies":[{"name":"wp","href":"https:\/\/api.w.org\/{rel}","templated":true}]}}