{"id":12899,"date":"2014-09-18T06:35:35","date_gmt":"2014-09-18T10:35:35","guid":{"rendered":"http:\/\/blog.damasketdentelle.com\/?p=12899"},"modified":"2020-07-30T13:28:39","modified_gmt":"2020-07-30T17:28:39","slug":"une-cabane-dans-les-arbres","status":"publish","type":"post","link":"https:\/\/damasketdentelle.com\/index.php\/2014\/09\/une-cabane-dans-les-arbres\/","title":{"rendered":"Une cabane dans les arbres"},"content":{"rendered":"<p>&nbsp;<\/p>\n<p>J&#8217;ai tellement aim\u00e9 faire cette \u00e9mission en compagnie de V\u00e9ronique et Jonathan et surtout de d\u00e9couvrir leur belle campagne! C&#8217;est que vous savez, je suis une <em>vraie de vraie<\/em> fille de ville (ouais&#8230; je sais!). C&#8217;est donc cette nature, et le plafond mansard\u00e9 de leur chambre \u00e0 coucher, qui m&#8217;a inspir\u00e9e un look <strong>cabane dans les arbres<\/strong>.<\/p>\n<p><img loading=\"lazy\" decoding=\"async\" class=\"aligncenter size-large wp-image-12903\" src=\"http:\/\/blog.damasketdentelle.com\/wp-content\/uploads\/treehouse_bedroom_slm_saison3-695x531.jpg\" alt=\"treehouse_bedroom_slm_saison3\" width=\"695\" height=\"531\" srcset=\"https:\/\/blog.damasketdentelle.com\/wp-content\/uploads\/treehouse_bedroom_slm_saison3-695x531.jpg 695w, https:\/\/blog.damasketdentelle.com\/wp-content\/uploads\/treehouse_bedroom_slm_saison3-450x344.jpg 450w, https:\/\/blog.damasketdentelle.com\/wp-content\/uploads\/treehouse_bedroom_slm_saison3-768x587.jpg 768w, https:\/\/blog.damasketdentelle.com\/wp-content\/uploads\/treehouse_bedroom_slm_saison3.jpg 950w\" sizes=\"auto, (max-width: 695px) 100vw, 695px\" \/><br \/>\n&nbsp;<\/p>\n<p>Quels sont les \u00e9l\u00e9ments qui consistent \u00e0 cr\u00e9e une cabane dans les arbres?<br \/>\n&nbsp;<\/p>\n<h3><\/h3>\n<h3>Liste des essentiels d&#8217;une cabane:<\/h3>\n<p>des casiers de m\u00e9tal pour le rangement,<br \/>\nde la corde et des seaux pour hisser les essentiels \u00e0 la cabane,<br \/>\ndu bois &#8211; beaucoup de bois &#8211;<br \/>\ndes couvertures et coussins pour \u00eatre confortables lorsqu&#8217;on se raconte des histoires de peur \u00e0 la lueur d&#8217;une lampe de poche. :)<\/p>\n<p><img loading=\"lazy\" decoding=\"async\" class=\"aligncenter size-large wp-image-12904\" src=\"http:\/\/blog.damasketdentelle.com\/wp-content\/uploads\/treehouse_bedroom.2-695x511.jpg\" alt=\"treehouse_bedroom.2\" width=\"695\" height=\"511\" srcset=\"https:\/\/blog.damasketdentelle.com\/wp-content\/uploads\/treehouse_bedroom.2-695x511.jpg 695w, https:\/\/blog.damasketdentelle.com\/wp-content\/uploads\/treehouse_bedroom.2-450x331.jpg 450w, https:\/\/blog.damasketdentelle.com\/wp-content\/uploads\/treehouse_bedroom.2-768x565.jpg 768w, https:\/\/blog.damasketdentelle.com\/wp-content\/uploads\/treehouse_bedroom.2.jpg 950w\" sizes=\"auto, (max-width: 695px) 100vw, 695px\" \/><\/p>\n<p>&nbsp;<\/p>\n<p>J&#8217;ai donc int\u00e9gr\u00e9, \u00e0 ma fa\u00e7on, chacun de ces \u00e9l\u00e9ments pour cr\u00e9er un d\u00e9cor pratique pour\u00a0V\u00e9ronique et Jonathan,\u00a0mais aussi amusant et ludique pour les 2 gar\u00e7ons qui ont vite fait de visiter la chambre de leurs parents les samedis matins.<\/p>\n<p>&nbsp;<\/p>\n<p><img loading=\"lazy\" decoding=\"async\" class=\"aligncenter size-large wp-image-12902\" src=\"http:\/\/blog.damasketdentelle.com\/wp-content\/uploads\/treehouse-bedroom.3-695x1003.jpg\" alt=\"treehouse bedroom.3\" width=\"695\" height=\"1003\" \/><\/p>\n<p>&nbsp;<\/p>\n<p>Le plafond mansard\u00e9 de la chambre faisait en sorte qu&#8217;une base de lit conventionnelle faisait perdre \u00e9norm\u00e9ment d&#8217;espace \u00e0 la chambre. J&#8217;ai donc opt\u00e9 pour abaisser le matelas sur des palettes de bois, bien propres et vis\u00e9es entre elles, ce qui m&#8217;a parmis de r\u00e9cup\u00e9rer plus d&#8217;un m\u00e8tre \u00e0 la chambre en longueur!<\/p>\n<p>&nbsp;<\/p>\n<p><img loading=\"lazy\" decoding=\"async\" class=\"aligncenter size-large wp-image-12905\" src=\"http:\/\/blog.damasketdentelle.com\/wp-content\/uploads\/treehouse_bedroom-695x575.jpg\" alt=\"treehouse_bedroom\" width=\"695\" height=\"575\" \/><\/p>\n<p>&nbsp;<\/p>\n<p>\u00c0 l&#8217;oppos\u00e9e du lit j&#8217;ai cr\u00e9\u00e9 un &#8220;daybed&#8221; (lit de jour) pour les gar\u00e7ons. Un endroit tout simplement recouvert de coussins sur un matelas de camp pour leur permettre d&#8217;y faire des culbutes sans envahir le lit de papa et maman. Il faut une maman pour en comprendre une autre je suppose.<\/p>\n<p>&nbsp;<\/p>\n<p><img loading=\"lazy\" decoding=\"async\" class=\"aligncenter size-large wp-image-12906\" src=\"http:\/\/blog.damasketdentelle.com\/wp-content\/uploads\/treehouse-695x521.jpg\" alt=\"treehouse\" width=\"695\" height=\"521\" srcset=\"https:\/\/blog.damasketdentelle.com\/wp-content\/uploads\/treehouse-695x521.jpg 695w, https:\/\/blog.damasketdentelle.com\/wp-content\/uploads\/treehouse-450x338.jpg 450w, https:\/\/blog.damasketdentelle.com\/wp-content\/uploads\/treehouse-768x576.jpg 768w, https:\/\/blog.damasketdentelle.com\/wp-content\/uploads\/treehouse.jpg 1024w\" sizes=\"auto, (max-width: 695px) 100vw, 695px\" \/><\/p>\n<p>&nbsp;<\/p>\n<p>Finalement des accessoires d\u00e9co sont venus habiller la pi\u00e8ce, des petites maisons en bois de chez Buk &amp; Nola, aux gamelles de camps que Carmel a utilis\u00e9es pour y mettre de jolies fleurs jaunes.<\/p>\n<p>&nbsp;<\/p>\n<p><img loading=\"lazy\" decoding=\"async\" class=\"aligncenter size-large wp-image-12901\" src=\"http:\/\/blog.damasketdentelle.com\/wp-content\/uploads\/night_stand_diy-695x964.jpg\" alt=\"night_stand_diy\" width=\"695\" height=\"964\" srcset=\"https:\/\/blog.damasketdentelle.com\/wp-content\/uploads\/night_stand_diy-695x964.jpg 695w, https:\/\/blog.damasketdentelle.com\/wp-content\/uploads\/night_stand_diy-324x450.jpg 324w, https:\/\/blog.damasketdentelle.com\/wp-content\/uploads\/night_stand_diy-768x1065.jpg 768w, https:\/\/blog.damasketdentelle.com\/wp-content\/uploads\/night_stand_diy.jpg 950w\" sizes=\"auto, (max-width: 695px) 100vw, 695px\" \/> \u00a0 <img loading=\"lazy\" decoding=\"async\" class=\"aligncenter size-large wp-image-12900\" src=\"http:\/\/blog.damasketdentelle.com\/wp-content\/uploads\/green_dresser_makeover-695x957.jpg\" alt=\"green_dresser_makeover\" width=\"695\" height=\"957\" \/><\/p>\n<h2><\/h2>\n<h2>Liste Shopping<\/h2>\n<p>&nbsp;<\/p>\n<p>Palettes de bois comme base de lit: trouv\u00e9es<\/p>\n<p>Couverture la Baie d&#8217;Hudson: vintage<\/p>\n<p>Tables de nuit = Rondelles de bois + chaudi\u00e8res m\u00e9tal: vintage<\/p>\n<p>Petites maisons en bois au mur: <a href=\"https:\/\/boutique.buknola.com\/fr\/Produit-1395-Maison-en-bois-menthe-grande\" target=\"_blank\" rel=\"noopener noreferrer\">Buk &amp; Nola<\/a><\/p>\n<p>Miroir \u00e0 chevrons blancs et gris: <a href=\"http:\/\/www.homesense.ca\/en\/index.asp\" target=\"_blank\" rel=\"noopener noreferrer\">HomeSense<\/a><\/p>\n<p>Boules de m\u00e9tal argent, rouge et bleue: <a href=\"http:\/\/www.target.com\" target=\"_blank\" rel=\"noopener noreferrer\">Target<\/a><\/p>\n<p>Papier peint simili bois: <a href=\"http:\/\/www.homedepot.ca\/catalog\/wallpaper-wall-appliques\/172799?initid=Nav_Decor_WallpaperWallAppliques\" target=\"_blank\" rel=\"noopener noreferrer\">Home Depot<\/a><\/p>\n<p>Fleurs dans des gamelles de camp: <a href=\"http:\/\/ateliercarmel.ca\" target=\"_blank\" rel=\"noopener noreferrer\">Atelier Carmel<\/a><\/p>\n<p>&nbsp;<\/p>\n<p><img loading=\"lazy\" decoding=\"async\" class=\"alignleft\" src=\"http:\/\/muramur.ca\/wp-content\/uploads\/2013\/09\/Vanessa_NYC-139x300.jpg\" alt=\"Vanessa_NYC\" width=\"139\" height=\"300\" \/> Damask &amp; Dentelle,\u00a0votre \u00ab\u00a0little black book\u00a0\u00bb d\u00e9co avec plus de 1500 adresses de boutiques et d\u2019artisans \u00e0 travers la province pour compl\u00e9ter vos projets de d\u00e9coration!<\/p>\n<p><em>Suivez-nous sur\u00a0<a title=\"Facebook\" href=\"https:\/\/www.facebook.com\/Damask.Dentelle?v=app_2373072738\" target=\"_blank\" rel=\"noopener noreferrer\">Facebook<\/a><\/em><\/p>\n<p><em>Suivez-nous sur\u00a0<a title=\"Twitter\" href=\"http:\/\/twitter.com\/#!\/damask_dentelle\" target=\"_blank\" rel=\"noopener noreferrer\">Twitter<\/a><\/em><\/p>\n<p><em>Voyez mes coups de coeur sur\u00a0<a title=\"Pinterest\" href=\"http:\/\/pinterest.com\/damask_dentelle\/\" target=\"_blank\" rel=\"noopener noreferrer\">Pinterest<\/a>\u00a0&amp;\u00a0<a href=\"http:\/\/instagram.com\/damask_dentelle\" target=\"_blank\" rel=\"noopener noreferrer\">Instagram<\/a><\/em><\/p>\n<p>&nbsp;<\/p>\n<p><img loading=\"lazy\" decoding=\"async\" src=\"http:\/\/muramur.ca\/wp-content\/uploads\/2014\/09\/logo-signature-1.jpg\" alt=\"logo signature-1\" width=\"200\" height=\"115\" \/><\/p>\n<p>photo credit: Vanessa Sicotte<\/p>\n","protected":false},"excerpt":{"rendered":"<p>&nbsp; J&#8217;ai tellement aim\u00e9 faire cette \u00e9mission en compagnie de V\u00e9ronique et Jonathan et surtout de d\u00e9couvrir leur belle campagne! C&#8217;est que vous savez, je suis une vraie de vraie fille de ville (ouais&#8230; je sais!). C&#8217;est donc cette nature, et le plafond mansard\u00e9 de leur chambre \u00e0 coucher, qui m&#8217;a inspir\u00e9e un look cabane&#8230;<\/p>\n<p><a class=\"more-link\" href=\"https:\/\/damasketdentelle.com\/index.php\/2014\/09\/une-cabane-dans-les-arbres\/\">Read More<\/a><\/p>","protected":false},"author":1,"featured_media":0,"comment_status":"open","ping_status":"open","sticky":false,"template":"","format":"standard","meta":{"_genesis_hide_title":false,"_genesis_hide_breadcrumbs":false,"_genesis_hide_singular_image":false,"_genesis_hide_footer_widgets":false,"_genesis_custom_body_class":"","_genesis_custom_post_class":"","_genesis_layout":"","footnotes":""},"categories":[790],"tags":[4312,345,4314,3490,144,4310,1620,2236,4315,3457,4311,344,166,924,3489,4316,4313,230,2253,1616,1617,1619,198,1618],"class_list":{"0":"post-12899","1":"post","2":"type-post","3":"status-publish","4":"format-standard","6":"category-sauvez-les-meubles","7":"tag-amenagement","8":"tag-annuaire-decoration-montreal","9":"tag-apartment-therapy","10":"tag-astuces-deco","11":"tag-blog-decoration-montreal","12":"tag-boutiques-de-deco","13":"tag-chambre-look-cabane-dans-les-arbres","14":"tag-deco-montreal","15":"tag-deco-therapie","16":"tag-decoration-quebec","17":"tag-decorer-a-petits-prix","18":"tag-home-decor-directory-quebec","19":"tag-home-decorating","20":"tag-house-beautiful","21":"tag-idees-deco","22":"tag-idees-pour-la-maison","23":"tag-lonny","24":"tag-rue-magazine","25":"tag-sauvez-les-meubles","26":"tag-sauvez-les-meubles-saison-3","27":"tag-transformation-vintage","28":"tag-treehouse-inspired-bedroom-decor","29":"tag-vanessa-sicotte","30":"tag-vintage-furniture-makeover","31":"entry","32":"has-post-thumbnail"},"yoast_head":"<!-- This site is optimized with the Yoast SEO plugin v27.4 - https:\/\/yoast.com\/product\/yoast-seo-wordpress\/ -->\n<title>Une cabane dans les arbres<\/title>\n<meta name=\"description\" content=\"C&#039;est donc cette nature, et le plafond mansard\u00e9 de leur chambre \u00e0 coucher, qui m&#039;a inspir\u00e9e un look cabane dans les arbres.\" \/>\n<meta name=\"robots\" content=\"index, follow, max-snippet:-1, max-image-preview:large, max-video-preview:-1\" \/>\n<link rel=\"canonical\" href=\"https:\/\/damasketdentelle.com\/index.php\/2014\/09\/une-cabane-dans-les-arbres\/\" \/>\n<meta property=\"og:locale\" content=\"en_US\" \/>\n<meta property=\"og:type\" content=\"article\" \/>\n<meta property=\"og:title\" content=\"Une cabane dans les arbres\" \/>\n<meta property=\"og:description\" content=\"C&#039;est donc cette nature, et le plafond mansard\u00e9 de leur chambre \u00e0 coucher, qui m&#039;a inspir\u00e9e un look cabane dans les arbres.\" \/>\n<meta property=\"og:url\" content=\"https:\/\/damasketdentelle.com\/index.php\/2014\/09\/une-cabane-dans-les-arbres\/\" \/>\n<meta property=\"og:site_name\" content=\"Damask &amp; Dentelle\" \/>\n<meta property=\"article:publisher\" content=\"https:\/\/www.facebook.com\/damasketdentelle\" \/>\n<meta property=\"article:published_time\" content=\"2014-09-18T10:35:35+00:00\" \/>\n<meta property=\"article:modified_time\" content=\"2020-07-30T17:28:39+00:00\" \/>\n<meta property=\"og:image\" content=\"http:\/\/blog.damasketdentelle.com\/wp-content\/uploads\/treehouse_bedroom_slm_saison3-695x531.jpg\" \/>\n<meta name=\"author\" content=\"Vanessa Sicotte\" \/>\n<meta name=\"twitter:label1\" content=\"Written by\" \/>\n\t<meta name=\"twitter:data1\" content=\"Vanessa Sicotte\" \/>\n\t<meta name=\"twitter:label2\" content=\"Est. reading time\" \/>\n\t<meta name=\"twitter:data2\" content=\"2 minutes\" \/>\n<script type=\"application\/ld+json\" class=\"yoast-schema-graph\">{\"@context\":\"https:\\\/\\\/schema.org\",\"@graph\":[{\"@type\":\"Article\",\"@id\":\"https:\\\/\\\/damasketdentelle.com\\\/index.php\\\/2014\\\/09\\\/une-cabane-dans-les-arbres\\\/#article\",\"isPartOf\":{\"@id\":\"https:\\\/\\\/damasketdentelle.com\\\/index.php\\\/2014\\\/09\\\/une-cabane-dans-les-arbres\\\/\"},\"author\":{\"name\":\"Vanessa Sicotte\",\"@id\":\"https:\\\/\\\/damasketdentelle.com\\\/#\\\/schema\\\/person\\\/ab66dcd0f6a0e1954b4a4aaac173acee\"},\"headline\":\"Une cabane dans les arbres\",\"datePublished\":\"2014-09-18T10:35:35+00:00\",\"dateModified\":\"2020-07-30T17:28:39+00:00\",\"mainEntityOfPage\":{\"@id\":\"https:\\\/\\\/damasketdentelle.com\\\/index.php\\\/2014\\\/09\\\/une-cabane-dans-les-arbres\\\/\"},\"wordCount\":450,\"commentCount\":1,\"image\":{\"@id\":\"https:\\\/\\\/damasketdentelle.com\\\/index.php\\\/2014\\\/09\\\/une-cabane-dans-les-arbres\\\/#primaryimage\"},\"thumbnailUrl\":\"http:\\\/\\\/blog.damasketdentelle.com\\\/wp-content\\\/uploads\\\/treehouse_bedroom_slm_saison3-695x531.jpg\",\"keywords\":[\"am\u00e9nagement\",\"annuaire d\u00e9coration Montr\u00e9al\",\"Apartment Therapy\",\"astuces d\u00e9co\",\"blog d\u00e9coration Montr\u00e9al\",\"boutiques de d\u00e9co\",\"chambre look cabane dans les arbres\",\"D\u00e9co Montr\u00e9al\",\"D\u00e9co Th\u00e9rapie\",\"D\u00e9coration Qu\u00e9bec\",\"d\u00e9corer \u00e0 petits prix\",\"home decor directory Qu\u00e9bec\",\"home decorating\",\"House Beautiful\",\"id\u00e9es d\u00e9co\",\"Id\u00e9es pour la maison\",\"Lonny\",\"Rue Magazine\",\"Sauvez les Meubles\",\"sauvez les Meubles saison 3\",\"transformation vintage\",\"Treehouse inspired bedroom decor\",\"Vanessa Sicotte\",\"vintage furniture makeover\"],\"articleSection\":[\"Sauvez les Meubles\"],\"inLanguage\":\"en-US\",\"potentialAction\":[{\"@type\":\"CommentAction\",\"name\":\"Comment\",\"target\":[\"https:\\\/\\\/damasketdentelle.com\\\/index.php\\\/2014\\\/09\\\/une-cabane-dans-les-arbres\\\/#respond\"]}]},{\"@type\":\"WebPage\",\"@id\":\"https:\\\/\\\/damasketdentelle.com\\\/index.php\\\/2014\\\/09\\\/une-cabane-dans-les-arbres\\\/\",\"url\":\"https:\\\/\\\/damasketdentelle.com\\\/index.php\\\/2014\\\/09\\\/une-cabane-dans-les-arbres\\\/\",\"name\":\"Une cabane dans les arbres\",\"isPartOf\":{\"@id\":\"https:\\\/\\\/damasketdentelle.com\\\/#website\"},\"primaryImageOfPage\":{\"@id\":\"https:\\\/\\\/damasketdentelle.com\\\/index.php\\\/2014\\\/09\\\/une-cabane-dans-les-arbres\\\/#primaryimage\"},\"image\":{\"@id\":\"https:\\\/\\\/damasketdentelle.com\\\/index.php\\\/2014\\\/09\\\/une-cabane-dans-les-arbres\\\/#primaryimage\"},\"thumbnailUrl\":\"http:\\\/\\\/blog.damasketdentelle.com\\\/wp-content\\\/uploads\\\/treehouse_bedroom_slm_saison3-695x531.jpg\",\"datePublished\":\"2014-09-18T10:35:35+00:00\",\"dateModified\":\"2020-07-30T17:28:39+00:00\",\"author\":{\"@id\":\"https:\\\/\\\/damasketdentelle.com\\\/#\\\/schema\\\/person\\\/ab66dcd0f6a0e1954b4a4aaac173acee\"},\"description\":\"C'est donc cette nature, et le plafond mansard\u00e9 de leur chambre \u00e0 coucher, qui m'a inspir\u00e9e un look cabane dans les arbres.\",\"breadcrumb\":{\"@id\":\"https:\\\/\\\/damasketdentelle.com\\\/index.php\\\/2014\\\/09\\\/une-cabane-dans-les-arbres\\\/#breadcrumb\"},\"inLanguage\":\"en-US\",\"potentialAction\":[{\"@type\":\"ReadAction\",\"target\":[\"https:\\\/\\\/damasketdentelle.com\\\/index.php\\\/2014\\\/09\\\/une-cabane-dans-les-arbres\\\/\"]}]},{\"@type\":\"ImageObject\",\"inLanguage\":\"en-US\",\"@id\":\"https:\\\/\\\/damasketdentelle.com\\\/index.php\\\/2014\\\/09\\\/une-cabane-dans-les-arbres\\\/#primaryimage\",\"url\":\"http:\\\/\\\/blog.damasketdentelle.com\\\/wp-content\\\/uploads\\\/treehouse_bedroom_slm_saison3-695x531.jpg\",\"contentUrl\":\"http:\\\/\\\/blog.damasketdentelle.com\\\/wp-content\\\/uploads\\\/treehouse_bedroom_slm_saison3-695x531.jpg\"},{\"@type\":\"BreadcrumbList\",\"@id\":\"https:\\\/\\\/damasketdentelle.com\\\/index.php\\\/2014\\\/09\\\/une-cabane-dans-les-arbres\\\/#breadcrumb\",\"itemListElement\":[{\"@type\":\"ListItem\",\"position\":1,\"name\":\"Home\",\"item\":\"https:\\\/\\\/damasketdentelle.com\\\/\"},{\"@type\":\"ListItem\",\"position\":2,\"name\":\"Une cabane dans les arbres\"}]},{\"@type\":\"WebSite\",\"@id\":\"https:\\\/\\\/damasketdentelle.com\\\/#website\",\"url\":\"https:\\\/\\\/damasketdentelle.com\\\/\",\"name\":\"Damask &amp; Dentelle\",\"description\":\"Storytelling, Design and urban manifestos\",\"potentialAction\":[{\"@type\":\"SearchAction\",\"target\":{\"@type\":\"EntryPoint\",\"urlTemplate\":\"https:\\\/\\\/damasketdentelle.com\\\/?s={search_term_string}\"},\"query-input\":{\"@type\":\"PropertyValueSpecification\",\"valueRequired\":true,\"valueName\":\"search_term_string\"}}],\"inLanguage\":\"en-US\"},{\"@type\":\"Person\",\"@id\":\"https:\\\/\\\/damasketdentelle.com\\\/#\\\/schema\\\/person\\\/ab66dcd0f6a0e1954b4a4aaac173acee\",\"name\":\"Vanessa Sicotte\",\"image\":{\"@type\":\"ImageObject\",\"inLanguage\":\"en-US\",\"@id\":\"https:\\\/\\\/secure.gravatar.com\\\/avatar\\\/7710c0e6cd087dff617e494d4e51105fae871a738d48c9031273d8920420be5b?s=96&d=mm&r=g\",\"url\":\"https:\\\/\\\/secure.gravatar.com\\\/avatar\\\/7710c0e6cd087dff617e494d4e51105fae871a738d48c9031273d8920420be5b?s=96&d=mm&r=g\",\"contentUrl\":\"https:\\\/\\\/secure.gravatar.com\\\/avatar\\\/7710c0e6cd087dff617e494d4e51105fae871a738d48c9031273d8920420be5b?s=96&d=mm&r=g\",\"caption\":\"Vanessa Sicotte\"},\"sameAs\":[\"https:\\\/\\\/blog.damasketdentelle.com\\\/wp-login.php\"],\"url\":\"https:\\\/\\\/damasketdentelle.com\\\/index.php\\\/author\\\/vanessa\\\/\"}]}<\/script>\n<!-- \/ Yoast SEO plugin. -->","yoast_head_json":{"title":"Une cabane dans les arbres","description":"C'est donc cette nature, et le plafond mansard\u00e9 de leur chambre \u00e0 coucher, qui m'a inspir\u00e9e un look cabane dans les arbres.","robots":{"index":"index","follow":"follow","max-snippet":"max-snippet:-1","max-image-preview":"max-image-preview:large","max-video-preview":"max-video-preview:-1"},"canonical":"https:\/\/damasketdentelle.com\/index.php\/2014\/09\/une-cabane-dans-les-arbres\/","og_locale":"en_US","og_type":"article","og_title":"Une cabane dans les arbres","og_description":"C'est donc cette nature, et le plafond mansard\u00e9 de leur chambre \u00e0 coucher, qui m'a inspir\u00e9e un look cabane dans les arbres.","og_url":"https:\/\/damasketdentelle.com\/index.php\/2014\/09\/une-cabane-dans-les-arbres\/","og_site_name":"Damask &amp; Dentelle","article_publisher":"https:\/\/www.facebook.com\/damasketdentelle","article_published_time":"2014-09-18T10:35:35+00:00","article_modified_time":"2020-07-30T17:28:39+00:00","og_image":[{"url":"http:\/\/blog.damasketdentelle.com\/wp-content\/uploads\/treehouse_bedroom_slm_saison3-695x531.jpg","type":"","width":"","height":""}],"author":"Vanessa Sicotte","twitter_misc":{"Written by":"Vanessa Sicotte","Est. reading time":"2 minutes"},"schema":{"@context":"https:\/\/schema.org","@graph":[{"@type":"Article","@id":"https:\/\/damasketdentelle.com\/index.php\/2014\/09\/une-cabane-dans-les-arbres\/#article","isPartOf":{"@id":"https:\/\/damasketdentelle.com\/index.php\/2014\/09\/une-cabane-dans-les-arbres\/"},"author":{"name":"Vanessa Sicotte","@id":"https:\/\/damasketdentelle.com\/#\/schema\/person\/ab66dcd0f6a0e1954b4a4aaac173acee"},"headline":"Une cabane dans les arbres","datePublished":"2014-09-18T10:35:35+00:00","dateModified":"2020-07-30T17:28:39+00:00","mainEntityOfPage":{"@id":"https:\/\/damasketdentelle.com\/index.php\/2014\/09\/une-cabane-dans-les-arbres\/"},"wordCount":450,"commentCount":1,"image":{"@id":"https:\/\/damasketdentelle.com\/index.php\/2014\/09\/une-cabane-dans-les-arbres\/#primaryimage"},"thumbnailUrl":"http:\/\/blog.damasketdentelle.com\/wp-content\/uploads\/treehouse_bedroom_slm_saison3-695x531.jpg","keywords":["am\u00e9nagement","annuaire d\u00e9coration Montr\u00e9al","Apartment Therapy","astuces d\u00e9co","blog d\u00e9coration Montr\u00e9al","boutiques de d\u00e9co","chambre look cabane dans les arbres","D\u00e9co Montr\u00e9al","D\u00e9co Th\u00e9rapie","D\u00e9coration Qu\u00e9bec","d\u00e9corer \u00e0 petits prix","home decor directory Qu\u00e9bec","home decorating","House Beautiful","id\u00e9es d\u00e9co","Id\u00e9es pour la maison","Lonny","Rue Magazine","Sauvez les Meubles","sauvez les Meubles saison 3","transformation vintage","Treehouse inspired bedroom decor","Vanessa Sicotte","vintage furniture makeover"],"articleSection":["Sauvez les Meubles"],"inLanguage":"en-US","potentialAction":[{"@type":"CommentAction","name":"Comment","target":["https:\/\/damasketdentelle.com\/index.php\/2014\/09\/une-cabane-dans-les-arbres\/#respond"]}]},{"@type":"WebPage","@id":"https:\/\/damasketdentelle.com\/index.php\/2014\/09\/une-cabane-dans-les-arbres\/","url":"https:\/\/damasketdentelle.com\/index.php\/2014\/09\/une-cabane-dans-les-arbres\/","name":"Une cabane dans les arbres","isPartOf":{"@id":"https:\/\/damasketdentelle.com\/#website"},"primaryImageOfPage":{"@id":"https:\/\/damasketdentelle.com\/index.php\/2014\/09\/une-cabane-dans-les-arbres\/#primaryimage"},"image":{"@id":"https:\/\/damasketdentelle.com\/index.php\/2014\/09\/une-cabane-dans-les-arbres\/#primaryimage"},"thumbnailUrl":"http:\/\/blog.damasketdentelle.com\/wp-content\/uploads\/treehouse_bedroom_slm_saison3-695x531.jpg","datePublished":"2014-09-18T10:35:35+00:00","dateModified":"2020-07-30T17:28:39+00:00","author":{"@id":"https:\/\/damasketdentelle.com\/#\/schema\/person\/ab66dcd0f6a0e1954b4a4aaac173acee"},"description":"C'est donc cette nature, et le plafond mansard\u00e9 de leur chambre \u00e0 coucher, qui m'a inspir\u00e9e un look cabane dans les arbres.","breadcrumb":{"@id":"https:\/\/damasketdentelle.com\/index.php\/2014\/09\/une-cabane-dans-les-arbres\/#breadcrumb"},"inLanguage":"en-US","potentialAction":[{"@type":"ReadAction","target":["https:\/\/damasketdentelle.com\/index.php\/2014\/09\/une-cabane-dans-les-arbres\/"]}]},{"@type":"ImageObject","inLanguage":"en-US","@id":"https:\/\/damasketdentelle.com\/index.php\/2014\/09\/une-cabane-dans-les-arbres\/#primaryimage","url":"http:\/\/blog.damasketdentelle.com\/wp-content\/uploads\/treehouse_bedroom_slm_saison3-695x531.jpg","contentUrl":"http:\/\/blog.damasketdentelle.com\/wp-content\/uploads\/treehouse_bedroom_slm_saison3-695x531.jpg"},{"@type":"BreadcrumbList","@id":"https:\/\/damasketdentelle.com\/index.php\/2014\/09\/une-cabane-dans-les-arbres\/#breadcrumb","itemListElement":[{"@type":"ListItem","position":1,"name":"Home","item":"https:\/\/damasketdentelle.com\/"},{"@type":"ListItem","position":2,"name":"Une cabane dans les arbres"}]},{"@type":"WebSite","@id":"https:\/\/damasketdentelle.com\/#website","url":"https:\/\/damasketdentelle.com\/","name":"Damask &amp; Dentelle","description":"Storytelling, Design and urban manifestos","potentialAction":[{"@type":"SearchAction","target":{"@type":"EntryPoint","urlTemplate":"https:\/\/damasketdentelle.com\/?s={search_term_string}"},"query-input":{"@type":"PropertyValueSpecification","valueRequired":true,"valueName":"search_term_string"}}],"inLanguage":"en-US"},{"@type":"Person","@id":"https:\/\/damasketdentelle.com\/#\/schema\/person\/ab66dcd0f6a0e1954b4a4aaac173acee","name":"Vanessa Sicotte","image":{"@type":"ImageObject","inLanguage":"en-US","@id":"https:\/\/secure.gravatar.com\/avatar\/7710c0e6cd087dff617e494d4e51105fae871a738d48c9031273d8920420be5b?s=96&d=mm&r=g","url":"https:\/\/secure.gravatar.com\/avatar\/7710c0e6cd087dff617e494d4e51105fae871a738d48c9031273d8920420be5b?s=96&d=mm&r=g","contentUrl":"https:\/\/secure.gravatar.com\/avatar\/7710c0e6cd087dff617e494d4e51105fae871a738d48c9031273d8920420be5b?s=96&d=mm&r=g","caption":"Vanessa Sicotte"},"sameAs":["https:\/\/blog.damasketdentelle.com\/wp-login.php"],"url":"https:\/\/damasketdentelle.com\/index.php\/author\/vanessa\/"}]}},"_links":{"self":[{"href":"https:\/\/damasketdentelle.com\/index.php\/wp-json\/wp\/v2\/posts\/12899","targetHints":{"allow":["GET"]}}],"collection":[{"href":"https:\/\/damasketdentelle.com\/index.php\/wp-json\/wp\/v2\/posts"}],"about":[{"href":"https:\/\/damasketdentelle.com\/index.php\/wp-json\/wp\/v2\/types\/post"}],"author":[{"embeddable":true,"href":"https:\/\/damasketdentelle.com\/index.php\/wp-json\/wp\/v2\/users\/1"}],"replies":[{"embeddable":true,"href":"https:\/\/damasketdentelle.com\/index.php\/wp-json\/wp\/v2\/comments?post=12899"}],"version-history":[{"count":10,"href":"https:\/\/damasketdentelle.com\/index.php\/wp-json\/wp\/v2\/posts\/12899\/revisions"}],"predecessor-version":[{"id":26687,"href":"https:\/\/damasketdentelle.com\/index.php\/wp-json\/wp\/v2\/posts\/12899\/revisions\/26687"}],"wp:attachment":[{"href":"https:\/\/damasketdentelle.com\/index.php\/wp-json\/wp\/v2\/media?parent=12899"}],"wp:term":[{"taxonomy":"category","embeddable":true,"href":"https:\/\/damasketdentelle.com\/index.php\/wp-json\/wp\/v2\/categories?post=12899"},{"taxonomy":"post_tag","embeddable":true,"href":"https:\/\/damasketdentelle.com\/index.php\/wp-json\/wp\/v2\/tags?post=12899"}],"curies":[{"name":"wp","href":"https:\/\/api.w.org\/{rel}","templated":true}]}}