{"id":14726,"date":"2015-05-05T19:16:36","date_gmt":"2015-05-05T23:16:36","guid":{"rendered":"http:\/\/blog.damasketdentelle.com\/?p=14726"},"modified":"2020-07-30T13:23:06","modified_gmt":"2020-07-30T17:23:06","slug":"ma-cour-urbaine-inspiration","status":"publish","type":"post","link":"https:\/\/damasketdentelle.com\/index.php\/2015\/05\/ma-cour-urbaine-inspiration\/","title":{"rendered":"Ma cour urbaine: l&#8217;inspiration"},"content":{"rendered":"<p>&nbsp;<\/p>\n<p><img loading=\"lazy\" decoding=\"async\" class=\"aligncenter size-full wp-image-14739\" src=\"http:\/\/blog.damasketdentelle.com\/wp-content\/uploads\/inspiration-cour-urbaine-1.jpg\" alt=\"inspiration cour urbaine-1\" width=\"640\" height=\"960\" srcset=\"https:\/\/blog.damasketdentelle.com\/wp-content\/uploads\/inspiration-cour-urbaine-1.jpg 640w, https:\/\/blog.damasketdentelle.com\/wp-content\/uploads\/inspiration-cour-urbaine-1-300x450.jpg 300w\" sizes=\"auto, (max-width: 640px) 100vw, 640px\" \/><\/p>\n<p>&nbsp;<\/p>\n<p><strong>Bon et bien on attaque la transformation de notre petite cour urbaine<\/strong>! L&#8217;\u00e9t\u00e9 dernier \u00e9tait notre premi\u00e8re saison estivale dans la &#8220;Forever House&#8221; et donc nous avons profit\u00e9 des beaux jours pour faire le recensement de ce qu&#8217;on aimait de notre cour et de qui ne nous plaisait moins.<\/p>\n<h3>Constat: disons qu&#8217;il n&#8217;y a\u00a0pas beaucoup de points positifs.<\/h3>\n<p>Notre cour &#8211; d\u00e9j\u00e0 petite &#8211; est toute d\u00e9pareill\u00e9e avec\u00a0un garage \u00e0 droite, une cl\u00f4ture en bois au fond\u00a0et une <em>cl\u00f4ture en frost\u00a0<\/em>\u00e0 gauche. \u00a0Le sol est recouvert de tuiles de ciment que nous n&#8217;avons pas l&#8217;intention d&#8217;enlever mais qu&#8217;il faut absolument cacher, il manque d&#8217;\u00e9clairage le soir et &#8230; comble des combles, des \u00e9cureuils vraiment voraces ont mang\u00e9 notre ancien set de patio ce qui fait que nous repartons \u00e0 z\u00e9ro en fait de mobilier.<\/p>\n<p>&nbsp;<\/p>\n<p><img loading=\"lazy\" decoding=\"async\" class=\"aligncenter size-full wp-image-14743\" src=\"http:\/\/blog.damasketdentelle.com\/wp-content\/uploads\/inspiration-cour-urbaine-4.jpg\" alt=\"inspiration cour urbaine-4\" width=\"500\" height=\"748\" srcset=\"https:\/\/blog.damasketdentelle.com\/wp-content\/uploads\/inspiration-cour-urbaine-4.jpg 500w, https:\/\/blog.damasketdentelle.com\/wp-content\/uploads\/inspiration-cour-urbaine-4-301x450.jpg 301w\" sizes=\"auto, (max-width: 500px) 100vw, 500px\" \/><\/p>\n<p><img loading=\"lazy\" decoding=\"async\" class=\"aligncenter size-full wp-image-14740\" src=\"http:\/\/blog.damasketdentelle.com\/wp-content\/uploads\/inspiration-cour-urbaine-2.jpg\" alt=\"inspiration cour urbaine-2\" width=\"541\" height=\"457\" srcset=\"https:\/\/blog.damasketdentelle.com\/wp-content\/uploads\/inspiration-cour-urbaine-2.jpg 541w, https:\/\/blog.damasketdentelle.com\/wp-content\/uploads\/inspiration-cour-urbaine-2-450x380.jpg 450w\" sizes=\"auto, (max-width: 541px) 100vw, 541px\" \/><\/p>\n<p>&nbsp;<\/p>\n<h2>Premi\u00e8re \u00e9tape: l&#8217;inspiration!<\/h2>\n<p>Avant de me lancer dans un projet,\u00a0\u00a0j&#8217;aime toujours prendre un moment pour me cr\u00e9er un tableau d&#8217;inspiration qui va ensuite m&#8217;aider \u00e0 mieux g\u00e9rer mon budget, \u00e9viter les erreurs et surtout nous garder motiv\u00e9 tout au long du processus.<\/p>\n<p>Pour l&#8217;am\u00e9nagement de notre coquette cour urbaine j&#8217;ai envie d&#8217;un look <strong>nautique-funky<\/strong> avec un joyeux m\u00e9lange de motifs marins et de textures, et\u00a0en fait d&#8217;accessoires, des petites touches ludiques. J&#8217;ai d&#8217;ailleurs trouv\u00e9 vraiment adorable cet accroche arrosoir de la compagnie su\u00e9doise\u00a0<a href=\"http:\/\/gardenglory.com\/en\/\" target=\"_blank\" rel=\"noopener noreferrer\">Garden Glory<\/a>. Il n&#8217;y a pas de point de vente au Qu\u00e9bec mais il est possible d&#8217;acheter du site.<\/p>\n<p>&nbsp;<\/p>\n<p><img loading=\"lazy\" decoding=\"async\" class=\"aligncenter size-full wp-image-14744\" src=\"http:\/\/blog.damasketdentelle.com\/wp-content\/uploads\/inspiration-cour-urbaine-3.jpg\" alt=\"inspiration cour urbaine-3\" width=\"600\" height=\"805\" srcset=\"https:\/\/blog.damasketdentelle.com\/wp-content\/uploads\/inspiration-cour-urbaine-3.jpg 600w, https:\/\/blog.damasketdentelle.com\/wp-content\/uploads\/inspiration-cour-urbaine-3-335x450.jpg 335w\" sizes=\"auto, (max-width: 600px) 100vw, 600px\" \/><\/p>\n<p>&nbsp;<\/p>\n<p>Bon mais revenons aux choses s\u00e9rieuses, le mobilier. J&#8217;ai absolument eu un coup de foudre pour la collection <a href=\"http:\/\/bit.ly\/1OYeCvJ\" target=\"_blank\" rel=\"noopener noreferrer\">Mid-Century de West Elm<\/a>. Les lignes des chaises et de la table sont \u00e9pur\u00e9es et d\u00e9licates, ce qui est parfait pour une petite cour comme la n\u00f4tre. Et tant qu&#8217;\u00e0 y \u00eatre nous allons aussi:\u00a0ajouter de l&#8217;\u00e9clairage, cr\u00e9er des boites \u00e0 fleurs et installer\u00a0des pots pour y faire pousser des herbes hautes, des fines herbes et des annuelles. Finalement, je vais acheter de la vaisselle pour remplacer <a href=\"http:\/\/www.ikea.com\/ca\/en\/catalog\/products\/50192959\/\" target=\"_blank\" rel=\"noopener noreferrer\">celle<\/a> qui nous a bien servi depuis la naissance des enfants mais qui commence \u00e0 faire un peu <em>pic-pic<\/em>.<\/p>\n<p>&nbsp;<\/p>\n<div id=\"attachment_14737\" style=\"width: 705px\" class=\"wp-caption aligncenter\"><img loading=\"lazy\" decoding=\"async\" aria-describedby=\"caption-attachment-14737\" class=\"size-large wp-image-14737\" src=\"http:\/\/blog.damasketdentelle.com\/wp-content\/uploads\/VanessaSicotte_product-695x497.jpeg\" alt=\"Ma s\u00e9lection de mobilier et d'accessoires chez West Elm\" width=\"695\" height=\"497\" srcset=\"https:\/\/blog.damasketdentelle.com\/wp-content\/uploads\/VanessaSicotte_product-695x497.jpeg 695w, https:\/\/blog.damasketdentelle.com\/wp-content\/uploads\/VanessaSicotte_product-450x321.jpeg 450w, https:\/\/blog.damasketdentelle.com\/wp-content\/uploads\/VanessaSicotte_product-768x549.jpeg 768w, https:\/\/blog.damasketdentelle.com\/wp-content\/uploads\/VanessaSicotte_product.jpeg 1257w\" sizes=\"auto, (max-width: 695px) 100vw, 695px\" \/><p id=\"caption-attachment-14737\" class=\"wp-caption-text\">Ma s\u00e9lection de mobilier et d&#8217;accessoires chez West Elm<\/p><\/div>\n<p>&nbsp;<\/p>\n<h2>Ma liste shopping:<\/h2>\n<p>Du bois&#8230; beaucoup de bois! La structure de la banquette et de la cl\u00f4ture auto-portante seront faites de bois trait\u00e9 et tout le reste sera en planches de c\u00e8dre.<\/p>\n<p><a href=\"http:\/\/bit.ly\/1OYfpwD\" target=\"_blank\" rel=\"noopener noreferrer\">Table de style Mid Century<\/a>, couleur auburn.<\/p>\n<p><a href=\"http:\/\/bit.ly\/1PmStSL\" target=\"_blank\" rel=\"noopener noreferrer\">6 chaises aussi de style Mid Century<\/a>, couleur Auburn: Ils ont aussi les chaises et la table en teck, mais parce qu&#8217;elles sont plus dispendieuses j&#8217;ai choisi d&#8217;opter pour la couleur auburn qui va bien avec le fini de la cl\u00f4ture en c\u00e8dre.<\/p>\n<p><a href=\"http:\/\/bit.ly\/1JOENl0\" target=\"_blank\" rel=\"noopener noreferrer\">3 pots sur pattes<\/a> de style Mid Century<\/p>\n<p>Des coussins pour la banquette. Je me demande encore si je vais les acheter ou simplement les faire moi-m\u00eame (\u00e0 suivre)<\/p>\n<p><a href=\"http:\/\/bit.ly\/1zKV8UD\" target=\"_blank\" rel=\"noopener noreferrer\">Lanternes en laiton<\/a>\u00a0pour l&#8217;\u00e9clairage d&#8217;ambiance. Je vais aussi changer les 2 appliques murales sur le mur de brique du garage.<\/p>\n<p><a href=\"http:\/\/bit.ly\/1JOFqes\" target=\"_blank\" rel=\"noopener noreferrer\">Chariot bar<\/a>\u00a0qui servira aussi de desserte et de table \u00e0 &#8220;snacks&#8221; quand on re\u00e7oit<\/p>\n<p>De la vaisselle en m\u00e9lamine incassable.<\/p>\n<p><a href=\"http:\/\/www.canadiantire.ca\/en\/pdp\/canvas-thistletown-turf-outdoor-rug-0687321p.html#.VUkuvVxQdSU\" target=\"_blank\" rel=\"noopener noreferrer\">Tapis ext\u00e9rieur<\/a>. Je tripe vraiment sur celui de la collection CANVAS de Canadian Tire qui sera parfait pour cacher les tuiles de ciment plut\u00f4t moches de la cour actuelle.<\/p>\n<p>Un ou 2 jet\u00e9, pour les soir\u00e9es plus fraiches (et parce que je suis frileuse!)<\/p>\n<p>&nbsp;<\/p>\n<p><img loading=\"lazy\" decoding=\"async\" class=\"aligncenter size-large wp-image-14727\" src=\"http:\/\/blog.damasketdentelle.com\/wp-content\/uploads\/ma-cour-urbaine-avant-1-695x522.jpg\" alt=\"ma cour urbaine avant-1\" width=\"695\" height=\"522\" srcset=\"https:\/\/blog.damasketdentelle.com\/wp-content\/uploads\/ma-cour-urbaine-avant-1-695x522.jpg 695w, https:\/\/blog.damasketdentelle.com\/wp-content\/uploads\/ma-cour-urbaine-avant-1-450x338.jpg 450w, https:\/\/blog.damasketdentelle.com\/wp-content\/uploads\/ma-cour-urbaine-avant-1-768x576.jpg 768w, https:\/\/blog.damasketdentelle.com\/wp-content\/uploads\/ma-cour-urbaine-avant-1.jpg 950w\" sizes=\"auto, (max-width: 695px) 100vw, 695px\" \/><\/p>\n<p><img loading=\"lazy\" decoding=\"async\" class=\"aligncenter size-large wp-image-14728\" src=\"http:\/\/blog.damasketdentelle.com\/wp-content\/uploads\/ma-cour-urbaine-avant-2-695x522.jpg\" alt=\"ma cour urbaine avant-2\" width=\"695\" height=\"522\" srcset=\"https:\/\/blog.damasketdentelle.com\/wp-content\/uploads\/ma-cour-urbaine-avant-2-695x522.jpg 695w, https:\/\/blog.damasketdentelle.com\/wp-content\/uploads\/ma-cour-urbaine-avant-2-450x338.jpg 450w, https:\/\/blog.damasketdentelle.com\/wp-content\/uploads\/ma-cour-urbaine-avant-2-768x576.jpg 768w, https:\/\/blog.damasketdentelle.com\/wp-content\/uploads\/ma-cour-urbaine-avant-2.jpg 950w\" sizes=\"auto, (max-width: 695px) 100vw, 695px\" \/><\/p>\n<p><img loading=\"lazy\" decoding=\"async\" class=\"aligncenter size-large wp-image-14738\" src=\"http:\/\/blog.damasketdentelle.com\/wp-content\/uploads\/ma-cour-urbaine-avant-695x695.jpg\" alt=\"ma cour urbaine avant\" width=\"695\" height=\"695\" srcset=\"https:\/\/blog.damasketdentelle.com\/wp-content\/uploads\/ma-cour-urbaine-avant-695x695.jpg 695w, https:\/\/blog.damasketdentelle.com\/wp-content\/uploads\/ma-cour-urbaine-avant-150x150.jpg 150w, https:\/\/blog.damasketdentelle.com\/wp-content\/uploads\/ma-cour-urbaine-avant-450x450.jpg 450w, https:\/\/blog.damasketdentelle.com\/wp-content\/uploads\/ma-cour-urbaine-avant-768x768.jpg 768w, https:\/\/blog.damasketdentelle.com\/wp-content\/uploads\/ma-cour-urbaine-avant-320x320.jpg 320w, https:\/\/blog.damasketdentelle.com\/wp-content\/uploads\/ma-cour-urbaine-avant.jpg 950w\" sizes=\"auto, (max-width: 695px) 100vw, 695px\" \/><\/p>\n<p><img loading=\"lazy\" decoding=\"async\" class=\"aligncenter size-large wp-image-14733\" src=\"http:\/\/blog.damasketdentelle.com\/wp-content\/uploads\/ma-cour-urbaine-avant-8-695x927.jpg\" alt=\"ma cour urbaine avant-8\" width=\"695\" height=\"927\" srcset=\"https:\/\/blog.damasketdentelle.com\/wp-content\/uploads\/ma-cour-urbaine-avant-8-695x927.jpg 695w, https:\/\/blog.damasketdentelle.com\/wp-content\/uploads\/ma-cour-urbaine-avant-8-337x450.jpg 337w, https:\/\/blog.damasketdentelle.com\/wp-content\/uploads\/ma-cour-urbaine-avant-8-768x1024.jpg 768w, https:\/\/blog.damasketdentelle.com\/wp-content\/uploads\/ma-cour-urbaine-avant-8.jpg 950w\" sizes=\"auto, (max-width: 695px) 100vw, 695px\" \/><\/p>\n<p><img loading=\"lazy\" decoding=\"async\" class=\"aligncenter size-large wp-image-14731\" src=\"http:\/\/blog.damasketdentelle.com\/wp-content\/uploads\/ma-cour-urbaine-avant-6-695x522.jpg\" alt=\"ma cour urbaine avant-6\" width=\"695\" height=\"522\" srcset=\"https:\/\/blog.damasketdentelle.com\/wp-content\/uploads\/ma-cour-urbaine-avant-6-695x522.jpg 695w, https:\/\/blog.damasketdentelle.com\/wp-content\/uploads\/ma-cour-urbaine-avant-6-450x338.jpg 450w, https:\/\/blog.damasketdentelle.com\/wp-content\/uploads\/ma-cour-urbaine-avant-6-768x576.jpg 768w, https:\/\/blog.damasketdentelle.com\/wp-content\/uploads\/ma-cour-urbaine-avant-6.jpg 950w\" sizes=\"auto, (max-width: 695px) 100vw, 695px\" \/><\/p>\n<p><img loading=\"lazy\" decoding=\"async\" class=\"aligncenter size-large wp-image-14735\" src=\"http:\/\/blog.damasketdentelle.com\/wp-content\/uploads\/ma-cour-urbaine-pendant-2-695x522.jpg\" alt=\"ma cour urbaine pendant-2\" width=\"695\" height=\"522\" srcset=\"https:\/\/blog.damasketdentelle.com\/wp-content\/uploads\/ma-cour-urbaine-pendant-2-695x522.jpg 695w, https:\/\/blog.damasketdentelle.com\/wp-content\/uploads\/ma-cour-urbaine-pendant-2-450x338.jpg 450w, https:\/\/blog.damasketdentelle.com\/wp-content\/uploads\/ma-cour-urbaine-pendant-2-768x576.jpg 768w, https:\/\/blog.damasketdentelle.com\/wp-content\/uploads\/ma-cour-urbaine-pendant-2.jpg 950w\" sizes=\"auto, (max-width: 695px) 100vw, 695px\" \/><\/p>\n<p><img loading=\"lazy\" decoding=\"async\" class=\"aligncenter size-large wp-image-14734\" src=\"http:\/\/blog.damasketdentelle.com\/wp-content\/uploads\/ma-cour-urbaine-pendant-1-695x522.jpg\" alt=\"ma cour urbaine pendant-1\" width=\"695\" height=\"522\" srcset=\"https:\/\/blog.damasketdentelle.com\/wp-content\/uploads\/ma-cour-urbaine-pendant-1-695x522.jpg 695w, https:\/\/blog.damasketdentelle.com\/wp-content\/uploads\/ma-cour-urbaine-pendant-1-450x338.jpg 450w, https:\/\/blog.damasketdentelle.com\/wp-content\/uploads\/ma-cour-urbaine-pendant-1-768x576.jpg 768w, https:\/\/blog.damasketdentelle.com\/wp-content\/uploads\/ma-cour-urbaine-pendant-1.jpg 950w\" sizes=\"auto, (max-width: 695px) 100vw, 695px\" \/><\/p>\n<p>&nbsp;<\/p>\n<p>Voila ce que nous avons r\u00e9ussi \u00e0 faire en un weekend avec l&#8217;aide de nos petits assistants. Bon clairement il y en avait une qui \u00e9tait moins int\u00e9ress\u00e9e par les vis et les clous que l&#8217;autre, mais au moins elle nous servait de divertissement avec sa chanson: &#8220;Cr\u00e8me \u00e0 la glace, limonade sucr\u00e9e&#8230;&#8221;.<\/p>\n<p>xx<\/p>\n<p>&nbsp;<\/p>\n<p><img loading=\"lazy\" decoding=\"async\" class=\"aligncenter size-large wp-image-14732\" src=\"http:\/\/blog.damasketdentelle.com\/wp-content\/uploads\/ma-cour-urbaine-avant-7-695x927.jpg\" alt=\"ma cour urbaine avant-7\" width=\"695\" height=\"927\" srcset=\"https:\/\/blog.damasketdentelle.com\/wp-content\/uploads\/ma-cour-urbaine-avant-7-695x927.jpg 695w, https:\/\/blog.damasketdentelle.com\/wp-content\/uploads\/ma-cour-urbaine-avant-7-337x450.jpg 337w, https:\/\/blog.damasketdentelle.com\/wp-content\/uploads\/ma-cour-urbaine-avant-7-768x1024.jpg 768w, https:\/\/blog.damasketdentelle.com\/wp-content\/uploads\/ma-cour-urbaine-avant-7.jpg 950w\" sizes=\"auto, (max-width: 695px) 100vw, 695px\" \/><\/p>\n<p>&nbsp;<\/p>\n<p>&nbsp;<\/p>\n<p>sources: <a href=\"http:\/\/www.smittenstudioonline.com\/home-progress-patio-diy-built-in-seating\/#comment-14970\" target=\"_blank\" rel=\"noopener noreferrer\">Smitten Studio<\/a>\u00a0| <a href=\"http:\/\/jldesigns.blogspot.ca\/2011\/02\/organic-desert-retro-tablescape-for-944.html\" target=\"_blank\" rel=\"noopener noreferrer\">JL Designs<\/a>\u00a0| <a href=\"http:\/\/erineverafter.blogspot.ca\/search?updated-max=2011-06-27T05:59:00-07:00&amp;max-results=3\" target=\"_blank\" rel=\"noopener noreferrer\">Erin Ever After<\/a> | <a href=\"http:\/\/platefuloflove.blogspot.co.nz\/2013\/06\/garden-glory.html\" target=\"_blank\" rel=\"noopener noreferrer\">Plateful of Love<\/a> | <a href=\"http:\/\/bit.ly\/1OYeCvJ\" target=\"_blank\" rel=\"noopener noreferrer\">West Elm<\/a> |\u00a0<a href=\"http:\/\/www.vanessasicotte.com\/accueil-2\/\" target=\"_blank\" rel=\"noopener noreferrer\">Vanessa Sicotte<\/a><\/p>\n","protected":false},"excerpt":{"rendered":"<p>&nbsp; &nbsp; Bon et bien on attaque la transformation de notre petite cour urbaine! L&#8217;\u00e9t\u00e9 dernier \u00e9tait notre premi\u00e8re saison estivale dans la &#8220;Forever House&#8221; et donc nous avons profit\u00e9 des beaux jours pour faire le recensement de ce qu&#8217;on aimait de notre cour et de qui ne nous plaisait moins. Constat: disons qu&#8217;il n&#8217;y&#8230;<\/p>\n<p><a class=\"more-link\" href=\"https:\/\/damasketdentelle.com\/index.php\/2015\/05\/ma-cour-urbaine-inspiration\/\">Read More<\/a><\/p>","protected":false},"author":1,"featured_media":0,"comment_status":"open","ping_status":"open","sticky":false,"template":"","format":"standard","meta":{"_genesis_hide_title":false,"_genesis_hide_breadcrumbs":false,"_genesis_hide_singular_image":false,"_genesis_hide_footer_widgets":false,"_genesis_custom_body_class":"","_genesis_custom_post_class":"","_genesis_layout":"","footnotes":""},"categories":[615,1254],"tags":[4312,1957,1956,1964,345,4314,3490,1944,175,4310,2236,4315,244,3457,4311,1258,924,3489,4316,4313,1962,1963,397,346,230,198],"class_list":{"0":"post-14726","1":"post","2":"type-post","3":"status-publish","4":"format-standard","6":"category-summer-2","7":"category-forever-house","8":"tag-amenagement","9":"tag-amenagement-de-la-cour","10":"tag-amenager-une-cour-urbaine","11":"tag-amenager-une-petite-cour","12":"tag-annuaire-decoration-montreal","13":"tag-apartment-therapy","14":"tag-astuces-deco","15":"tag-blogue-deco-quebecois","16":"tag-blogue-decoration-montreal","17":"tag-boutiques-de-deco","18":"tag-deco-montreal","19":"tag-deco-therapie","20":"tag-decoration-blog-montreal","21":"tag-decoration-quebec","22":"tag-decorer-a-petits-prix","23":"tag-forever-house-2","24":"tag-house-beautiful","25":"tag-idees-deco","26":"tag-idees-pour-la-maison","27":"tag-lonny","28":"tag-mobilier-exterieur-montreal","29":"tag-mobilier-exterieur-west-elm","30":"tag-repertoire-decoration-montreal","31":"tag-repertoire-decoration-quebec","32":"tag-rue-magazine","33":"tag-vanessa-sicotte","34":"entry","35":"has-post-thumbnail"},"yoast_head":"<!-- This site is optimized with the Yoast SEO plugin v27.4 - https:\/\/yoast.com\/product\/yoast-seo-wordpress\/ -->\n<title>Ma cour urbaine: l&#039;inspiration<\/title>\n<meta name=\"description\" content=\"Bon et bien on attaque la transformation de notre petite cour urbaine. Premi\u00e8re \u00e9tape: l&#039;inspiration\" \/>\n<meta name=\"robots\" content=\"index, follow, max-snippet:-1, max-image-preview:large, max-video-preview:-1\" \/>\n<link rel=\"canonical\" href=\"https:\/\/damasketdentelle.com\/index.php\/2015\/05\/ma-cour-urbaine-inspiration\/\" \/>\n<meta property=\"og:locale\" content=\"en_US\" \/>\n<meta property=\"og:type\" content=\"article\" \/>\n<meta property=\"og:title\" content=\"Ma cour urbaine: l&#039;inspiration\" \/>\n<meta property=\"og:description\" content=\"Bon et bien on attaque la transformation de notre petite cour urbaine. Premi\u00e8re \u00e9tape: l&#039;inspiration\" \/>\n<meta property=\"og:url\" content=\"https:\/\/damasketdentelle.com\/index.php\/2015\/05\/ma-cour-urbaine-inspiration\/\" \/>\n<meta property=\"og:site_name\" content=\"Damask &amp; Dentelle\" \/>\n<meta property=\"article:publisher\" content=\"https:\/\/www.facebook.com\/damasketdentelle\" \/>\n<meta property=\"article:published_time\" content=\"2015-05-05T23:16:36+00:00\" \/>\n<meta property=\"article:modified_time\" content=\"2020-07-30T17:23:06+00:00\" \/>\n<meta property=\"og:image\" content=\"http:\/\/blog.damasketdentelle.com\/wp-content\/uploads\/inspiration-cour-urbaine-1.jpg\" \/>\n<meta name=\"author\" content=\"Vanessa Sicotte\" \/>\n<meta name=\"twitter:label1\" content=\"Written by\" \/>\n\t<meta name=\"twitter:data1\" content=\"Vanessa Sicotte\" \/>\n\t<meta name=\"twitter:label2\" content=\"Est. reading time\" \/>\n\t<meta name=\"twitter:data2\" content=\"3 minutes\" \/>\n<script type=\"application\/ld+json\" class=\"yoast-schema-graph\">{\"@context\":\"https:\\\/\\\/schema.org\",\"@graph\":[{\"@type\":\"Article\",\"@id\":\"https:\\\/\\\/damasketdentelle.com\\\/index.php\\\/2015\\\/05\\\/ma-cour-urbaine-inspiration\\\/#article\",\"isPartOf\":{\"@id\":\"https:\\\/\\\/damasketdentelle.com\\\/index.php\\\/2015\\\/05\\\/ma-cour-urbaine-inspiration\\\/\"},\"author\":{\"name\":\"Vanessa Sicotte\",\"@id\":\"https:\\\/\\\/damasketdentelle.com\\\/#\\\/schema\\\/person\\\/ab66dcd0f6a0e1954b4a4aaac173acee\"},\"headline\":\"Ma cour urbaine: l&#8217;inspiration\",\"datePublished\":\"2015-05-05T23:16:36+00:00\",\"dateModified\":\"2020-07-30T17:23:06+00:00\",\"mainEntityOfPage\":{\"@id\":\"https:\\\/\\\/damasketdentelle.com\\\/index.php\\\/2015\\\/05\\\/ma-cour-urbaine-inspiration\\\/\"},\"wordCount\":671,\"commentCount\":5,\"image\":{\"@id\":\"https:\\\/\\\/damasketdentelle.com\\\/index.php\\\/2015\\\/05\\\/ma-cour-urbaine-inspiration\\\/#primaryimage\"},\"thumbnailUrl\":\"http:\\\/\\\/blog.damasketdentelle.com\\\/wp-content\\\/uploads\\\/inspiration-cour-urbaine-1.jpg\",\"keywords\":[\"am\u00e9nagement\",\"am\u00e9nagement de la cour\",\"am\u00e9nager une cour urbaine\",\"Am\u00e9nager une petite cour\",\"annuaire d\u00e9coration Montr\u00e9al\",\"Apartment Therapy\",\"astuces d\u00e9co\",\"blogue d\u00e9co qu\u00e9b\u00e9cois\",\"blogue d\u00e9coration Montr\u00e9al\",\"boutiques de d\u00e9co\",\"D\u00e9co Montr\u00e9al\",\"D\u00e9co Th\u00e9rapie\",\"decoration blog montreal\",\"D\u00e9coration Qu\u00e9bec\",\"d\u00e9corer \u00e0 petits prix\",\"Forever house\",\"House Beautiful\",\"id\u00e9es d\u00e9co\",\"Id\u00e9es pour la maison\",\"Lonny\",\"mobilier ext\u00e9rieur Montr\u00e9al\",\"mobilier ext\u00e9rieur West Elm\",\"R\u00e9pertoire D\u00e9coration Montr\u00e9al\",\"R\u00e9pertoire d\u00e9coration Qu\u00e9bec\",\"Rue Magazine\",\"Vanessa Sicotte\"],\"articleSection\":[\"\u00c9t\u00e9\",\"Forever House\"],\"inLanguage\":\"en-US\",\"potentialAction\":[{\"@type\":\"CommentAction\",\"name\":\"Comment\",\"target\":[\"https:\\\/\\\/damasketdentelle.com\\\/index.php\\\/2015\\\/05\\\/ma-cour-urbaine-inspiration\\\/#respond\"]}]},{\"@type\":\"WebPage\",\"@id\":\"https:\\\/\\\/damasketdentelle.com\\\/index.php\\\/2015\\\/05\\\/ma-cour-urbaine-inspiration\\\/\",\"url\":\"https:\\\/\\\/damasketdentelle.com\\\/index.php\\\/2015\\\/05\\\/ma-cour-urbaine-inspiration\\\/\",\"name\":\"Ma cour urbaine: l'inspiration\",\"isPartOf\":{\"@id\":\"https:\\\/\\\/damasketdentelle.com\\\/#website\"},\"primaryImageOfPage\":{\"@id\":\"https:\\\/\\\/damasketdentelle.com\\\/index.php\\\/2015\\\/05\\\/ma-cour-urbaine-inspiration\\\/#primaryimage\"},\"image\":{\"@id\":\"https:\\\/\\\/damasketdentelle.com\\\/index.php\\\/2015\\\/05\\\/ma-cour-urbaine-inspiration\\\/#primaryimage\"},\"thumbnailUrl\":\"http:\\\/\\\/blog.damasketdentelle.com\\\/wp-content\\\/uploads\\\/inspiration-cour-urbaine-1.jpg\",\"datePublished\":\"2015-05-05T23:16:36+00:00\",\"dateModified\":\"2020-07-30T17:23:06+00:00\",\"author\":{\"@id\":\"https:\\\/\\\/damasketdentelle.com\\\/#\\\/schema\\\/person\\\/ab66dcd0f6a0e1954b4a4aaac173acee\"},\"description\":\"Bon et bien on attaque la transformation de notre petite cour urbaine. Premi\u00e8re \u00e9tape: l'inspiration\",\"breadcrumb\":{\"@id\":\"https:\\\/\\\/damasketdentelle.com\\\/index.php\\\/2015\\\/05\\\/ma-cour-urbaine-inspiration\\\/#breadcrumb\"},\"inLanguage\":\"en-US\",\"potentialAction\":[{\"@type\":\"ReadAction\",\"target\":[\"https:\\\/\\\/damasketdentelle.com\\\/index.php\\\/2015\\\/05\\\/ma-cour-urbaine-inspiration\\\/\"]}]},{\"@type\":\"ImageObject\",\"inLanguage\":\"en-US\",\"@id\":\"https:\\\/\\\/damasketdentelle.com\\\/index.php\\\/2015\\\/05\\\/ma-cour-urbaine-inspiration\\\/#primaryimage\",\"url\":\"http:\\\/\\\/blog.damasketdentelle.com\\\/wp-content\\\/uploads\\\/inspiration-cour-urbaine-1.jpg\",\"contentUrl\":\"http:\\\/\\\/blog.damasketdentelle.com\\\/wp-content\\\/uploads\\\/inspiration-cour-urbaine-1.jpg\"},{\"@type\":\"BreadcrumbList\",\"@id\":\"https:\\\/\\\/damasketdentelle.com\\\/index.php\\\/2015\\\/05\\\/ma-cour-urbaine-inspiration\\\/#breadcrumb\",\"itemListElement\":[{\"@type\":\"ListItem\",\"position\":1,\"name\":\"Home\",\"item\":\"https:\\\/\\\/damasketdentelle.com\\\/\"},{\"@type\":\"ListItem\",\"position\":2,\"name\":\"Ma cour urbaine: l&#8217;inspiration\"}]},{\"@type\":\"WebSite\",\"@id\":\"https:\\\/\\\/damasketdentelle.com\\\/#website\",\"url\":\"https:\\\/\\\/damasketdentelle.com\\\/\",\"name\":\"Damask &amp; Dentelle\",\"description\":\"Storytelling, Design and urban manifestos\",\"potentialAction\":[{\"@type\":\"SearchAction\",\"target\":{\"@type\":\"EntryPoint\",\"urlTemplate\":\"https:\\\/\\\/damasketdentelle.com\\\/?s={search_term_string}\"},\"query-input\":{\"@type\":\"PropertyValueSpecification\",\"valueRequired\":true,\"valueName\":\"search_term_string\"}}],\"inLanguage\":\"en-US\"},{\"@type\":\"Person\",\"@id\":\"https:\\\/\\\/damasketdentelle.com\\\/#\\\/schema\\\/person\\\/ab66dcd0f6a0e1954b4a4aaac173acee\",\"name\":\"Vanessa Sicotte\",\"image\":{\"@type\":\"ImageObject\",\"inLanguage\":\"en-US\",\"@id\":\"https:\\\/\\\/secure.gravatar.com\\\/avatar\\\/7710c0e6cd087dff617e494d4e51105fae871a738d48c9031273d8920420be5b?s=96&d=mm&r=g\",\"url\":\"https:\\\/\\\/secure.gravatar.com\\\/avatar\\\/7710c0e6cd087dff617e494d4e51105fae871a738d48c9031273d8920420be5b?s=96&d=mm&r=g\",\"contentUrl\":\"https:\\\/\\\/secure.gravatar.com\\\/avatar\\\/7710c0e6cd087dff617e494d4e51105fae871a738d48c9031273d8920420be5b?s=96&d=mm&r=g\",\"caption\":\"Vanessa Sicotte\"},\"sameAs\":[\"https:\\\/\\\/blog.damasketdentelle.com\\\/wp-login.php\"],\"url\":\"https:\\\/\\\/damasketdentelle.com\\\/index.php\\\/author\\\/vanessa\\\/\"}]}<\/script>\n<!-- \/ Yoast SEO plugin. -->","yoast_head_json":{"title":"Ma cour urbaine: l'inspiration","description":"Bon et bien on attaque la transformation de notre petite cour urbaine. Premi\u00e8re \u00e9tape: l'inspiration","robots":{"index":"index","follow":"follow","max-snippet":"max-snippet:-1","max-image-preview":"max-image-preview:large","max-video-preview":"max-video-preview:-1"},"canonical":"https:\/\/damasketdentelle.com\/index.php\/2015\/05\/ma-cour-urbaine-inspiration\/","og_locale":"en_US","og_type":"article","og_title":"Ma cour urbaine: l'inspiration","og_description":"Bon et bien on attaque la transformation de notre petite cour urbaine. Premi\u00e8re \u00e9tape: l'inspiration","og_url":"https:\/\/damasketdentelle.com\/index.php\/2015\/05\/ma-cour-urbaine-inspiration\/","og_site_name":"Damask &amp; Dentelle","article_publisher":"https:\/\/www.facebook.com\/damasketdentelle","article_published_time":"2015-05-05T23:16:36+00:00","article_modified_time":"2020-07-30T17:23:06+00:00","og_image":[{"url":"http:\/\/blog.damasketdentelle.com\/wp-content\/uploads\/inspiration-cour-urbaine-1.jpg","type":"","width":"","height":""}],"author":"Vanessa Sicotte","twitter_misc":{"Written by":"Vanessa Sicotte","Est. reading time":"3 minutes"},"schema":{"@context":"https:\/\/schema.org","@graph":[{"@type":"Article","@id":"https:\/\/damasketdentelle.com\/index.php\/2015\/05\/ma-cour-urbaine-inspiration\/#article","isPartOf":{"@id":"https:\/\/damasketdentelle.com\/index.php\/2015\/05\/ma-cour-urbaine-inspiration\/"},"author":{"name":"Vanessa Sicotte","@id":"https:\/\/damasketdentelle.com\/#\/schema\/person\/ab66dcd0f6a0e1954b4a4aaac173acee"},"headline":"Ma cour urbaine: l&#8217;inspiration","datePublished":"2015-05-05T23:16:36+00:00","dateModified":"2020-07-30T17:23:06+00:00","mainEntityOfPage":{"@id":"https:\/\/damasketdentelle.com\/index.php\/2015\/05\/ma-cour-urbaine-inspiration\/"},"wordCount":671,"commentCount":5,"image":{"@id":"https:\/\/damasketdentelle.com\/index.php\/2015\/05\/ma-cour-urbaine-inspiration\/#primaryimage"},"thumbnailUrl":"http:\/\/blog.damasketdentelle.com\/wp-content\/uploads\/inspiration-cour-urbaine-1.jpg","keywords":["am\u00e9nagement","am\u00e9nagement de la cour","am\u00e9nager une cour urbaine","Am\u00e9nager une petite cour","annuaire d\u00e9coration Montr\u00e9al","Apartment Therapy","astuces d\u00e9co","blogue d\u00e9co qu\u00e9b\u00e9cois","blogue d\u00e9coration Montr\u00e9al","boutiques de d\u00e9co","D\u00e9co Montr\u00e9al","D\u00e9co Th\u00e9rapie","decoration blog montreal","D\u00e9coration Qu\u00e9bec","d\u00e9corer \u00e0 petits prix","Forever house","House Beautiful","id\u00e9es d\u00e9co","Id\u00e9es pour la maison","Lonny","mobilier ext\u00e9rieur Montr\u00e9al","mobilier ext\u00e9rieur West Elm","R\u00e9pertoire D\u00e9coration Montr\u00e9al","R\u00e9pertoire d\u00e9coration Qu\u00e9bec","Rue Magazine","Vanessa Sicotte"],"articleSection":["\u00c9t\u00e9","Forever House"],"inLanguage":"en-US","potentialAction":[{"@type":"CommentAction","name":"Comment","target":["https:\/\/damasketdentelle.com\/index.php\/2015\/05\/ma-cour-urbaine-inspiration\/#respond"]}]},{"@type":"WebPage","@id":"https:\/\/damasketdentelle.com\/index.php\/2015\/05\/ma-cour-urbaine-inspiration\/","url":"https:\/\/damasketdentelle.com\/index.php\/2015\/05\/ma-cour-urbaine-inspiration\/","name":"Ma cour urbaine: l'inspiration","isPartOf":{"@id":"https:\/\/damasketdentelle.com\/#website"},"primaryImageOfPage":{"@id":"https:\/\/damasketdentelle.com\/index.php\/2015\/05\/ma-cour-urbaine-inspiration\/#primaryimage"},"image":{"@id":"https:\/\/damasketdentelle.com\/index.php\/2015\/05\/ma-cour-urbaine-inspiration\/#primaryimage"},"thumbnailUrl":"http:\/\/blog.damasketdentelle.com\/wp-content\/uploads\/inspiration-cour-urbaine-1.jpg","datePublished":"2015-05-05T23:16:36+00:00","dateModified":"2020-07-30T17:23:06+00:00","author":{"@id":"https:\/\/damasketdentelle.com\/#\/schema\/person\/ab66dcd0f6a0e1954b4a4aaac173acee"},"description":"Bon et bien on attaque la transformation de notre petite cour urbaine. Premi\u00e8re \u00e9tape: l'inspiration","breadcrumb":{"@id":"https:\/\/damasketdentelle.com\/index.php\/2015\/05\/ma-cour-urbaine-inspiration\/#breadcrumb"},"inLanguage":"en-US","potentialAction":[{"@type":"ReadAction","target":["https:\/\/damasketdentelle.com\/index.php\/2015\/05\/ma-cour-urbaine-inspiration\/"]}]},{"@type":"ImageObject","inLanguage":"en-US","@id":"https:\/\/damasketdentelle.com\/index.php\/2015\/05\/ma-cour-urbaine-inspiration\/#primaryimage","url":"http:\/\/blog.damasketdentelle.com\/wp-content\/uploads\/inspiration-cour-urbaine-1.jpg","contentUrl":"http:\/\/blog.damasketdentelle.com\/wp-content\/uploads\/inspiration-cour-urbaine-1.jpg"},{"@type":"BreadcrumbList","@id":"https:\/\/damasketdentelle.com\/index.php\/2015\/05\/ma-cour-urbaine-inspiration\/#breadcrumb","itemListElement":[{"@type":"ListItem","position":1,"name":"Home","item":"https:\/\/damasketdentelle.com\/"},{"@type":"ListItem","position":2,"name":"Ma cour urbaine: l&#8217;inspiration"}]},{"@type":"WebSite","@id":"https:\/\/damasketdentelle.com\/#website","url":"https:\/\/damasketdentelle.com\/","name":"Damask &amp; Dentelle","description":"Storytelling, Design and urban manifestos","potentialAction":[{"@type":"SearchAction","target":{"@type":"EntryPoint","urlTemplate":"https:\/\/damasketdentelle.com\/?s={search_term_string}"},"query-input":{"@type":"PropertyValueSpecification","valueRequired":true,"valueName":"search_term_string"}}],"inLanguage":"en-US"},{"@type":"Person","@id":"https:\/\/damasketdentelle.com\/#\/schema\/person\/ab66dcd0f6a0e1954b4a4aaac173acee","name":"Vanessa Sicotte","image":{"@type":"ImageObject","inLanguage":"en-US","@id":"https:\/\/secure.gravatar.com\/avatar\/7710c0e6cd087dff617e494d4e51105fae871a738d48c9031273d8920420be5b?s=96&d=mm&r=g","url":"https:\/\/secure.gravatar.com\/avatar\/7710c0e6cd087dff617e494d4e51105fae871a738d48c9031273d8920420be5b?s=96&d=mm&r=g","contentUrl":"https:\/\/secure.gravatar.com\/avatar\/7710c0e6cd087dff617e494d4e51105fae871a738d48c9031273d8920420be5b?s=96&d=mm&r=g","caption":"Vanessa Sicotte"},"sameAs":["https:\/\/blog.damasketdentelle.com\/wp-login.php"],"url":"https:\/\/damasketdentelle.com\/index.php\/author\/vanessa\/"}]}},"_links":{"self":[{"href":"https:\/\/damasketdentelle.com\/index.php\/wp-json\/wp\/v2\/posts\/14726","targetHints":{"allow":["GET"]}}],"collection":[{"href":"https:\/\/damasketdentelle.com\/index.php\/wp-json\/wp\/v2\/posts"}],"about":[{"href":"https:\/\/damasketdentelle.com\/index.php\/wp-json\/wp\/v2\/types\/post"}],"author":[{"embeddable":true,"href":"https:\/\/damasketdentelle.com\/index.php\/wp-json\/wp\/v2\/users\/1"}],"replies":[{"embeddable":true,"href":"https:\/\/damasketdentelle.com\/index.php\/wp-json\/wp\/v2\/comments?post=14726"}],"version-history":[{"count":11,"href":"https:\/\/damasketdentelle.com\/index.php\/wp-json\/wp\/v2\/posts\/14726\/revisions"}],"predecessor-version":[{"id":26666,"href":"https:\/\/damasketdentelle.com\/index.php\/wp-json\/wp\/v2\/posts\/14726\/revisions\/26666"}],"wp:attachment":[{"href":"https:\/\/damasketdentelle.com\/index.php\/wp-json\/wp\/v2\/media?parent=14726"}],"wp:term":[{"taxonomy":"category","embeddable":true,"href":"https:\/\/damasketdentelle.com\/index.php\/wp-json\/wp\/v2\/categories?post=14726"},{"taxonomy":"post_tag","embeddable":true,"href":"https:\/\/damasketdentelle.com\/index.php\/wp-json\/wp\/v2\/tags?post=14726"}],"curies":[{"name":"wp","href":"https:\/\/api.w.org\/{rel}","templated":true}]}}