{"id":14982,"date":"2015-06-05T07:09:44","date_gmt":"2015-06-05T11:09:44","guid":{"rendered":"http:\/\/blog.damasketdentelle.com\/?p=14982"},"modified":"2020-07-30T13:21:43","modified_gmt":"2020-07-30T17:21:43","slug":"shopping-a-paris","status":"publish","type":"post","link":"https:\/\/damasketdentelle.com\/index.php\/2015\/06\/shopping-a-paris\/","title":{"rendered":"Shopping \u00e0 Paris"},"content":{"rendered":"<h2><img loading=\"lazy\" decoding=\"async\" class=\"aligncenter size-large wp-image-14964\" src=\"http:\/\/blog.damasketdentelle.com\/wp-content\/uploads\/peonies2-695x695.jpg\" alt=\"peonies\" width=\"695\" height=\"695\" srcset=\"https:\/\/blog.damasketdentelle.com\/wp-content\/uploads\/peonies2-695x695.jpg 695w, https:\/\/blog.damasketdentelle.com\/wp-content\/uploads\/peonies2-150x150.jpg 150w, https:\/\/blog.damasketdentelle.com\/wp-content\/uploads\/peonies2-450x450.jpg 450w, https:\/\/blog.damasketdentelle.com\/wp-content\/uploads\/peonies2-768x768.jpg 768w, https:\/\/blog.damasketdentelle.com\/wp-content\/uploads\/peonies2-320x320.jpg 320w, https:\/\/blog.damasketdentelle.com\/wp-content\/uploads\/peonies2.jpg 1040w\" sizes=\"auto, (max-width: 695px) 100vw, 695px\" \/><\/h2>\n<p>Plus t\u00f4t cette semaine je vous partageais quelqu&#8217;uns de <a href=\"http:\/\/blog.damasketdentelle.com\/index.php\/2015\/06\/paris-my-favorite-spots\/\" target=\"_blank\" rel=\"noopener noreferrer\">mes coups de coeur de la Ville Lumi\u00e8re<\/a>. Et bien aujourd&#8217;hui&#8230; c&#8217;est tout \u00e0 propos du shopping! Je sais que j&#8217;ai dit que mon seul but lors du voyage \u00e9tait de me gorger des beaut\u00e9s architecturales de la ville, mais bon, soyons honn\u00eate une minute, la mode fait partie int\u00e9grante de ce que Paris a de plus beau \u00e0 offrir et j&#8217;aurais \u00e9t\u00e9 folle de m&#8217;en passer n&#8217;est-ce pas? Exactement. Voici donc quelques-unes de mes adresses pr\u00e9f\u00e9r\u00e9es.<\/p>\n<h2>Merci<\/h2>\n<p>Au coeur du quartier du Haut-Marais, la boutique\u00a0<a href=\"http:\/\/www.merci-merci.com\/fr\/\" target=\"_blank\" rel=\"noopener noreferrer\">Merci<\/a> (111 boulevard Beaumarchais) est rapidement devenu une destination shopping tant pour la mode que la d\u00e9co. J&#8217;aime le concept de la boutique, ouverte depuis 2009, qui met de l&#8217;avant des cr\u00e9ateurs \u00e9mergents mais aussi des artisans de partout \u00e0 travers le monde et ce, dans le but de dire &#8220;Merci&#8221; \u00e0 la vie. On aime on aime! Les prix ne sont pas donn\u00e9s, mais vous pouvez ais\u00e9ment repartir avec des articles sign\u00e9s Merci \u00e0 petit prix.<\/p>\n<p><img loading=\"lazy\" decoding=\"async\" class=\"aligncenter size-large wp-image-14933\" src=\"http:\/\/blog.damasketdentelle.com\/wp-content\/uploads\/boutique_merci_paris-1-695x695.jpg\" alt=\"boutique_merci_paris-1\" width=\"695\" height=\"695\" srcset=\"https:\/\/blog.damasketdentelle.com\/wp-content\/uploads\/boutique_merci_paris-1-695x695.jpg 695w, https:\/\/blog.damasketdentelle.com\/wp-content\/uploads\/boutique_merci_paris-1-150x150.jpg 150w, https:\/\/blog.damasketdentelle.com\/wp-content\/uploads\/boutique_merci_paris-1-450x450.jpg 450w, https:\/\/blog.damasketdentelle.com\/wp-content\/uploads\/boutique_merci_paris-1-768x768.jpg 768w, https:\/\/blog.damasketdentelle.com\/wp-content\/uploads\/boutique_merci_paris-1-320x320.jpg 320w, https:\/\/blog.damasketdentelle.com\/wp-content\/uploads\/boutique_merci_paris-1.jpg 1040w\" sizes=\"auto, (max-width: 695px) 100vw, 695px\" \/><\/p>\n<p><img loading=\"lazy\" decoding=\"async\" class=\"aligncenter size-large wp-image-14934\" src=\"http:\/\/blog.damasketdentelle.com\/wp-content\/uploads\/boutique_merci_paris-2-695x695.jpg\" alt=\"boutique_merci_paris-2\" width=\"695\" height=\"695\" srcset=\"https:\/\/blog.damasketdentelle.com\/wp-content\/uploads\/boutique_merci_paris-2-695x695.jpg 695w, https:\/\/blog.damasketdentelle.com\/wp-content\/uploads\/boutique_merci_paris-2-150x150.jpg 150w, https:\/\/blog.damasketdentelle.com\/wp-content\/uploads\/boutique_merci_paris-2-450x450.jpg 450w, https:\/\/blog.damasketdentelle.com\/wp-content\/uploads\/boutique_merci_paris-2-768x768.jpg 768w, https:\/\/blog.damasketdentelle.com\/wp-content\/uploads\/boutique_merci_paris-2-320x320.jpg 320w, https:\/\/blog.damasketdentelle.com\/wp-content\/uploads\/boutique_merci_paris-2.jpg 1040w\" sizes=\"auto, (max-width: 695px) 100vw, 695px\" \/><\/p>\n<p><img loading=\"lazy\" decoding=\"async\" class=\"aligncenter size-large wp-image-14935\" src=\"http:\/\/blog.damasketdentelle.com\/wp-content\/uploads\/boutique_merci_paris-3-695x695.jpg\" alt=\"boutique_merci_paris-3\" width=\"695\" height=\"695\" srcset=\"https:\/\/blog.damasketdentelle.com\/wp-content\/uploads\/boutique_merci_paris-3-695x695.jpg 695w, https:\/\/blog.damasketdentelle.com\/wp-content\/uploads\/boutique_merci_paris-3-150x150.jpg 150w, https:\/\/blog.damasketdentelle.com\/wp-content\/uploads\/boutique_merci_paris-3-450x450.jpg 450w, https:\/\/blog.damasketdentelle.com\/wp-content\/uploads\/boutique_merci_paris-3-768x768.jpg 768w, https:\/\/blog.damasketdentelle.com\/wp-content\/uploads\/boutique_merci_paris-3-320x320.jpg 320w, https:\/\/blog.damasketdentelle.com\/wp-content\/uploads\/boutique_merci_paris-3.jpg 1040w\" sizes=\"auto, (max-width: 695px) 100vw, 695px\" \/><\/p>\n<h2>Les Galeries Lafayette<\/h2>\n<p>Visiter les\u00a0<a href=\"http:\/\/www.galerieslafayette.com\" target=\"_blank\" rel=\"noopener noreferrer\">Galeries Lafayette<\/a>\u00a0(40, Boulevard Haussmann), est un rite de passage pour tout\u00a0adepte de la mode entrant cette cath\u00e9drale du shopping. Ceci \u00e9tant dit, il faut \u00eatre plut\u00f4t motiv\u00e9 pour s&#8217;aventurer dans cette mar\u00e9e de gens, de fragrances flottant dans l&#8217;air et de concessions de nombreuses grandes marques. Malgr\u00e9 tout, le jeu en vaut la chandelle ne serait-ce que pour admirer le d\u00f4me d&#8217;acier et de verre de style Haussmanien \u00e9rig\u00e9 en 1912. Trouvez aussi les ascenseurs pour vous frayer un chemin jusqu&#8217;au toit de l&#8217;immeuble et ainsi visiter la terrasse surplombant la ville. \u00c7a vaut vraiment la peine.<\/p>\n<p><img loading=\"lazy\" decoding=\"async\" class=\"aligncenter size-large wp-image-14912\" src=\"http:\/\/blog.damasketdentelle.com\/wp-content\/uploads\/Les_galeries_lafayette_paris-695x927.jpg\" alt=\"Les_galeries_lafayette_paris\" width=\"695\" height=\"927\" srcset=\"https:\/\/blog.damasketdentelle.com\/wp-content\/uploads\/Les_galeries_lafayette_paris-695x927.jpg 695w, https:\/\/blog.damasketdentelle.com\/wp-content\/uploads\/Les_galeries_lafayette_paris-337x450.jpg 337w, https:\/\/blog.damasketdentelle.com\/wp-content\/uploads\/Les_galeries_lafayette_paris-768x1024.jpg 768w, https:\/\/blog.damasketdentelle.com\/wp-content\/uploads\/Les_galeries_lafayette_paris.jpg 1040w\" sizes=\"auto, (max-width: 695px) 100vw, 695px\" \/><\/p>\n<p><img loading=\"lazy\" decoding=\"async\" class=\"aligncenter size-large wp-image-14922\" src=\"http:\/\/blog.damasketdentelle.com\/wp-content\/uploads\/rooftop_terrasse_paris-695x521.jpg\" alt=\"rooftop_terrasse_paris\" width=\"695\" height=\"521\" srcset=\"https:\/\/blog.damasketdentelle.com\/wp-content\/uploads\/rooftop_terrasse_paris-695x521.jpg 695w, https:\/\/blog.damasketdentelle.com\/wp-content\/uploads\/rooftop_terrasse_paris-450x338.jpg 450w, https:\/\/blog.damasketdentelle.com\/wp-content\/uploads\/rooftop_terrasse_paris-768x576.jpg 768w, https:\/\/blog.damasketdentelle.com\/wp-content\/uploads\/rooftop_terrasse_paris.jpg 1040w\" sizes=\"auto, (max-width: 695px) 100vw, 695px\" \/><\/p>\n<p><img loading=\"lazy\" decoding=\"async\" class=\"aligncenter size-large wp-image-14962\" src=\"http:\/\/blog.damasketdentelle.com\/wp-content\/uploads\/marni-paris-695x521.jpg\" alt=\"marni paris\" width=\"695\" height=\"521\" srcset=\"https:\/\/blog.damasketdentelle.com\/wp-content\/uploads\/marni-paris-695x521.jpg 695w, https:\/\/blog.damasketdentelle.com\/wp-content\/uploads\/marni-paris-450x338.jpg 450w, https:\/\/blog.damasketdentelle.com\/wp-content\/uploads\/marni-paris-768x576.jpg 768w, https:\/\/blog.damasketdentelle.com\/wp-content\/uploads\/marni-paris.jpg 1040w\" sizes=\"auto, (max-width: 695px) 100vw, 695px\" \/><\/p>\n<p><img loading=\"lazy\" decoding=\"async\" class=\"aligncenter size-large wp-image-14938\" src=\"http:\/\/blog.damasketdentelle.com\/wp-content\/uploads\/Dyptique_paris-695x869.jpg\" alt=\"Dyptique_paris\" width=\"695\" height=\"869\" srcset=\"https:\/\/blog.damasketdentelle.com\/wp-content\/uploads\/Dyptique_paris-695x869.jpg 695w, https:\/\/blog.damasketdentelle.com\/wp-content\/uploads\/Dyptique_paris-360x450.jpg 360w, https:\/\/blog.damasketdentelle.com\/wp-content\/uploads\/Dyptique_paris-768x961.jpg 768w, https:\/\/blog.damasketdentelle.com\/wp-content\/uploads\/Dyptique_paris.jpg 1040w\" sizes=\"auto, (max-width: 695px) 100vw, 695px\" \/><\/p>\n<h2>Le Printemps<\/h2>\n<p><a href=\"http:\/\/150.printemps.com\" target=\"_blank\" rel=\"noopener noreferrer\">Le Printemps<\/a>\u00a0f\u00eate cette ann\u00e9e son 150 \u00e8me printemps et ils le font avec une couleur en t\u00eate. Tout de rose v\u00eatu, le majestueux grand magasin regorge de boutiques, toutes aussi lumineuses et sophistiqu\u00e9es les unes que les autres. Visitez leur site web pour tous <a href=\"http:\/\/www.printemps.com\/?ln=fr\" target=\"_blank\" rel=\"noopener noreferrer\">les \u00e9v\u00e8nements<\/a> entourant cet anniversaire. J&#8217;ai vraiment aim\u00e9 les diff\u00e9rentes collaborations que le magasin a fait avec plusieurs marques afin de cr\u00e9er des produits uniques, et roses, pour l&#8217;occasion.<\/p>\n<p><img loading=\"lazy\" decoding=\"async\" class=\"aligncenter size-large wp-image-14970\" src=\"http:\/\/blog.damasketdentelle.com\/wp-content\/uploads\/le-printemps-paris-1-695x800.jpg\" alt=\"le printemps paris-1\" width=\"695\" height=\"800\" srcset=\"https:\/\/blog.damasketdentelle.com\/wp-content\/uploads\/le-printemps-paris-1-695x800.jpg 695w, https:\/\/blog.damasketdentelle.com\/wp-content\/uploads\/le-printemps-paris-1-391x450.jpg 391w, https:\/\/blog.damasketdentelle.com\/wp-content\/uploads\/le-printemps-paris-1-768x884.jpg 768w, https:\/\/blog.damasketdentelle.com\/wp-content\/uploads\/le-printemps-paris-1.jpg 1040w\" sizes=\"auto, (max-width: 695px) 100vw, 695px\" \/><\/p>\n<p><img loading=\"lazy\" decoding=\"async\" class=\"aligncenter size-large wp-image-14961\" src=\"http:\/\/blog.damasketdentelle.com\/wp-content\/uploads\/les-galeries-lafayette-695x695.jpg\" alt=\"les galeries lafayette\" width=\"695\" height=\"695\" srcset=\"https:\/\/blog.damasketdentelle.com\/wp-content\/uploads\/les-galeries-lafayette-695x695.jpg 695w, https:\/\/blog.damasketdentelle.com\/wp-content\/uploads\/les-galeries-lafayette-150x150.jpg 150w, https:\/\/blog.damasketdentelle.com\/wp-content\/uploads\/les-galeries-lafayette-450x450.jpg 450w, https:\/\/blog.damasketdentelle.com\/wp-content\/uploads\/les-galeries-lafayette-768x768.jpg 768w, https:\/\/blog.damasketdentelle.com\/wp-content\/uploads\/les-galeries-lafayette-320x320.jpg 320w, https:\/\/blog.damasketdentelle.com\/wp-content\/uploads\/les-galeries-lafayette.jpg 1040w\" sizes=\"auto, (max-width: 695px) 100vw, 695px\" \/><\/p>\n<p><img loading=\"lazy\" decoding=\"async\" class=\"aligncenter size-large wp-image-14960\" src=\"http:\/\/blog.damasketdentelle.com\/wp-content\/uploads\/galeries-lafayette-695x815.jpg\" alt=\"galeries lafayette\" width=\"695\" height=\"815\" srcset=\"https:\/\/blog.damasketdentelle.com\/wp-content\/uploads\/galeries-lafayette-695x815.jpg 695w, https:\/\/blog.damasketdentelle.com\/wp-content\/uploads\/galeries-lafayette-384x450.jpg 384w, https:\/\/blog.damasketdentelle.com\/wp-content\/uploads\/galeries-lafayette-768x901.jpg 768w, https:\/\/blog.damasketdentelle.com\/wp-content\/uploads\/galeries-lafayette.jpg 1040w\" sizes=\"auto, (max-width: 695px) 100vw, 695px\" \/><\/p>\n<p><img loading=\"lazy\" decoding=\"async\" class=\"aligncenter size-large wp-image-14969\" src=\"http:\/\/blog.damasketdentelle.com\/wp-content\/uploads\/zadig-et-voltaire-695x813.jpg\" alt=\"zadig et voltaire\" width=\"695\" height=\"813\" srcset=\"https:\/\/blog.damasketdentelle.com\/wp-content\/uploads\/zadig-et-voltaire-695x813.jpg 695w, https:\/\/blog.damasketdentelle.com\/wp-content\/uploads\/zadig-et-voltaire-385x450.jpg 385w, https:\/\/blog.damasketdentelle.com\/wp-content\/uploads\/zadig-et-voltaire-768x899.jpg 768w, https:\/\/blog.damasketdentelle.com\/wp-content\/uploads\/zadig-et-voltaire.jpg 1040w\" sizes=\"auto, (max-width: 695px) 100vw, 695px\" \/><\/p>\n<h2>J.Crew<\/h2>\n<p>En mars dernier ouvrait <a href=\"http:\/\/hello.jcrew.com\/2015-02-mar\/bonjour-jcrew-paris\" target=\"_blank\" rel=\"noopener noreferrer\">la toute premi\u00e8re boutique J.Crew<\/a> en France. Situ\u00e9e dans le Marais\u00a0(12 Rue Malher), la boutique vend le penchant haut de gamme de la marque. Bien s\u00fbr, il est plus facile et moins cher pour nous, nord-am\u00e9ricains, d&#8217;acheter directement du <a href=\"https:\/\/www.jcrew.com\/ca\/index.jsp\" target=\"_blank\" rel=\"noopener noreferrer\">site transactionnel<\/a>, mais qu&#8217;importe, une visite dans le Marais s&#8217;impose tant pour l&#8217;agencement des v\u00eatements que pour la d\u00e9co impeccable et r\u00e9solument parisienne.<\/p>\n<p><em>Scoop: En septembre prochain, Jenna Lyons, la pr\u00e9sidente et designer de la marque, viendra faire son tour pour la premi\u00e8re fois pour visiter la boutique fran\u00e7aise. C&#8217;est un plan pour que je fasse le pied de grue devant la boutique tout le mois. :)\u00a0<\/em><\/p>\n<p><img loading=\"lazy\" decoding=\"async\" class=\"aligncenter size-large wp-image-14909\" src=\"http:\/\/blog.damasketdentelle.com\/wp-content\/uploads\/Jcrew_paris-695x497.jpg\" alt=\"Jcrew_paris\" width=\"695\" height=\"497\" srcset=\"https:\/\/blog.damasketdentelle.com\/wp-content\/uploads\/Jcrew_paris-695x497.jpg 695w, https:\/\/blog.damasketdentelle.com\/wp-content\/uploads\/Jcrew_paris-450x322.jpg 450w, https:\/\/blog.damasketdentelle.com\/wp-content\/uploads\/Jcrew_paris-768x549.jpg 768w, https:\/\/blog.damasketdentelle.com\/wp-content\/uploads\/Jcrew_paris.jpg 1040w\" sizes=\"auto, (max-width: 695px) 100vw, 695px\" \/><\/p>\n<p><img loading=\"lazy\" decoding=\"async\" class=\"aligncenter size-large wp-image-14932\" src=\"http:\/\/blog.damasketdentelle.com\/wp-content\/uploads\/boutique_jcrew_paris-695x927.jpg\" alt=\"boutique_jcrew_paris\" width=\"695\" height=\"927\" srcset=\"https:\/\/blog.damasketdentelle.com\/wp-content\/uploads\/boutique_jcrew_paris-695x927.jpg 695w, https:\/\/blog.damasketdentelle.com\/wp-content\/uploads\/boutique_jcrew_paris-337x450.jpg 337w, https:\/\/blog.damasketdentelle.com\/wp-content\/uploads\/boutique_jcrew_paris-768x1024.jpg 768w, https:\/\/blog.damasketdentelle.com\/wp-content\/uploads\/boutique_jcrew_paris.jpg 1040w\" sizes=\"auto, (max-width: 695px) 100vw, 695px\" \/><\/p>\n<h2>Repetto<\/h2>\n<p>Quand j&#8217;\u00e9tais petite, je r\u00eavais de devenir ballerine jusqu&#8217;\u00e0 ce qu&#8217;une professeure de danse me pr\u00e9nomme le &#8220;cornichon&#8221; tellement j&#8217;\u00e9tais grande et d\u00e9gingand\u00e9e. Plusieurs ann\u00e9es de deuil (et de &#8220;shopping therapy&#8221;) plus tard, il reste que j&#8217;entretiens encore ce r\u00eave de fillette en portant des ballerines de la marque Repetto. Ce sont non seulement les plus confortables mais aussi les plus coquettes ballerines qui existe. Point. Quelle &#8220;adon&#8221; de r\u00e9aliser alors que le studio o\u00f9 nous habitions \u00e9tait situ\u00e9 \u00e0 6 portes d&#8217;une de ces boutiques. Un signe, je vous le dit, c&#8217;\u00e9tait un signe.<\/p>\n<p><em>Note de l&#8217;auteure: J&#8217;aimerais dire que j&#8217;ai \u00e9t\u00e9 TR\u00c8S sage en achetant qu&#8217;une seule paire de chaussures alors qu&#8217;il y en avait au moins 4 qui appelaient mon nom avec beaucoup d&#8217;insistance.\u00a0<\/em><\/p>\n<p><img loading=\"lazy\" decoding=\"async\" class=\"aligncenter size-large wp-image-14966\" src=\"http:\/\/blog.damasketdentelle.com\/wp-content\/uploads\/repetto-paris-695x482.jpg\" alt=\"repetto paris\" width=\"695\" height=\"482\" srcset=\"https:\/\/blog.damasketdentelle.com\/wp-content\/uploads\/repetto-paris-695x482.jpg 695w, https:\/\/blog.damasketdentelle.com\/wp-content\/uploads\/repetto-paris-450x312.jpg 450w, https:\/\/blog.damasketdentelle.com\/wp-content\/uploads\/repetto-paris-768x533.jpg 768w, https:\/\/blog.damasketdentelle.com\/wp-content\/uploads\/repetto-paris.jpg 1040w\" sizes=\"auto, (max-width: 695px) 100vw, 695px\" \/><\/p>\n<p><img loading=\"lazy\" decoding=\"async\" class=\"aligncenter size-large wp-image-14965\" src=\"http:\/\/blog.damasketdentelle.com\/wp-content\/uploads\/repetto-paris-2-695x348.jpg\" alt=\"repetto paris-2\" width=\"695\" height=\"348\" srcset=\"https:\/\/blog.damasketdentelle.com\/wp-content\/uploads\/repetto-paris-2-695x348.jpg 695w, https:\/\/blog.damasketdentelle.com\/wp-content\/uploads\/repetto-paris-2-450x225.jpg 450w, https:\/\/blog.damasketdentelle.com\/wp-content\/uploads\/repetto-paris-2-768x384.jpg 768w, https:\/\/blog.damasketdentelle.com\/wp-content\/uploads\/repetto-paris-2.jpg 1040w\" sizes=\"auto, (max-width: 695px) 100vw, 695px\" \/><\/p>\n<h2>Un brin de lecture&#8230;parisienne<\/h2>\n<p>Finalement, voici quelques livres que j&#8217;ai lu, ou que je lis actuellement, sur Paris qui valent la peine. :)<\/p>\n<p><a href=\"http:\/\/www.renaud-bray.com\/Livres_Produit.aspx?id=1327578&amp;def=Guide+du+Paris+branch\u00e9+en+m\u00e9tro(Le)%2cCOLLECTIF%2c9782812306631\" target=\"_blank\" rel=\"noopener noreferrer\">Le Guide du Paris branch\u00e9 en M\u00e9tro<\/a> de Collectif<\/p>\n<p><a href=\"http:\/\/www.renaud-bray.com\/Livres_Produit.aspx?id=1687947&amp;def=J'adore+Paris%2cLAFL\u00c8CHE%2c+ISABELLE%2c9782764428757\" target=\"_blank\" rel=\"noopener noreferrer\">J&#8217;adore Paris<\/a> d&#8217;Isabelle Lafr\u00e8che<\/p>\n<p><a href=\"http:\/\/www.renaud-bray.com\/Livres_Produit.aspx?id=1553223&amp;def=Paris+\u00e0+petits+prix%2cCOLLECTIF%2c9782816145076\" target=\"_blank\" rel=\"noopener noreferrer\">Paris \u00e0 Petit Prix<\/a> de Collectif<\/p>\n<p><a href=\"http:\/\/www.renaud-bray.com\/Livres_Produit.aspx?id=1320791&amp;def=Paris+est+une+f\u00eate+N.+\u00e9d.%2cHEMINGWAY%2c+ERNEST%2c9782070437443\" target=\"_blank\" rel=\"noopener noreferrer\">Paris est une f\u00eate<\/a> d&#8217;Ernest Hemingway<\/p>\n<p><a href=\"http:\/\/bit.ly\/1Q3VJrN\" target=\"_blank\" rel=\"noopener noreferrer\">Paris: the Novel<\/a>\u00a0par\u00a0Edward Rutherford<\/p>\n<p id=\"title\" class=\"a-size-large a-spacing-none\"><span id=\"productTitle\" class=\"a-size-large\"><a href=\"http:\/\/bit.ly\/1cvOBSF\" target=\"_blank\" rel=\"noopener noreferrer\">Secret Paris: Color Your Way to Calm<\/a>\u00a0par\u00a0<span class=\"author notFaded\" data-width=\"\">Zoe de Las Cases<\/span><\/span><\/p>\n<div class=\"a-section a-spacing-none\">\n<p id=\"title\" class=\"a-size-large a-spacing-none\"><span id=\"productTitle\" class=\"a-size-large\"><a href=\"http:\/\/bit.ly\/1eNAr0U\" target=\"_blank\" rel=\"noopener noreferrer\">The Paris Style Guide: Shop, Eat, Sleep<\/a><\/span>\u00a0<span class=\"a-size-medium a-color-secondary a-text-normal\">(Mai 2015)\u00a0par<\/span>\u00a0<span class=\"author notFaded\" data-width=\"\">Elodie Rambaud<\/span><\/p>\n<div class=\"a-section a-spacing-none\">\n<p id=\"title\" class=\"a-size-large a-spacing-none\"><span id=\"productTitle\" class=\"a-size-large\"><a href=\"http:\/\/bit.ly\/1Q3WIs8\" target=\"_blank\" rel=\"noopener noreferrer\">Paris in Color<\/a><\/span>\u00a0<span class=\"a-size-medium a-color-secondary a-text-normal\">par\u00a0<\/span><span class=\"author notFaded\" data-width=\"\">Nichole Robertson<\/span><\/p>\n<div class=\"a-section a-spacing-none\">\n<p id=\"title\" class=\"a-size-large a-spacing-none\"><span id=\"productTitle\" class=\"a-size-large\"><a href=\"http:\/\/bit.ly\/1BHUVNm\" target=\"_blank\" rel=\"noopener noreferrer\">The 500 Hidden Secrets of Paris<\/a><\/span>\u00a0\u00a0(Janvier 2015) par\u00a0<span class=\"author notFaded\" data-width=\"\">Marie Farman<\/span><\/p>\n<div class=\"a-section a-spacing-none\">\n<p id=\"title\" class=\"a-size-large a-spacing-none\"><span id=\"productTitle\" class=\"a-size-large\"><a href=\"http:\/\/bit.ly\/1KKsneB\" target=\"_blank\" rel=\"noopener noreferrer\">Paris Street Style: Shoes<\/a><\/span>\u00a0\u00a0(<span class=\"a-size-medium a-color-secondary a-text-normal\">Mars 2015)\u00a0par<\/span>\u00a0<span class=\"author notFaded\" data-width=\"\">Isabelle Thomas<\/span><\/p>\n<p class=\"a-size-large a-spacing-none\"><img loading=\"lazy\" decoding=\"async\" class=\"aligncenter wp-image-14979\" src=\"http:\/\/blog.damasketdentelle.com\/wp-content\/uploads\/books-695x695.jpg\" alt=\"books\" width=\"668\" height=\"668\" srcset=\"https:\/\/blog.damasketdentelle.com\/wp-content\/uploads\/books-695x695.jpg 695w, https:\/\/blog.damasketdentelle.com\/wp-content\/uploads\/books-150x150.jpg 150w, https:\/\/blog.damasketdentelle.com\/wp-content\/uploads\/books-450x450.jpg 450w, https:\/\/blog.damasketdentelle.com\/wp-content\/uploads\/books-768x768.jpg 768w, https:\/\/blog.damasketdentelle.com\/wp-content\/uploads\/books-320x320.jpg 320w, https:\/\/blog.damasketdentelle.com\/wp-content\/uploads\/books.jpg 1040w\" sizes=\"auto, (max-width: 668px) 100vw, 668px\" \/><\/p>\n<p class=\"a-size-large a-spacing-none\"><img loading=\"lazy\" decoding=\"async\" class=\"aligncenter size-large wp-image-14963\" src=\"http:\/\/blog.damasketdentelle.com\/wp-content\/uploads\/paris-695x695.jpg\" alt=\"paris\" width=\"695\" height=\"695\" srcset=\"https:\/\/blog.damasketdentelle.com\/wp-content\/uploads\/paris-695x695.jpg 695w, https:\/\/blog.damasketdentelle.com\/wp-content\/uploads\/paris-150x150.jpg 150w, https:\/\/blog.damasketdentelle.com\/wp-content\/uploads\/paris-450x450.jpg 450w, https:\/\/blog.damasketdentelle.com\/wp-content\/uploads\/paris-768x768.jpg 768w, https:\/\/blog.damasketdentelle.com\/wp-content\/uploads\/paris-320x320.jpg 320w, https:\/\/blog.damasketdentelle.com\/wp-content\/uploads\/paris.jpg 1040w\" sizes=\"auto, (max-width: 695px) 100vw, 695px\" \/><\/p>\n<\/div>\n<p class=\"a-size-large a-spacing-none\">Pour d&#8217;autres bonnes adresses parisiennes, consultez le <a href=\"http:\/\/blog.damasketdentelle.com\/index.php\/city-guides\/paris-city-guide\/\" target=\"_blank\" rel=\"noopener noreferrer\">Guide de Ville: Paris de Damask &amp; Dentelle<\/a>.<\/p>\n<\/div>\n<\/div>\n<\/div>\n","protected":false},"excerpt":{"rendered":"<p>Plus t\u00f4t cette semaine je vous partageais quelqu&#8217;uns de mes coups de coeur de la Ville Lumi\u00e8re. Et bien aujourd&#8217;hui&#8230; c&#8217;est tout \u00e0 propos du shopping! Je sais que j&#8217;ai dit que mon seul but lors du voyage \u00e9tait de me gorger des beaut\u00e9s architecturales de la ville, mais bon, soyons honn\u00eate une minute, la&#8230;<\/p>\n<p><a class=\"more-link\" href=\"https:\/\/damasketdentelle.com\/index.php\/2015\/06\/shopping-a-paris\/\">Read More<\/a><\/p>","protected":false},"author":1,"featured_media":26219,"comment_status":"open","ping_status":"open","sticky":false,"template":"","format":"standard","meta":{"_genesis_hide_title":false,"_genesis_hide_breadcrumbs":false,"_genesis_hide_singular_image":false,"_genesis_hide_footer_widgets":false,"_genesis_custom_body_class":"","_genesis_custom_post_class":"","_genesis_layout":"","footnotes":""},"categories":[1991,3432,75],"tags":[4312,4314,3490,4310,2236,4315,3457,4311,2011,924,3489,4316,2013,2006,2012,4313,2014,2004,2008,230,2015],"class_list":{"0":"post-14982","1":"post","2":"type-post","3":"status-publish","4":"format-standard","5":"has-post-thumbnail","7":"category-dd-travels","8":"category-francais","9":"category-tranche-de-vie","10":"tag-amenagement","11":"tag-apartment-therapy","12":"tag-astuces-deco","13":"tag-boutiques-de-deco","14":"tag-deco-montreal","15":"tag-deco-therapie","16":"tag-decoration-quebec","17":"tag-decorer-a-petits-prix","18":"tag-guide-de-ville-paris","19":"tag-house-beautiful","20":"tag-idees-deco","21":"tag-idees-pour-la-maison","22":"tag-jcrew-paris","23":"tag-le-printemps-paris","24":"tag-les-galeries-lafayette","25":"tag-lonny","26":"tag-magasiner-a-paris","27":"tag-paris-city-guide","28":"tag-repetto-paris","29":"tag-rue-magazine","30":"tag-shopping-a-paris","31":"entry"},"yoast_head":"<!-- This site is optimized with the Yoast SEO plugin v27.4 - https:\/\/yoast.com\/product\/yoast-seo-wordpress\/ -->\n<title>Shopping \u00e0 Paris<\/title>\n<meta name=\"description\" content=\"Plus t\u00f4t cette semaine je vous partageais quelqu&#039;uns de mes coups de coeur de la Ville Lumi\u00e8re. Et bien aujourd&#039;hui... c&#039;est tout \u00e0 propos du shopping!\" \/>\n<meta name=\"robots\" content=\"index, follow, max-snippet:-1, max-image-preview:large, max-video-preview:-1\" \/>\n<link rel=\"canonical\" href=\"https:\/\/damasketdentelle.com\/index.php\/2015\/06\/shopping-a-paris\/\" \/>\n<meta property=\"og:locale\" content=\"en_US\" \/>\n<meta property=\"og:type\" content=\"article\" \/>\n<meta property=\"og:title\" content=\"Shopping \u00e0 Paris\" \/>\n<meta property=\"og:description\" content=\"Plus t\u00f4t cette semaine je vous partageais quelqu&#039;uns de mes coups de coeur de la Ville Lumi\u00e8re. Et bien aujourd&#039;hui... c&#039;est tout \u00e0 propos du shopping!\" \/>\n<meta property=\"og:url\" content=\"https:\/\/damasketdentelle.com\/index.php\/2015\/06\/shopping-a-paris\/\" \/>\n<meta property=\"og:site_name\" content=\"Damask &amp; Dentelle\" \/>\n<meta property=\"article:publisher\" content=\"https:\/\/www.facebook.com\/damasketdentelle\" \/>\n<meta property=\"article:published_time\" content=\"2015-06-05T11:09:44+00:00\" \/>\n<meta property=\"article:modified_time\" content=\"2020-07-30T17:21:43+00:00\" \/>\n<meta property=\"og:image\" content=\"https:\/\/blog.damasketdentelle.com\/wp-content\/uploads\/john-towner-Hf4Ap1-ef40-unsplash.jpg\" \/>\n\t<meta property=\"og:image:width\" content=\"640\" \/>\n\t<meta property=\"og:image:height\" content=\"917\" \/>\n\t<meta property=\"og:image:type\" content=\"image\/jpeg\" \/>\n<meta name=\"author\" content=\"Vanessa Sicotte\" \/>\n<meta name=\"twitter:label1\" content=\"Written by\" \/>\n\t<meta name=\"twitter:data1\" content=\"Vanessa Sicotte\" \/>\n\t<meta name=\"twitter:label2\" content=\"Est. reading time\" \/>\n\t<meta name=\"twitter:data2\" content=\"4 minutes\" \/>\n<script type=\"application\/ld+json\" class=\"yoast-schema-graph\">{\"@context\":\"https:\\\/\\\/schema.org\",\"@graph\":[{\"@type\":\"Article\",\"@id\":\"https:\\\/\\\/damasketdentelle.com\\\/index.php\\\/2015\\\/06\\\/shopping-a-paris\\\/#article\",\"isPartOf\":{\"@id\":\"https:\\\/\\\/damasketdentelle.com\\\/index.php\\\/2015\\\/06\\\/shopping-a-paris\\\/\"},\"author\":{\"name\":\"Vanessa Sicotte\",\"@id\":\"https:\\\/\\\/damasketdentelle.com\\\/#\\\/schema\\\/person\\\/ab66dcd0f6a0e1954b4a4aaac173acee\"},\"headline\":\"Shopping \u00e0 Paris\",\"datePublished\":\"2015-06-05T11:09:44+00:00\",\"dateModified\":\"2020-07-30T17:21:43+00:00\",\"mainEntityOfPage\":{\"@id\":\"https:\\\/\\\/damasketdentelle.com\\\/index.php\\\/2015\\\/06\\\/shopping-a-paris\\\/\"},\"wordCount\":744,\"commentCount\":0,\"image\":{\"@id\":\"https:\\\/\\\/damasketdentelle.com\\\/index.php\\\/2015\\\/06\\\/shopping-a-paris\\\/#primaryimage\"},\"thumbnailUrl\":\"https:\\\/\\\/blog.damasketdentelle.com\\\/wp-content\\\/uploads\\\/john-towner-Hf4Ap1-ef40-unsplash.jpg\",\"keywords\":[\"am\u00e9nagement\",\"Apartment Therapy\",\"astuces d\u00e9co\",\"boutiques de d\u00e9co\",\"D\u00e9co Montr\u00e9al\",\"D\u00e9co Th\u00e9rapie\",\"D\u00e9coration Qu\u00e9bec\",\"d\u00e9corer \u00e0 petits prix\",\"Guide de ville Paris\",\"House Beautiful\",\"id\u00e9es d\u00e9co\",\"Id\u00e9es pour la maison\",\"JCrew Paris\",\"Le Printemps Paris\",\"Les Galeries Lafayette\",\"Lonny\",\"Magasiner \u00e0 Paris\",\"Paris City Guide\",\"Repetto Paris\",\"Rue Magazine\",\"Shopping \u00e0 Paris\"],\"articleSection\":[\"D&amp;D Travels\",\"Fran\u00e7ais\",\"Tranche de vie\"],\"inLanguage\":\"en-US\",\"potentialAction\":[{\"@type\":\"CommentAction\",\"name\":\"Comment\",\"target\":[\"https:\\\/\\\/damasketdentelle.com\\\/index.php\\\/2015\\\/06\\\/shopping-a-paris\\\/#respond\"]}]},{\"@type\":\"WebPage\",\"@id\":\"https:\\\/\\\/damasketdentelle.com\\\/index.php\\\/2015\\\/06\\\/shopping-a-paris\\\/\",\"url\":\"https:\\\/\\\/damasketdentelle.com\\\/index.php\\\/2015\\\/06\\\/shopping-a-paris\\\/\",\"name\":\"Shopping \u00e0 Paris\",\"isPartOf\":{\"@id\":\"https:\\\/\\\/damasketdentelle.com\\\/#website\"},\"primaryImageOfPage\":{\"@id\":\"https:\\\/\\\/damasketdentelle.com\\\/index.php\\\/2015\\\/06\\\/shopping-a-paris\\\/#primaryimage\"},\"image\":{\"@id\":\"https:\\\/\\\/damasketdentelle.com\\\/index.php\\\/2015\\\/06\\\/shopping-a-paris\\\/#primaryimage\"},\"thumbnailUrl\":\"https:\\\/\\\/blog.damasketdentelle.com\\\/wp-content\\\/uploads\\\/john-towner-Hf4Ap1-ef40-unsplash.jpg\",\"datePublished\":\"2015-06-05T11:09:44+00:00\",\"dateModified\":\"2020-07-30T17:21:43+00:00\",\"author\":{\"@id\":\"https:\\\/\\\/damasketdentelle.com\\\/#\\\/schema\\\/person\\\/ab66dcd0f6a0e1954b4a4aaac173acee\"},\"description\":\"Plus t\u00f4t cette semaine je vous partageais quelqu'uns de mes coups de coeur de la Ville Lumi\u00e8re. Et bien aujourd'hui... c'est tout \u00e0 propos du shopping!\",\"breadcrumb\":{\"@id\":\"https:\\\/\\\/damasketdentelle.com\\\/index.php\\\/2015\\\/06\\\/shopping-a-paris\\\/#breadcrumb\"},\"inLanguage\":\"en-US\",\"potentialAction\":[{\"@type\":\"ReadAction\",\"target\":[\"https:\\\/\\\/damasketdentelle.com\\\/index.php\\\/2015\\\/06\\\/shopping-a-paris\\\/\"]}]},{\"@type\":\"ImageObject\",\"inLanguage\":\"en-US\",\"@id\":\"https:\\\/\\\/damasketdentelle.com\\\/index.php\\\/2015\\\/06\\\/shopping-a-paris\\\/#primaryimage\",\"url\":\"https:\\\/\\\/blog.damasketdentelle.com\\\/wp-content\\\/uploads\\\/john-towner-Hf4Ap1-ef40-unsplash.jpg\",\"contentUrl\":\"https:\\\/\\\/blog.damasketdentelle.com\\\/wp-content\\\/uploads\\\/john-towner-Hf4Ap1-ef40-unsplash.jpg\",\"width\":640,\"height\":917},{\"@type\":\"BreadcrumbList\",\"@id\":\"https:\\\/\\\/damasketdentelle.com\\\/index.php\\\/2015\\\/06\\\/shopping-a-paris\\\/#breadcrumb\",\"itemListElement\":[{\"@type\":\"ListItem\",\"position\":1,\"name\":\"Home\",\"item\":\"https:\\\/\\\/damasketdentelle.com\\\/\"},{\"@type\":\"ListItem\",\"position\":2,\"name\":\"Shopping \u00e0 Paris\"}]},{\"@type\":\"WebSite\",\"@id\":\"https:\\\/\\\/damasketdentelle.com\\\/#website\",\"url\":\"https:\\\/\\\/damasketdentelle.com\\\/\",\"name\":\"Damask &amp; Dentelle\",\"description\":\"Storytelling, Design and urban manifestos\",\"potentialAction\":[{\"@type\":\"SearchAction\",\"target\":{\"@type\":\"EntryPoint\",\"urlTemplate\":\"https:\\\/\\\/damasketdentelle.com\\\/?s={search_term_string}\"},\"query-input\":{\"@type\":\"PropertyValueSpecification\",\"valueRequired\":true,\"valueName\":\"search_term_string\"}}],\"inLanguage\":\"en-US\"},{\"@type\":\"Person\",\"@id\":\"https:\\\/\\\/damasketdentelle.com\\\/#\\\/schema\\\/person\\\/ab66dcd0f6a0e1954b4a4aaac173acee\",\"name\":\"Vanessa Sicotte\",\"image\":{\"@type\":\"ImageObject\",\"inLanguage\":\"en-US\",\"@id\":\"https:\\\/\\\/secure.gravatar.com\\\/avatar\\\/7710c0e6cd087dff617e494d4e51105fae871a738d48c9031273d8920420be5b?s=96&d=mm&r=g\",\"url\":\"https:\\\/\\\/secure.gravatar.com\\\/avatar\\\/7710c0e6cd087dff617e494d4e51105fae871a738d48c9031273d8920420be5b?s=96&d=mm&r=g\",\"contentUrl\":\"https:\\\/\\\/secure.gravatar.com\\\/avatar\\\/7710c0e6cd087dff617e494d4e51105fae871a738d48c9031273d8920420be5b?s=96&d=mm&r=g\",\"caption\":\"Vanessa Sicotte\"},\"sameAs\":[\"https:\\\/\\\/blog.damasketdentelle.com\\\/wp-login.php\"],\"url\":\"https:\\\/\\\/damasketdentelle.com\\\/index.php\\\/author\\\/vanessa\\\/\"}]}<\/script>\n<!-- \/ Yoast SEO plugin. -->","yoast_head_json":{"title":"Shopping \u00e0 Paris","description":"Plus t\u00f4t cette semaine je vous partageais quelqu'uns de mes coups de coeur de la Ville Lumi\u00e8re. Et bien aujourd'hui... c'est tout \u00e0 propos du shopping!","robots":{"index":"index","follow":"follow","max-snippet":"max-snippet:-1","max-image-preview":"max-image-preview:large","max-video-preview":"max-video-preview:-1"},"canonical":"https:\/\/damasketdentelle.com\/index.php\/2015\/06\/shopping-a-paris\/","og_locale":"en_US","og_type":"article","og_title":"Shopping \u00e0 Paris","og_description":"Plus t\u00f4t cette semaine je vous partageais quelqu'uns de mes coups de coeur de la Ville Lumi\u00e8re. Et bien aujourd'hui... c'est tout \u00e0 propos du shopping!","og_url":"https:\/\/damasketdentelle.com\/index.php\/2015\/06\/shopping-a-paris\/","og_site_name":"Damask &amp; Dentelle","article_publisher":"https:\/\/www.facebook.com\/damasketdentelle","article_published_time":"2015-06-05T11:09:44+00:00","article_modified_time":"2020-07-30T17:21:43+00:00","og_image":[{"width":640,"height":917,"url":"https:\/\/blog.damasketdentelle.com\/wp-content\/uploads\/john-towner-Hf4Ap1-ef40-unsplash.jpg","type":"image\/jpeg"}],"author":"Vanessa Sicotte","twitter_misc":{"Written by":"Vanessa Sicotte","Est. reading time":"4 minutes"},"schema":{"@context":"https:\/\/schema.org","@graph":[{"@type":"Article","@id":"https:\/\/damasketdentelle.com\/index.php\/2015\/06\/shopping-a-paris\/#article","isPartOf":{"@id":"https:\/\/damasketdentelle.com\/index.php\/2015\/06\/shopping-a-paris\/"},"author":{"name":"Vanessa Sicotte","@id":"https:\/\/damasketdentelle.com\/#\/schema\/person\/ab66dcd0f6a0e1954b4a4aaac173acee"},"headline":"Shopping \u00e0 Paris","datePublished":"2015-06-05T11:09:44+00:00","dateModified":"2020-07-30T17:21:43+00:00","mainEntityOfPage":{"@id":"https:\/\/damasketdentelle.com\/index.php\/2015\/06\/shopping-a-paris\/"},"wordCount":744,"commentCount":0,"image":{"@id":"https:\/\/damasketdentelle.com\/index.php\/2015\/06\/shopping-a-paris\/#primaryimage"},"thumbnailUrl":"https:\/\/blog.damasketdentelle.com\/wp-content\/uploads\/john-towner-Hf4Ap1-ef40-unsplash.jpg","keywords":["am\u00e9nagement","Apartment Therapy","astuces d\u00e9co","boutiques de d\u00e9co","D\u00e9co Montr\u00e9al","D\u00e9co Th\u00e9rapie","D\u00e9coration Qu\u00e9bec","d\u00e9corer \u00e0 petits prix","Guide de ville Paris","House Beautiful","id\u00e9es d\u00e9co","Id\u00e9es pour la maison","JCrew Paris","Le Printemps Paris","Les Galeries Lafayette","Lonny","Magasiner \u00e0 Paris","Paris City Guide","Repetto Paris","Rue Magazine","Shopping \u00e0 Paris"],"articleSection":["D&amp;D Travels","Fran\u00e7ais","Tranche de vie"],"inLanguage":"en-US","potentialAction":[{"@type":"CommentAction","name":"Comment","target":["https:\/\/damasketdentelle.com\/index.php\/2015\/06\/shopping-a-paris\/#respond"]}]},{"@type":"WebPage","@id":"https:\/\/damasketdentelle.com\/index.php\/2015\/06\/shopping-a-paris\/","url":"https:\/\/damasketdentelle.com\/index.php\/2015\/06\/shopping-a-paris\/","name":"Shopping \u00e0 Paris","isPartOf":{"@id":"https:\/\/damasketdentelle.com\/#website"},"primaryImageOfPage":{"@id":"https:\/\/damasketdentelle.com\/index.php\/2015\/06\/shopping-a-paris\/#primaryimage"},"image":{"@id":"https:\/\/damasketdentelle.com\/index.php\/2015\/06\/shopping-a-paris\/#primaryimage"},"thumbnailUrl":"https:\/\/blog.damasketdentelle.com\/wp-content\/uploads\/john-towner-Hf4Ap1-ef40-unsplash.jpg","datePublished":"2015-06-05T11:09:44+00:00","dateModified":"2020-07-30T17:21:43+00:00","author":{"@id":"https:\/\/damasketdentelle.com\/#\/schema\/person\/ab66dcd0f6a0e1954b4a4aaac173acee"},"description":"Plus t\u00f4t cette semaine je vous partageais quelqu'uns de mes coups de coeur de la Ville Lumi\u00e8re. Et bien aujourd'hui... c'est tout \u00e0 propos du shopping!","breadcrumb":{"@id":"https:\/\/damasketdentelle.com\/index.php\/2015\/06\/shopping-a-paris\/#breadcrumb"},"inLanguage":"en-US","potentialAction":[{"@type":"ReadAction","target":["https:\/\/damasketdentelle.com\/index.php\/2015\/06\/shopping-a-paris\/"]}]},{"@type":"ImageObject","inLanguage":"en-US","@id":"https:\/\/damasketdentelle.com\/index.php\/2015\/06\/shopping-a-paris\/#primaryimage","url":"https:\/\/blog.damasketdentelle.com\/wp-content\/uploads\/john-towner-Hf4Ap1-ef40-unsplash.jpg","contentUrl":"https:\/\/blog.damasketdentelle.com\/wp-content\/uploads\/john-towner-Hf4Ap1-ef40-unsplash.jpg","width":640,"height":917},{"@type":"BreadcrumbList","@id":"https:\/\/damasketdentelle.com\/index.php\/2015\/06\/shopping-a-paris\/#breadcrumb","itemListElement":[{"@type":"ListItem","position":1,"name":"Home","item":"https:\/\/damasketdentelle.com\/"},{"@type":"ListItem","position":2,"name":"Shopping \u00e0 Paris"}]},{"@type":"WebSite","@id":"https:\/\/damasketdentelle.com\/#website","url":"https:\/\/damasketdentelle.com\/","name":"Damask &amp; Dentelle","description":"Storytelling, Design and urban manifestos","potentialAction":[{"@type":"SearchAction","target":{"@type":"EntryPoint","urlTemplate":"https:\/\/damasketdentelle.com\/?s={search_term_string}"},"query-input":{"@type":"PropertyValueSpecification","valueRequired":true,"valueName":"search_term_string"}}],"inLanguage":"en-US"},{"@type":"Person","@id":"https:\/\/damasketdentelle.com\/#\/schema\/person\/ab66dcd0f6a0e1954b4a4aaac173acee","name":"Vanessa Sicotte","image":{"@type":"ImageObject","inLanguage":"en-US","@id":"https:\/\/secure.gravatar.com\/avatar\/7710c0e6cd087dff617e494d4e51105fae871a738d48c9031273d8920420be5b?s=96&d=mm&r=g","url":"https:\/\/secure.gravatar.com\/avatar\/7710c0e6cd087dff617e494d4e51105fae871a738d48c9031273d8920420be5b?s=96&d=mm&r=g","contentUrl":"https:\/\/secure.gravatar.com\/avatar\/7710c0e6cd087dff617e494d4e51105fae871a738d48c9031273d8920420be5b?s=96&d=mm&r=g","caption":"Vanessa Sicotte"},"sameAs":["https:\/\/blog.damasketdentelle.com\/wp-login.php"],"url":"https:\/\/damasketdentelle.com\/index.php\/author\/vanessa\/"}]}},"_links":{"self":[{"href":"https:\/\/damasketdentelle.com\/index.php\/wp-json\/wp\/v2\/posts\/14982","targetHints":{"allow":["GET"]}}],"collection":[{"href":"https:\/\/damasketdentelle.com\/index.php\/wp-json\/wp\/v2\/posts"}],"about":[{"href":"https:\/\/damasketdentelle.com\/index.php\/wp-json\/wp\/v2\/types\/post"}],"author":[{"embeddable":true,"href":"https:\/\/damasketdentelle.com\/index.php\/wp-json\/wp\/v2\/users\/1"}],"replies":[{"embeddable":true,"href":"https:\/\/damasketdentelle.com\/index.php\/wp-json\/wp\/v2\/comments?post=14982"}],"version-history":[{"count":9,"href":"https:\/\/damasketdentelle.com\/index.php\/wp-json\/wp\/v2\/posts\/14982\/revisions"}],"predecessor-version":[{"id":26220,"href":"https:\/\/damasketdentelle.com\/index.php\/wp-json\/wp\/v2\/posts\/14982\/revisions\/26220"}],"wp:featuredmedia":[{"embeddable":true,"href":"https:\/\/damasketdentelle.com\/index.php\/wp-json\/wp\/v2\/media\/26219"}],"wp:attachment":[{"href":"https:\/\/damasketdentelle.com\/index.php\/wp-json\/wp\/v2\/media?parent=14982"}],"wp:term":[{"taxonomy":"category","embeddable":true,"href":"https:\/\/damasketdentelle.com\/index.php\/wp-json\/wp\/v2\/categories?post=14982"},{"taxonomy":"post_tag","embeddable":true,"href":"https:\/\/damasketdentelle.com\/index.php\/wp-json\/wp\/v2\/tags?post=14982"}],"curies":[{"name":"wp","href":"https:\/\/api.w.org\/{rel}","templated":true}]}}