{"id":14996,"date":"2015-06-12T11:05:41","date_gmt":"2015-06-12T15:05:41","guid":{"rendered":"http:\/\/blog.damasketdentelle.com\/?p=14996"},"modified":"2020-07-30T13:20:58","modified_gmt":"2020-07-30T17:20:58","slug":"ma-cour-urbaine-le-devoilement","status":"publish","type":"post","link":"https:\/\/damasketdentelle.com\/index.php\/2015\/06\/ma-cour-urbaine-le-devoilement\/","title":{"rendered":"Ma cour urbaine: le d\u00e9voilement"},"content":{"rendered":"<p><img loading=\"lazy\" decoding=\"async\" class=\"aligncenter size-large wp-image-14997\" src=\"http:\/\/blog.damasketdentelle.com\/wp-content\/uploads\/junophoto_DD_terrasse_LR-001-695x463.jpg\" alt=\"junophoto_D&amp;D_terrasse_LR-001\" width=\"695\" height=\"463\" srcset=\"https:\/\/blog.damasketdentelle.com\/wp-content\/uploads\/junophoto_DD_terrasse_LR-001-695x463.jpg 695w, https:\/\/blog.damasketdentelle.com\/wp-content\/uploads\/junophoto_DD_terrasse_LR-001-450x300.jpg 450w, https:\/\/blog.damasketdentelle.com\/wp-content\/uploads\/junophoto_DD_terrasse_LR-001-768x512.jpg 768w, https:\/\/blog.damasketdentelle.com\/wp-content\/uploads\/junophoto_DD_terrasse_LR-001.jpg 1080w\" sizes=\"auto, (max-width: 695px) 100vw, 695px\" \/><\/p>\n<p>\u00c7a nous aura pris deux gros mois de travail &amp; de commande, mais c&#8217;est enfin termin\u00e9&#8230; juste \u00e0 temps pour l&#8217;\u00e9t\u00e9. Notre cour, telle une chenille velue, s&#8217;est transform\u00e9e en papillon. Vous rappelez-vous d&#8217;o\u00f9 nous partions? Laissez-moi vous le rappeler <a href=\"http:\/\/blog.damasketdentelle.com\/index.php\/2015\/05\/ma-cour-urbaine-inspiration\/\" target=\"_blank\" rel=\"noopener noreferrer\">ICI<\/a>. C&#8217;\u00e9tait loin d&#8217;\u00eatre le party dans cette cour minuscule et vraiment tristounette.<\/p>\n<p>Apr\u00e8s que ch\u00e9ri eu <a href=\"http:\/\/blog.damasketdentelle.com\/index.php\/category\/decoration\/tranche-de-vie\/page\/2\/\" target=\"_blank\" rel=\"noopener noreferrer\">termin\u00e9 le cocon<\/a> (tant qu&#8217;\u00e0 faire dans l&#8217;analogie du papillon ce matin tiens!) en c\u00e8dre, le reste a \u00e9t\u00e9 plut\u00f4t facile. Des coussins, des meubles, deux super chouettes carpettes et quelques accessoires et hop, la cour s&#8217;est trouv\u00e9e compl\u00e8tement r\u00e9invent\u00e9e.<\/p>\n<p><img loading=\"lazy\" decoding=\"async\" class=\"aligncenter size-large wp-image-14999\" src=\"http:\/\/blog.damasketdentelle.com\/wp-content\/uploads\/junophoto_DD_terrasse_LR-007-695x463.jpg\" alt=\"junophoto_D&amp;D_terrasse_LR-007\" width=\"695\" height=\"463\" srcset=\"https:\/\/blog.damasketdentelle.com\/wp-content\/uploads\/junophoto_DD_terrasse_LR-007-695x463.jpg 695w, https:\/\/blog.damasketdentelle.com\/wp-content\/uploads\/junophoto_DD_terrasse_LR-007-450x300.jpg 450w, https:\/\/blog.damasketdentelle.com\/wp-content\/uploads\/junophoto_DD_terrasse_LR-007-768x512.jpg 768w, https:\/\/blog.damasketdentelle.com\/wp-content\/uploads\/junophoto_DD_terrasse_LR-007.jpg 1080w\" sizes=\"auto, (max-width: 695px) 100vw, 695px\" \/><\/p>\n<p><img loading=\"lazy\" decoding=\"async\" class=\"aligncenter size-large wp-image-15004\" src=\"http:\/\/blog.damasketdentelle.com\/wp-content\/uploads\/cour_urbaine_devoilement-695x695.jpg\" alt=\"cour_urbaine_devoilement\" width=\"695\" height=\"695\" srcset=\"https:\/\/blog.damasketdentelle.com\/wp-content\/uploads\/cour_urbaine_devoilement-695x695.jpg 695w, https:\/\/blog.damasketdentelle.com\/wp-content\/uploads\/cour_urbaine_devoilement-150x150.jpg 150w, https:\/\/blog.damasketdentelle.com\/wp-content\/uploads\/cour_urbaine_devoilement-450x450.jpg 450w, https:\/\/blog.damasketdentelle.com\/wp-content\/uploads\/cour_urbaine_devoilement-768x768.jpg 768w, https:\/\/blog.damasketdentelle.com\/wp-content\/uploads\/cour_urbaine_devoilement-320x320.jpg 320w, https:\/\/blog.damasketdentelle.com\/wp-content\/uploads\/cour_urbaine_devoilement.jpg 1040w\" sizes=\"auto, (max-width: 695px) 100vw, 695px\" \/><\/p>\n<p>On a maintenant 4\u00a0zones distinctes desquelles profiter. \u00c0 gauche, il y a la zone banquette sur laquelle lire, dormir, ou boire un verre de vin entre amis. Ensuite au fond, c&#8217;est le potager. On a plant\u00e9 un assortiment de fines herbes, des tomates, des petites fraises sauvages, du kale et des radis, qu&#8217;on a tout de suite cach\u00e9 sous un grillage concoct\u00e9 de broche \u00e0 poules et de tuyaux de cuivre pour dissuader les \u00e9cureuils de grignoter nos l\u00e9gumes. La troisi\u00e8me zone c&#8217;est celle pour le service, avec la desserte qui est \u00e0 droite le long du garage et finalement il y bien s\u00fbr celle de l&#8217;esp\u00e8ce repas, l\u00e0 o\u00f9 les\u00a0vrais partys vont se passer. :)<\/p>\n<p><img loading=\"lazy\" decoding=\"async\" class=\"aligncenter  wp-image-15007\" src=\"http:\/\/blog.damasketdentelle.com\/wp-content\/uploads\/urban-backyard_potager.jpg\" alt=\"urban backyard_potager\" width=\"693\" height=\"687\" srcset=\"https:\/\/blog.damasketdentelle.com\/wp-content\/uploads\/urban-backyard_potager.jpg 640w, https:\/\/blog.damasketdentelle.com\/wp-content\/uploads\/urban-backyard_potager-150x150.jpg 150w, https:\/\/blog.damasketdentelle.com\/wp-content\/uploads\/urban-backyard_potager-450x446.jpg 450w\" sizes=\"auto, (max-width: 693px) 100vw, 693px\" \/><\/p>\n<p><img loading=\"lazy\" decoding=\"async\" class=\"aligncenter  wp-image-15012\" src=\"http:\/\/blog.damasketdentelle.com\/wp-content\/uploads\/west_elm_dishes.jpg\" alt=\"west_elm_dishes\" width=\"691\" height=\"695\" srcset=\"https:\/\/blog.damasketdentelle.com\/wp-content\/uploads\/west_elm_dishes.jpg 634w, https:\/\/blog.damasketdentelle.com\/wp-content\/uploads\/west_elm_dishes-150x150.jpg 150w, https:\/\/blog.damasketdentelle.com\/wp-content\/uploads\/west_elm_dishes-447x450.jpg 447w\" sizes=\"auto, (max-width: 691px) 100vw, 691px\" \/><\/p>\n<p><img loading=\"lazy\" decoding=\"async\" class=\"aligncenter size-large wp-image-15000\" src=\"http:\/\/blog.damasketdentelle.com\/wp-content\/uploads\/junophoto_DD_terrasse_LR-009-695x1043.jpg\" alt=\"junophoto_D&amp;D_terrasse_LR-009\" width=\"695\" height=\"1043\" srcset=\"https:\/\/blog.damasketdentelle.com\/wp-content\/uploads\/junophoto_DD_terrasse_LR-009-695x1043.jpg 695w, https:\/\/blog.damasketdentelle.com\/wp-content\/uploads\/junophoto_DD_terrasse_LR-009-300x450.jpg 300w, https:\/\/blog.damasketdentelle.com\/wp-content\/uploads\/junophoto_DD_terrasse_LR-009-768x1152.jpg 768w, https:\/\/blog.damasketdentelle.com\/wp-content\/uploads\/junophoto_DD_terrasse_LR-009.jpg 1080w\" sizes=\"auto, (max-width: 695px) 100vw, 695px\" \/><\/p>\n<p>En parlant de party, j&#8217;en ai \u00a0un de pr\u00e9vu aujourd&#8217;hui pour d\u00e9voiler ma super cour \u00e0 quelques coll\u00e8gues bloggeuses et des amies. D&#8217;ailleurs, j&#8217;y pense, il faudrait que j&#8217;aille me pr\u00e9parer car j&#8217;ai encore les cheveux mouill\u00e9s, je suis habill\u00e9e en mou, et 23 personnes\u00a0arrivent pour midi! Oh boy. En attendant, je vous laisse avec ma liste shopping de toutes les trouvailles que j&#8217;ai faites.<\/p>\n<p>xox<\/p>\n<p><img loading=\"lazy\" decoding=\"async\" class=\"aligncenter size-large wp-image-15001\" src=\"http:\/\/blog.damasketdentelle.com\/wp-content\/uploads\/junophoto_DD_terrasse_LR-015-695x463.jpg\" alt=\"junophoto_D&amp;D_terrasse_LR-015\" width=\"695\" height=\"463\" srcset=\"https:\/\/blog.damasketdentelle.com\/wp-content\/uploads\/junophoto_DD_terrasse_LR-015-695x463.jpg 695w, https:\/\/blog.damasketdentelle.com\/wp-content\/uploads\/junophoto_DD_terrasse_LR-015-450x300.jpg 450w, https:\/\/blog.damasketdentelle.com\/wp-content\/uploads\/junophoto_DD_terrasse_LR-015-768x512.jpg 768w, https:\/\/blog.damasketdentelle.com\/wp-content\/uploads\/junophoto_DD_terrasse_LR-015.jpg 1080w\" sizes=\"auto, (max-width: 695px) 100vw, 695px\" \/><\/p>\n<p><img loading=\"lazy\" decoding=\"async\" class=\"aligncenter size-large wp-image-15002\" src=\"http:\/\/blog.damasketdentelle.com\/wp-content\/uploads\/junophoto_DD_terrasse_LR-021-695x1043.jpg\" alt=\"junophoto_D&amp;D_terrasse_LR-021\" width=\"695\" height=\"1043\" srcset=\"https:\/\/blog.damasketdentelle.com\/wp-content\/uploads\/junophoto_DD_terrasse_LR-021-695x1043.jpg 695w, https:\/\/blog.damasketdentelle.com\/wp-content\/uploads\/junophoto_DD_terrasse_LR-021-300x450.jpg 300w, https:\/\/blog.damasketdentelle.com\/wp-content\/uploads\/junophoto_DD_terrasse_LR-021-768x1152.jpg 768w, https:\/\/blog.damasketdentelle.com\/wp-content\/uploads\/junophoto_DD_terrasse_LR-021.jpg 1080w\" sizes=\"auto, (max-width: 695px) 100vw, 695px\" \/><\/p>\n<h2>Ma Liste shopping<\/h2>\n<h3><a href=\"http:\/\/bit.ly\/1H6G4zz\" target=\"_blank\" rel=\"noopener noreferrer\">Chez West Elm<\/a><\/h3>\n<p>Trois\u00a0<a href=\"http:\/\/bit.ly\/1Qtnlqp\" target=\"_blank\" rel=\"noopener noreferrer\">pots sur pattes de m\u00e9tal<\/a>. Ils ont \u00e9t\u00e9 les premiers \u00e0 arriver dans la cour une fois que la cl\u00f4ture a \u00e9t\u00e9 compl\u00e9t\u00e9e et wow, vraiment ils ont donn\u00e9 le ton \u00e0 tout le reste. En plus, ils ont l&#8217;air lourds mais pas du tout, ils sont faits d&#8217;un esp\u00e8ce de composite plastique.<\/p>\n<p>Quatre\u00a0<a href=\"http:\/\/bit.ly\/1QSbHjN\" target=\"_blank\" rel=\"noopener noreferrer\">chaises en teck<\/a>\u00a0+ <a href=\"http:\/\/bit.ly\/1Hn53zu\" target=\"_blank\" rel=\"noopener noreferrer\">la table aussi en teck<\/a>. \u00c7a a \u00e9t\u00e9 le gros investissement, mais c&#8217;\u00e9tait \u00e0 mon sens n\u00e9cessaire puisque c&#8217;est l&#8217;endroit o\u00f9 toute\u00a0l&#8217;emphase de la cour est plac\u00e9.<\/p>\n<p>Une<a href=\"http:\/\/bit.ly\/1QtnCJZ\" target=\"_blank\" rel=\"noopener noreferrer\"> desserte<\/a>. Je n&#8217;en avais jamais eu \u00e0 l&#8217;ext\u00e9rieur, mais vraiment c&#8217;est tr\u00e8s pratique. Les caissons en dessous s&#8217;ouvrent et on peut mettre une chaudi\u00e8re avec de la glace pour le vin ou les rafraichissements. J&#8217;y range mes chandelles aussi et mes autres trucs qui peuvent prendre l&#8217;eau. On m&#8217;a demand\u00e9 si je la couvrais le soir. <em>Ma r\u00e9ponse: C&#8217;est un meuble ext\u00e9rieur non? Alors non. Je vais par contre la rentrer dans le garage cet hiver.<\/em><\/p>\n<p>Des<a href=\"http:\/\/www.westelm.com\/shop\/outdoor\/outdoor-pillows-cushions\/?cm_type=gnav\" target=\"_blank\" rel=\"noopener noreferrer\"> coussins<\/a>. Je dois vous confier quelque chose, j&#8217;ai tellement de coussins \u00e0 l&#8217;int\u00e9rieur de la maison que c&#8217;est est ridicule, alors je ne peux vraiment pas me permettre d&#8217;en ajouter d&#8217;autres. Mais dehors, je n&#8217;en avais pas. Une opportunit\u00e9 d\u00e9guis\u00e9e, Tada!<\/p>\n<p>De la<a href=\"http:\/\/www.westelm.com\/shop\/outdoor\/entertaining-outdoors\/?cm_type=gnav\" target=\"_blank\" rel=\"noopener noreferrer\"> vaisselle<\/a>. J&#8217;ai vraiment beaucoup aim\u00e9 la<a href=\"http:\/\/www.westelm.com\/search\/results.html?words=fishs%20eddy&amp;cm_sp=HeaderLinks-_-OnsiteSearch-_-MainSite&amp;cm_type=OnsiteSearch\" target=\"_blank\" rel=\"noopener noreferrer\"> collection Fish &amp; Chips de Fishs Eddy<\/a>, le c\u00e9ramiste new-yorkais<\/p>\n<h3><a href=\"http:\/\/www.canadiantire.ca\/inspiration\/en\/seasonal\/canvas\/design-experts.html\" target=\"_blank\" rel=\"noopener noreferrer\">Chez Canadian Tire<\/a><\/h3>\n<p>Deux\u00a0<a href=\"http:\/\/www.canadiantire.ca\/en\/home\/home-decor\/area-rugs-flooring\/area-rugs\/canvas-thistletown-turf-outdoor-rug-0687321p.html?icid=Inspiration_PDPview_ProductDrawer_outdoor-oasis_0687321P\" target=\"_blank\" rel=\"noopener noreferrer\">carpettes ext\u00e9rieures en faux gazon<\/a> que j&#8217;adore! Elles sont vraiment fantastiques, et \u00e0 159.99$ chacune, c&#8217;est presque une aubaine. Ah oui en fait elles m&#8217;ont cout\u00e9es moins que \u00e7a&#8230; j&#8217;avais 1.75$ en argent Canadian Tire \u00e0 \u00e9changer. :)<\/p>\n<p>Une<a href=\"http:\/\/www.canadiantire.ca\/en\/pdp\/three-tiered-beverage-dispenser-0591968p.html\" target=\"_blank\" rel=\"noopener noreferrer\"> distributrice \u00e0 boissons \u00e9tag\u00e9e<\/a>. Oui la m\u00eame que vous avez peut-\u00eatre vue voler en \u00e9clat lors de mon passage \u00e0 <a href=\"http:\/\/vtele.ca\/videos\/ca-commence-bien-plus\/tendance-silhouette-masculine-ca-passe-ou-ca-casse-chronique-decoration-avec-vanessa-sicotte-gadget-pour-le-patio_82923_82920.php\" target=\"_blank\" rel=\"noopener noreferrer\">\u00c7a Commence Bien<\/a> cette semaine. J&#8217;en ai rachet\u00e9 une autre et je vais y faire attention. :)<\/p>\n<h3><a href=\"http:\/\/www.homesense.ca\/fr\/index.asp\" target=\"_blank\" rel=\"noopener noreferrer\">Chez HomeSense<\/a><\/h3>\n<p>Le grand coussin de la banquette en tissu marine de Sunbrella. Parfait!<\/p>\n<p>Un panier plat tress\u00e9 en blanc, bleu royal et jaune poussin. Je ne sais pas trop quoi mettre dedans, mais je le trouvais tr\u00e8s beau. Achat impulsif!<\/p>\n<p>6 grands verres avec des baleines bleues dessus<\/p>\n<p>6 petits verres \u00e0 eau transparents (sur la table).<\/p>\n<h3>\u00a0Ailleurs<\/h3>\n<p>Un <a href=\"http:\/\/www.homedepot.ca\/produit\/portatif-evaporatif-refroidisseur-dair-pour-usage-exterieur-dexterieur\/898376\" target=\"_blank\" rel=\"noopener noreferrer\">rafraichisseur d&#8217;air ext\u00e9rieur de Honeywell<\/a>. Apr\u00e8s l&#8217;avoir essay\u00e9 pour une chronique t\u00e9l\u00e9, je l&#8217;ai tellement aim\u00e9 que j&#8217;ai d\u00e9cid\u00e9 de l&#8217;adopter.<\/p>\n<p>Un pouf en c\u00e9ramique turquoise que j&#8217;ai achet\u00e9 chez <a href=\"http:\/\/www.damasketdentelle.com\/detaillants\/ludovik\/\" target=\"_blank\" rel=\"noopener noreferrer\">Ludovik<\/a>.<\/p>\n<p>Une\u00a0<a href=\"http:\/\/www.chapters.indigo.ca\/en-ca\/house-and-home\/gifts\/long-marble-board\/882709146148-item.html?ikwid=marble&amp;ikwsec=Home&amp;ikwidx=6\" target=\"_blank\" rel=\"noopener noreferrer\">Planche \u00e0 fromage en marbre<\/a>. Elle p\u00e8se une tonne mais vaut son pesant d&#8217;or en fait de look. On a toujours besoin d&#8217;une petite touche de marbre non?<\/p>\n<p>Deux\u00a0chaises en m\u00e9tal turquoise que j&#8217;avais d\u00e9j\u00e0 et que venaient de feu Target.<\/p>\n<p><img loading=\"lazy\" decoding=\"async\" class=\"aligncenter size-large wp-image-15005\" src=\"http:\/\/blog.damasketdentelle.com\/wp-content\/uploads\/urban_backyard-695x695.jpg\" alt=\"urban_backyard\" width=\"695\" height=\"695\" srcset=\"https:\/\/blog.damasketdentelle.com\/wp-content\/uploads\/urban_backyard-695x695.jpg 695w, https:\/\/blog.damasketdentelle.com\/wp-content\/uploads\/urban_backyard-150x150.jpg 150w, https:\/\/blog.damasketdentelle.com\/wp-content\/uploads\/urban_backyard-450x450.jpg 450w, https:\/\/blog.damasketdentelle.com\/wp-content\/uploads\/urban_backyard-768x768.jpg 768w, https:\/\/blog.damasketdentelle.com\/wp-content\/uploads\/urban_backyard-320x320.jpg 320w, https:\/\/blog.damasketdentelle.com\/wp-content\/uploads\/urban_backyard.jpg 1040w\" sizes=\"auto, (max-width: 695px) 100vw, 695px\" \/><\/p>\n<p><img loading=\"lazy\" decoding=\"async\" class=\"aligncenter size-large wp-image-15003\" src=\"http:\/\/blog.damasketdentelle.com\/wp-content\/uploads\/junophoto_DD_terrasse_LR-011-695x1043.jpg\" alt=\"junophoto_D&amp;D_terrasse_LR-011\" width=\"695\" height=\"1043\" srcset=\"https:\/\/blog.damasketdentelle.com\/wp-content\/uploads\/junophoto_DD_terrasse_LR-011-695x1043.jpg 695w, https:\/\/blog.damasketdentelle.com\/wp-content\/uploads\/junophoto_DD_terrasse_LR-011-300x450.jpg 300w, https:\/\/blog.damasketdentelle.com\/wp-content\/uploads\/junophoto_DD_terrasse_LR-011-768x1152.jpg 768w, https:\/\/blog.damasketdentelle.com\/wp-content\/uploads\/junophoto_DD_terrasse_LR-011.jpg 1080w\" sizes=\"auto, (max-width: 695px) 100vw, 695px\" \/><\/p>\n<p>&nbsp;<\/p>\n<p>Cr\u00e9dit photo: <a href=\"http:\/\/www.junophoto.com\" target=\"_blank\" rel=\"noopener noreferrer\">Julia C. Vona<\/a><\/p>\n","protected":false},"excerpt":{"rendered":"<p>\u00c7a nous aura pris deux gros mois de travail &amp; de commande, mais c&#8217;est enfin termin\u00e9&#8230; juste \u00e0 temps pour l&#8217;\u00e9t\u00e9. Notre cour, telle une chenille velue, s&#8217;est transform\u00e9e en papillon. Vous rappelez-vous d&#8217;o\u00f9 nous partions? Laissez-moi vous le rappeler ICI. C&#8217;\u00e9tait loin d&#8217;\u00eatre le party dans cette cour minuscule et vraiment tristounette. Apr\u00e8s que&#8230;<\/p>\n<p><a class=\"more-link\" href=\"https:\/\/damasketdentelle.com\/index.php\/2015\/06\/ma-cour-urbaine-le-devoilement\/\">Read More<\/a><\/p>","protected":false},"author":1,"featured_media":0,"comment_status":"open","ping_status":"open","sticky":false,"template":"","format":"standard","meta":{"_genesis_hide_title":false,"_genesis_hide_breadcrumbs":false,"_genesis_hide_singular_image":false,"_genesis_hide_footer_widgets":false,"_genesis_custom_body_class":"","_genesis_custom_post_class":"","_genesis_layout":"","footnotes":""},"categories":[1254],"tags":[4312,345,4314,3490,175,4310,2236,4315,2022,3457,4311,924,3489,4316,2021,4313,1971,2020,2023,346,230,198],"class_list":{"0":"post-14996","1":"post","2":"type-post","3":"status-publish","4":"format-standard","6":"category-forever-house","7":"tag-amenagement","8":"tag-annuaire-decoration-montreal","9":"tag-apartment-therapy","10":"tag-astuces-deco","11":"tag-blogue-decoration-montreal","12":"tag-boutiques-de-deco","13":"tag-deco-montreal","14":"tag-deco-therapie","15":"tag-decor-nautique-pour-la-cour","16":"tag-decoration-quebec","17":"tag-decorer-a-petits-prix","18":"tag-house-beautiful","19":"tag-idees-deco","20":"tag-idees-pour-la-maison","21":"tag-inspiration-deco-pour-la-cour","22":"tag-lonny","23":"tag-ma-cour-urbaine","24":"tag-ma-cour-urbaine-le-devoilement","25":"tag-petite-cour-urbaine","26":"tag-repertoire-decoration-quebec","27":"tag-rue-magazine","28":"tag-vanessa-sicotte","29":"entry","30":"has-post-thumbnail"},"yoast_head":"<!-- This site is optimized with the Yoast SEO plugin v27.4 - https:\/\/yoast.com\/product\/yoast-seo-wordpress\/ -->\n<title>Ma cour urbaine: le d\u00e9voilement<\/title>\n<meta name=\"description\" content=\"\u00c7a nous aura pris deux gros mois de travail &amp; de commande, mais c&#039;est enfin termin\u00e9... juste \u00e0 temps pour l&#039;\u00e9t\u00e9. Notre cour, telle une chenille velue, s&#039;est transform\u00e9e en papillon.\" \/>\n<meta name=\"robots\" content=\"index, follow, max-snippet:-1, max-image-preview:large, max-video-preview:-1\" \/>\n<link rel=\"canonical\" href=\"https:\/\/damasketdentelle.com\/index.php\/2015\/06\/ma-cour-urbaine-le-devoilement\/\" \/>\n<meta property=\"og:locale\" content=\"en_US\" \/>\n<meta property=\"og:type\" content=\"article\" \/>\n<meta property=\"og:title\" content=\"Ma cour urbaine: le d\u00e9voilement\" \/>\n<meta property=\"og:description\" content=\"\u00c7a nous aura pris deux gros mois de travail &amp; de commande, mais c&#039;est enfin termin\u00e9... juste \u00e0 temps pour l&#039;\u00e9t\u00e9. Notre cour, telle une chenille velue, s&#039;est transform\u00e9e en papillon.\" \/>\n<meta property=\"og:url\" content=\"https:\/\/damasketdentelle.com\/index.php\/2015\/06\/ma-cour-urbaine-le-devoilement\/\" \/>\n<meta property=\"og:site_name\" content=\"Damask &amp; Dentelle\" \/>\n<meta property=\"article:publisher\" content=\"https:\/\/www.facebook.com\/damasketdentelle\" \/>\n<meta property=\"article:published_time\" content=\"2015-06-12T15:05:41+00:00\" \/>\n<meta property=\"article:modified_time\" content=\"2020-07-30T17:20:58+00:00\" \/>\n<meta property=\"og:image\" content=\"http:\/\/blog.damasketdentelle.com\/wp-content\/uploads\/junophoto_DD_terrasse_LR-001-695x463.jpg\" \/>\n<meta name=\"author\" content=\"Vanessa Sicotte\" \/>\n<meta name=\"twitter:label1\" content=\"Written by\" \/>\n\t<meta name=\"twitter:data1\" content=\"Vanessa Sicotte\" \/>\n\t<meta name=\"twitter:label2\" content=\"Est. reading time\" \/>\n\t<meta name=\"twitter:data2\" content=\"4 minutes\" \/>\n<script type=\"application\/ld+json\" class=\"yoast-schema-graph\">{\"@context\":\"https:\\\/\\\/schema.org\",\"@graph\":[{\"@type\":\"Article\",\"@id\":\"https:\\\/\\\/damasketdentelle.com\\\/index.php\\\/2015\\\/06\\\/ma-cour-urbaine-le-devoilement\\\/#article\",\"isPartOf\":{\"@id\":\"https:\\\/\\\/damasketdentelle.com\\\/index.php\\\/2015\\\/06\\\/ma-cour-urbaine-le-devoilement\\\/\"},\"author\":{\"name\":\"Vanessa Sicotte\",\"@id\":\"https:\\\/\\\/damasketdentelle.com\\\/#\\\/schema\\\/person\\\/ab66dcd0f6a0e1954b4a4aaac173acee\"},\"headline\":\"Ma cour urbaine: le d\u00e9voilement\",\"datePublished\":\"2015-06-12T15:05:41+00:00\",\"dateModified\":\"2020-07-30T17:20:58+00:00\",\"mainEntityOfPage\":{\"@id\":\"https:\\\/\\\/damasketdentelle.com\\\/index.php\\\/2015\\\/06\\\/ma-cour-urbaine-le-devoilement\\\/\"},\"wordCount\":765,\"commentCount\":6,\"image\":{\"@id\":\"https:\\\/\\\/damasketdentelle.com\\\/index.php\\\/2015\\\/06\\\/ma-cour-urbaine-le-devoilement\\\/#primaryimage\"},\"thumbnailUrl\":\"http:\\\/\\\/blog.damasketdentelle.com\\\/wp-content\\\/uploads\\\/junophoto_DD_terrasse_LR-001-695x463.jpg\",\"keywords\":[\"am\u00e9nagement\",\"annuaire d\u00e9coration Montr\u00e9al\",\"Apartment Therapy\",\"astuces d\u00e9co\",\"blogue d\u00e9coration Montr\u00e9al\",\"boutiques de d\u00e9co\",\"D\u00e9co Montr\u00e9al\",\"D\u00e9co Th\u00e9rapie\",\"d\u00e9cor nautique pour la cour\",\"D\u00e9coration Qu\u00e9bec\",\"d\u00e9corer \u00e0 petits prix\",\"House Beautiful\",\"id\u00e9es d\u00e9co\",\"Id\u00e9es pour la maison\",\"inspiration d\u00e9co pour la cour\",\"Lonny\",\"ma cour urbaine\",\"Ma cour urbaine: le d\u00e9voilement\",\"Petite cour urbaine\",\"R\u00e9pertoire d\u00e9coration Qu\u00e9bec\",\"Rue Magazine\",\"Vanessa Sicotte\"],\"articleSection\":[\"Forever House\"],\"inLanguage\":\"en-US\",\"potentialAction\":[{\"@type\":\"CommentAction\",\"name\":\"Comment\",\"target\":[\"https:\\\/\\\/damasketdentelle.com\\\/index.php\\\/2015\\\/06\\\/ma-cour-urbaine-le-devoilement\\\/#respond\"]}]},{\"@type\":\"WebPage\",\"@id\":\"https:\\\/\\\/damasketdentelle.com\\\/index.php\\\/2015\\\/06\\\/ma-cour-urbaine-le-devoilement\\\/\",\"url\":\"https:\\\/\\\/damasketdentelle.com\\\/index.php\\\/2015\\\/06\\\/ma-cour-urbaine-le-devoilement\\\/\",\"name\":\"Ma cour urbaine: le d\u00e9voilement\",\"isPartOf\":{\"@id\":\"https:\\\/\\\/damasketdentelle.com\\\/#website\"},\"primaryImageOfPage\":{\"@id\":\"https:\\\/\\\/damasketdentelle.com\\\/index.php\\\/2015\\\/06\\\/ma-cour-urbaine-le-devoilement\\\/#primaryimage\"},\"image\":{\"@id\":\"https:\\\/\\\/damasketdentelle.com\\\/index.php\\\/2015\\\/06\\\/ma-cour-urbaine-le-devoilement\\\/#primaryimage\"},\"thumbnailUrl\":\"http:\\\/\\\/blog.damasketdentelle.com\\\/wp-content\\\/uploads\\\/junophoto_DD_terrasse_LR-001-695x463.jpg\",\"datePublished\":\"2015-06-12T15:05:41+00:00\",\"dateModified\":\"2020-07-30T17:20:58+00:00\",\"author\":{\"@id\":\"https:\\\/\\\/damasketdentelle.com\\\/#\\\/schema\\\/person\\\/ab66dcd0f6a0e1954b4a4aaac173acee\"},\"description\":\"\u00c7a nous aura pris deux gros mois de travail & de commande, mais c'est enfin termin\u00e9... juste \u00e0 temps pour l'\u00e9t\u00e9. Notre cour, telle une chenille velue, s'est transform\u00e9e en papillon.\",\"breadcrumb\":{\"@id\":\"https:\\\/\\\/damasketdentelle.com\\\/index.php\\\/2015\\\/06\\\/ma-cour-urbaine-le-devoilement\\\/#breadcrumb\"},\"inLanguage\":\"en-US\",\"potentialAction\":[{\"@type\":\"ReadAction\",\"target\":[\"https:\\\/\\\/damasketdentelle.com\\\/index.php\\\/2015\\\/06\\\/ma-cour-urbaine-le-devoilement\\\/\"]}]},{\"@type\":\"ImageObject\",\"inLanguage\":\"en-US\",\"@id\":\"https:\\\/\\\/damasketdentelle.com\\\/index.php\\\/2015\\\/06\\\/ma-cour-urbaine-le-devoilement\\\/#primaryimage\",\"url\":\"http:\\\/\\\/blog.damasketdentelle.com\\\/wp-content\\\/uploads\\\/junophoto_DD_terrasse_LR-001-695x463.jpg\",\"contentUrl\":\"http:\\\/\\\/blog.damasketdentelle.com\\\/wp-content\\\/uploads\\\/junophoto_DD_terrasse_LR-001-695x463.jpg\"},{\"@type\":\"BreadcrumbList\",\"@id\":\"https:\\\/\\\/damasketdentelle.com\\\/index.php\\\/2015\\\/06\\\/ma-cour-urbaine-le-devoilement\\\/#breadcrumb\",\"itemListElement\":[{\"@type\":\"ListItem\",\"position\":1,\"name\":\"Home\",\"item\":\"https:\\\/\\\/damasketdentelle.com\\\/\"},{\"@type\":\"ListItem\",\"position\":2,\"name\":\"Ma cour urbaine: le d\u00e9voilement\"}]},{\"@type\":\"WebSite\",\"@id\":\"https:\\\/\\\/damasketdentelle.com\\\/#website\",\"url\":\"https:\\\/\\\/damasketdentelle.com\\\/\",\"name\":\"Damask &amp; Dentelle\",\"description\":\"Storytelling, Design and urban manifestos\",\"potentialAction\":[{\"@type\":\"SearchAction\",\"target\":{\"@type\":\"EntryPoint\",\"urlTemplate\":\"https:\\\/\\\/damasketdentelle.com\\\/?s={search_term_string}\"},\"query-input\":{\"@type\":\"PropertyValueSpecification\",\"valueRequired\":true,\"valueName\":\"search_term_string\"}}],\"inLanguage\":\"en-US\"},{\"@type\":\"Person\",\"@id\":\"https:\\\/\\\/damasketdentelle.com\\\/#\\\/schema\\\/person\\\/ab66dcd0f6a0e1954b4a4aaac173acee\",\"name\":\"Vanessa Sicotte\",\"image\":{\"@type\":\"ImageObject\",\"inLanguage\":\"en-US\",\"@id\":\"https:\\\/\\\/secure.gravatar.com\\\/avatar\\\/7710c0e6cd087dff617e494d4e51105fae871a738d48c9031273d8920420be5b?s=96&d=mm&r=g\",\"url\":\"https:\\\/\\\/secure.gravatar.com\\\/avatar\\\/7710c0e6cd087dff617e494d4e51105fae871a738d48c9031273d8920420be5b?s=96&d=mm&r=g\",\"contentUrl\":\"https:\\\/\\\/secure.gravatar.com\\\/avatar\\\/7710c0e6cd087dff617e494d4e51105fae871a738d48c9031273d8920420be5b?s=96&d=mm&r=g\",\"caption\":\"Vanessa Sicotte\"},\"sameAs\":[\"https:\\\/\\\/blog.damasketdentelle.com\\\/wp-login.php\"],\"url\":\"https:\\\/\\\/damasketdentelle.com\\\/index.php\\\/author\\\/vanessa\\\/\"}]}<\/script>\n<!-- \/ Yoast SEO plugin. -->","yoast_head_json":{"title":"Ma cour urbaine: le d\u00e9voilement","description":"\u00c7a nous aura pris deux gros mois de travail & de commande, mais c'est enfin termin\u00e9... juste \u00e0 temps pour l'\u00e9t\u00e9. Notre cour, telle une chenille velue, s'est transform\u00e9e en papillon.","robots":{"index":"index","follow":"follow","max-snippet":"max-snippet:-1","max-image-preview":"max-image-preview:large","max-video-preview":"max-video-preview:-1"},"canonical":"https:\/\/damasketdentelle.com\/index.php\/2015\/06\/ma-cour-urbaine-le-devoilement\/","og_locale":"en_US","og_type":"article","og_title":"Ma cour urbaine: le d\u00e9voilement","og_description":"\u00c7a nous aura pris deux gros mois de travail & de commande, mais c'est enfin termin\u00e9... juste \u00e0 temps pour l'\u00e9t\u00e9. Notre cour, telle une chenille velue, s'est transform\u00e9e en papillon.","og_url":"https:\/\/damasketdentelle.com\/index.php\/2015\/06\/ma-cour-urbaine-le-devoilement\/","og_site_name":"Damask &amp; Dentelle","article_publisher":"https:\/\/www.facebook.com\/damasketdentelle","article_published_time":"2015-06-12T15:05:41+00:00","article_modified_time":"2020-07-30T17:20:58+00:00","og_image":[{"url":"http:\/\/blog.damasketdentelle.com\/wp-content\/uploads\/junophoto_DD_terrasse_LR-001-695x463.jpg","type":"","width":"","height":""}],"author":"Vanessa Sicotte","twitter_misc":{"Written by":"Vanessa Sicotte","Est. reading time":"4 minutes"},"schema":{"@context":"https:\/\/schema.org","@graph":[{"@type":"Article","@id":"https:\/\/damasketdentelle.com\/index.php\/2015\/06\/ma-cour-urbaine-le-devoilement\/#article","isPartOf":{"@id":"https:\/\/damasketdentelle.com\/index.php\/2015\/06\/ma-cour-urbaine-le-devoilement\/"},"author":{"name":"Vanessa Sicotte","@id":"https:\/\/damasketdentelle.com\/#\/schema\/person\/ab66dcd0f6a0e1954b4a4aaac173acee"},"headline":"Ma cour urbaine: le d\u00e9voilement","datePublished":"2015-06-12T15:05:41+00:00","dateModified":"2020-07-30T17:20:58+00:00","mainEntityOfPage":{"@id":"https:\/\/damasketdentelle.com\/index.php\/2015\/06\/ma-cour-urbaine-le-devoilement\/"},"wordCount":765,"commentCount":6,"image":{"@id":"https:\/\/damasketdentelle.com\/index.php\/2015\/06\/ma-cour-urbaine-le-devoilement\/#primaryimage"},"thumbnailUrl":"http:\/\/blog.damasketdentelle.com\/wp-content\/uploads\/junophoto_DD_terrasse_LR-001-695x463.jpg","keywords":["am\u00e9nagement","annuaire d\u00e9coration Montr\u00e9al","Apartment Therapy","astuces d\u00e9co","blogue d\u00e9coration Montr\u00e9al","boutiques de d\u00e9co","D\u00e9co Montr\u00e9al","D\u00e9co Th\u00e9rapie","d\u00e9cor nautique pour la cour","D\u00e9coration Qu\u00e9bec","d\u00e9corer \u00e0 petits prix","House Beautiful","id\u00e9es d\u00e9co","Id\u00e9es pour la maison","inspiration d\u00e9co pour la cour","Lonny","ma cour urbaine","Ma cour urbaine: le d\u00e9voilement","Petite cour urbaine","R\u00e9pertoire d\u00e9coration Qu\u00e9bec","Rue Magazine","Vanessa Sicotte"],"articleSection":["Forever House"],"inLanguage":"en-US","potentialAction":[{"@type":"CommentAction","name":"Comment","target":["https:\/\/damasketdentelle.com\/index.php\/2015\/06\/ma-cour-urbaine-le-devoilement\/#respond"]}]},{"@type":"WebPage","@id":"https:\/\/damasketdentelle.com\/index.php\/2015\/06\/ma-cour-urbaine-le-devoilement\/","url":"https:\/\/damasketdentelle.com\/index.php\/2015\/06\/ma-cour-urbaine-le-devoilement\/","name":"Ma cour urbaine: le d\u00e9voilement","isPartOf":{"@id":"https:\/\/damasketdentelle.com\/#website"},"primaryImageOfPage":{"@id":"https:\/\/damasketdentelle.com\/index.php\/2015\/06\/ma-cour-urbaine-le-devoilement\/#primaryimage"},"image":{"@id":"https:\/\/damasketdentelle.com\/index.php\/2015\/06\/ma-cour-urbaine-le-devoilement\/#primaryimage"},"thumbnailUrl":"http:\/\/blog.damasketdentelle.com\/wp-content\/uploads\/junophoto_DD_terrasse_LR-001-695x463.jpg","datePublished":"2015-06-12T15:05:41+00:00","dateModified":"2020-07-30T17:20:58+00:00","author":{"@id":"https:\/\/damasketdentelle.com\/#\/schema\/person\/ab66dcd0f6a0e1954b4a4aaac173acee"},"description":"\u00c7a nous aura pris deux gros mois de travail & de commande, mais c'est enfin termin\u00e9... juste \u00e0 temps pour l'\u00e9t\u00e9. Notre cour, telle une chenille velue, s'est transform\u00e9e en papillon.","breadcrumb":{"@id":"https:\/\/damasketdentelle.com\/index.php\/2015\/06\/ma-cour-urbaine-le-devoilement\/#breadcrumb"},"inLanguage":"en-US","potentialAction":[{"@type":"ReadAction","target":["https:\/\/damasketdentelle.com\/index.php\/2015\/06\/ma-cour-urbaine-le-devoilement\/"]}]},{"@type":"ImageObject","inLanguage":"en-US","@id":"https:\/\/damasketdentelle.com\/index.php\/2015\/06\/ma-cour-urbaine-le-devoilement\/#primaryimage","url":"http:\/\/blog.damasketdentelle.com\/wp-content\/uploads\/junophoto_DD_terrasse_LR-001-695x463.jpg","contentUrl":"http:\/\/blog.damasketdentelle.com\/wp-content\/uploads\/junophoto_DD_terrasse_LR-001-695x463.jpg"},{"@type":"BreadcrumbList","@id":"https:\/\/damasketdentelle.com\/index.php\/2015\/06\/ma-cour-urbaine-le-devoilement\/#breadcrumb","itemListElement":[{"@type":"ListItem","position":1,"name":"Home","item":"https:\/\/damasketdentelle.com\/"},{"@type":"ListItem","position":2,"name":"Ma cour urbaine: le d\u00e9voilement"}]},{"@type":"WebSite","@id":"https:\/\/damasketdentelle.com\/#website","url":"https:\/\/damasketdentelle.com\/","name":"Damask &amp; Dentelle","description":"Storytelling, Design and urban manifestos","potentialAction":[{"@type":"SearchAction","target":{"@type":"EntryPoint","urlTemplate":"https:\/\/damasketdentelle.com\/?s={search_term_string}"},"query-input":{"@type":"PropertyValueSpecification","valueRequired":true,"valueName":"search_term_string"}}],"inLanguage":"en-US"},{"@type":"Person","@id":"https:\/\/damasketdentelle.com\/#\/schema\/person\/ab66dcd0f6a0e1954b4a4aaac173acee","name":"Vanessa Sicotte","image":{"@type":"ImageObject","inLanguage":"en-US","@id":"https:\/\/secure.gravatar.com\/avatar\/7710c0e6cd087dff617e494d4e51105fae871a738d48c9031273d8920420be5b?s=96&d=mm&r=g","url":"https:\/\/secure.gravatar.com\/avatar\/7710c0e6cd087dff617e494d4e51105fae871a738d48c9031273d8920420be5b?s=96&d=mm&r=g","contentUrl":"https:\/\/secure.gravatar.com\/avatar\/7710c0e6cd087dff617e494d4e51105fae871a738d48c9031273d8920420be5b?s=96&d=mm&r=g","caption":"Vanessa Sicotte"},"sameAs":["https:\/\/blog.damasketdentelle.com\/wp-login.php"],"url":"https:\/\/damasketdentelle.com\/index.php\/author\/vanessa\/"}]}},"_links":{"self":[{"href":"https:\/\/damasketdentelle.com\/index.php\/wp-json\/wp\/v2\/posts\/14996","targetHints":{"allow":["GET"]}}],"collection":[{"href":"https:\/\/damasketdentelle.com\/index.php\/wp-json\/wp\/v2\/posts"}],"about":[{"href":"https:\/\/damasketdentelle.com\/index.php\/wp-json\/wp\/v2\/types\/post"}],"author":[{"embeddable":true,"href":"https:\/\/damasketdentelle.com\/index.php\/wp-json\/wp\/v2\/users\/1"}],"replies":[{"embeddable":true,"href":"https:\/\/damasketdentelle.com\/index.php\/wp-json\/wp\/v2\/comments?post=14996"}],"version-history":[{"count":9,"href":"https:\/\/damasketdentelle.com\/index.php\/wp-json\/wp\/v2\/posts\/14996\/revisions"}],"predecessor-version":[{"id":26660,"href":"https:\/\/damasketdentelle.com\/index.php\/wp-json\/wp\/v2\/posts\/14996\/revisions\/26660"}],"wp:attachment":[{"href":"https:\/\/damasketdentelle.com\/index.php\/wp-json\/wp\/v2\/media?parent=14996"}],"wp:term":[{"taxonomy":"category","embeddable":true,"href":"https:\/\/damasketdentelle.com\/index.php\/wp-json\/wp\/v2\/categories?post=14996"},{"taxonomy":"post_tag","embeddable":true,"href":"https:\/\/damasketdentelle.com\/index.php\/wp-json\/wp\/v2\/tags?post=14996"}],"curies":[{"name":"wp","href":"https:\/\/api.w.org\/{rel}","templated":true}]}}