{"id":15905,"date":"2015-10-14T08:39:38","date_gmt":"2015-10-14T12:39:38","guid":{"rendered":"http:\/\/blog.damasketdentelle.com\/?p=15905"},"modified":"2020-07-30T13:17:49","modified_gmt":"2020-07-30T17:17:49","slug":"parfaitement-imparfait-latelier-carmel","status":"publish","type":"post","link":"https:\/\/damasketdentelle.com\/index.php\/2015\/10\/parfaitement-imparfait-latelier-carmel\/","title":{"rendered":"Parfaitement Imparfait: L&#8217;atelier Carmel"},"content":{"rendered":"<p><img loading=\"lazy\" decoding=\"async\" class=\"aligncenter size-large wp-image-15893\" src=\"http:\/\/blog.damasketdentelle.com\/wp-content\/uploads\/Junophoto_DDbook_blog_damask_et_dentelle-042-695x1043.jpg\" alt=\"Junophoto_DDbook_blog_damask_et_dentelle-042\" width=\"695\" height=\"1043\" srcset=\"https:\/\/blog.damasketdentelle.com\/wp-content\/uploads\/Junophoto_DDbook_blog_damask_et_dentelle-042-695x1043.jpg 695w, https:\/\/blog.damasketdentelle.com\/wp-content\/uploads\/Junophoto_DDbook_blog_damask_et_dentelle-042-300x450.jpg 300w, https:\/\/blog.damasketdentelle.com\/wp-content\/uploads\/Junophoto_DDbook_blog_damask_et_dentelle-042-768x1152.jpg 768w, https:\/\/blog.damasketdentelle.com\/wp-content\/uploads\/Junophoto_DDbook_blog_damask_et_dentelle-042.jpg 1080w\" sizes=\"auto, (max-width: 695px) 100vw, 695px\" \/><\/p>\n<p>\u00c0 exactement une semaine de la sortie du <a href=\"http:\/\/editions-cardinal.ca\/ca_fr\/damask-dentelle-2070.html\" target=\"_blank\" rel=\"noopener noreferrer\">livre<\/a>\u00a0(je tape des mains de joie dans mon salon!), je ne peux m&#8217;emp\u00eacher de constater la chance que j&#8217;ai d&#8217;avoir pu collaborer avec des gens aussi extraordinaire. Prenez par exemple Carmel.\u00a0\u00a0Je savais que je voulais inclure un chapitre sur les fleurs &#8211; parce que je suis toujours entour\u00e9e de fleurs fraiches &#8211;\u00a0et c&#8217;est Carmel de l&#8217;<a href=\"http:\/\/www.ateliercarmel.ca\" target=\"_blank\" rel=\"noopener noreferrer\">Atelier Carmel<\/a>\u00a0qui m&#8217;est imm\u00e9diatement venue \u00e0 l&#8217;esprit. Parfaitement imparfaite, Carmel est cr\u00e9ative, passionn\u00e9e, et un peu obssessive des d\u00e9tails aussi, bref, c&#8217;est\u00a0une femme de feu \u00e0 l&#8217;imagination fleurie.<\/p>\n<p>Voici quelques unes des photos que nous avons prises mais pas retenues dans la s\u00e9lection finale du livre. C&#8217;est du bonbon pour les yeux.<\/p>\n<p>Enjoy lovelies! xx<\/p>\n<p>&nbsp;<\/p>\n<p><img loading=\"lazy\" decoding=\"async\" class=\"aligncenter size-large wp-image-15892\" src=\"http:\/\/blog.damasketdentelle.com\/wp-content\/uploads\/Junophoto_DDbook_blog_damask_et_dentelle-041-695x1043.jpg\" alt=\"Junophoto_DDbook_blog_damask_et_dentelle-041\" width=\"695\" height=\"1043\" srcset=\"https:\/\/blog.damasketdentelle.com\/wp-content\/uploads\/Junophoto_DDbook_blog_damask_et_dentelle-041-695x1043.jpg 695w, https:\/\/blog.damasketdentelle.com\/wp-content\/uploads\/Junophoto_DDbook_blog_damask_et_dentelle-041-300x450.jpg 300w, https:\/\/blog.damasketdentelle.com\/wp-content\/uploads\/Junophoto_DDbook_blog_damask_et_dentelle-041-768x1152.jpg 768w, https:\/\/blog.damasketdentelle.com\/wp-content\/uploads\/Junophoto_DDbook_blog_damask_et_dentelle-041.jpg 1080w\" sizes=\"auto, (max-width: 695px) 100vw, 695px\" \/><\/p>\n<p><img loading=\"lazy\" decoding=\"async\" class=\"aligncenter size-large wp-image-15891\" src=\"http:\/\/blog.damasketdentelle.com\/wp-content\/uploads\/Junophoto_DDbook_blog_damask_et_dentelle-040-695x1043.jpg\" alt=\"Junophoto_DDbook_blog_damask_et_dentelle-040\" width=\"695\" height=\"1043\" srcset=\"https:\/\/blog.damasketdentelle.com\/wp-content\/uploads\/Junophoto_DDbook_blog_damask_et_dentelle-040-695x1043.jpg 695w, https:\/\/blog.damasketdentelle.com\/wp-content\/uploads\/Junophoto_DDbook_blog_damask_et_dentelle-040-300x450.jpg 300w, https:\/\/blog.damasketdentelle.com\/wp-content\/uploads\/Junophoto_DDbook_blog_damask_et_dentelle-040-768x1152.jpg 768w, https:\/\/blog.damasketdentelle.com\/wp-content\/uploads\/Junophoto_DDbook_blog_damask_et_dentelle-040.jpg 1080w\" sizes=\"auto, (max-width: 695px) 100vw, 695px\" \/><\/p>\n<p>Note de l&#8217;auteure (\u00e7a c&#8217;est moi!): Je commence \u00e0 mettre de l&#8217;avant le mot-clic #parfaitementimparfaite sur <a href=\"https:\/\/instagram.com\/damask_dentelle\/\" target=\"_blank\" rel=\"noopener noreferrer\">Instagram<\/a>, <a href=\"https:\/\/twitter.com\/damask_dentelle\" target=\"_blank\" rel=\"noopener noreferrer\">Twitter<\/a> et <a href=\"https:\/\/www.facebook.com\/Damask.Dentelle\" target=\"_blank\" rel=\"noopener noreferrer\">Facebook<\/a> pour partager des moments, qui sont parfaits dans leur imperfection.<\/p>\n<h4>Par exemple:<\/h4>\n<p>une fleur qui commence \u00e0 se faner mais qui est encore plus belle<\/p>\n<p>une chaise qui en a vu des fesses s&#8217;assoir sur son assise mais dont le tissu est encore tellement int\u00e9ressant<\/p>\n<p>le mur d&#8217;un immeuble avec une panoplie de graffitis urbains qui ont du style et qui parlent d&#8217;art et de cr\u00e9ativit\u00e9<\/p>\n<p>Faites la m\u00eame chose et n&#8217;h\u00e9sitez pas \u00e0 me &#8220;tagger&#8221;, \u00a0j&#8217;irai voir vos images et j&#8217;en replierai sur les comptes de Damask &amp; Dentelle. #parfaitementimparfaite #onaimeonaime :)<\/p>\n<p><img loading=\"lazy\" decoding=\"async\" class=\"aligncenter size-large wp-image-15890\" src=\"http:\/\/blog.damasketdentelle.com\/wp-content\/uploads\/Junophoto_DDbook_blog_damask_et_dentelle-039-695x1043.jpg\" alt=\"Junophoto_DDbook_blog_damask_et_dentelle-039\" width=\"695\" height=\"1043\" srcset=\"https:\/\/blog.damasketdentelle.com\/wp-content\/uploads\/Junophoto_DDbook_blog_damask_et_dentelle-039-695x1043.jpg 695w, https:\/\/blog.damasketdentelle.com\/wp-content\/uploads\/Junophoto_DDbook_blog_damask_et_dentelle-039-300x450.jpg 300w, https:\/\/blog.damasketdentelle.com\/wp-content\/uploads\/Junophoto_DDbook_blog_damask_et_dentelle-039-768x1152.jpg 768w, https:\/\/blog.damasketdentelle.com\/wp-content\/uploads\/Junophoto_DDbook_blog_damask_et_dentelle-039.jpg 1080w\" sizes=\"auto, (max-width: 695px) 100vw, 695px\" \/><\/p>\n<p>photos: <a href=\"http:\/\/www.junophoto.com\/en\/\" target=\"_blank\" rel=\"noopener noreferrer\">Julia C. Vona<\/a><\/p>\n","protected":false},"excerpt":{"rendered":"<p>\u00c0 exactement une semaine de la sortie du livre\u00a0(je tape des mains de joie dans mon salon!), je ne peux m&#8217;emp\u00eacher de constater la chance que j&#8217;ai d&#8217;avoir pu collaborer avec des gens aussi extraordinaire. Prenez par exemple Carmel.\u00a0\u00a0Je savais que je voulais inclure un chapitre sur les fleurs &#8211; parce que je suis toujours&#8230;<\/p>\n<p><a class=\"more-link\" href=\"https:\/\/damasketdentelle.com\/index.php\/2015\/10\/parfaitement-imparfait-latelier-carmel\/\">Read More<\/a><\/p>","protected":false},"author":1,"featured_media":0,"comment_status":"open","ping_status":"open","sticky":false,"template":"","format":"standard","meta":{"_genesis_hide_title":false,"_genesis_hide_breadcrumbs":false,"_genesis_hide_singular_image":false,"_genesis_hide_footer_widgets":false,"_genesis_custom_body_class":"","_genesis_custom_post_class":"","_genesis_layout":"","footnotes":""},"categories":[618,606,614],"tags":[4312,345,343,4314,3490,1831,144,175,4310,2247,2212,2236,4315,237,392,3457,4311,2211,344,924,3489,4316,4313,2218,346,230,198],"class_list":{"0":"post-15905","1":"post","2":"type-post","3":"status-publish","4":"format-standard","6":"category-seasons-of-holidays","7":"category-home-tour","8":"category-spring-decoration","9":"tag-amenagement","10":"tag-annuaire-decoration-montreal","11":"tag-annuaire-decoration-quebec","12":"tag-apartment-therapy","13":"tag-astuces-deco","14":"tag-atelier-carmel","15":"tag-blog-decoration-montreal","16":"tag-blogue-decoration-montreal","17":"tag-boutiques-de-deco","18":"tag-carmel-sabourin","19":"tag-damask-dentelle-le-livre","20":"tag-deco-montreal","21":"tag-deco-therapie","22":"tag-decor-blog-new-york","23":"tag-decor-blog-toronto","24":"tag-decoration-quebec","25":"tag-decorer-a-petits-prix","26":"tag-editions-cardinal","27":"tag-home-decor-directory-quebec","28":"tag-house-beautiful","29":"tag-idees-deco","30":"tag-idees-pour-la-maison","31":"tag-lonny","32":"tag-parfaitement-imparfaite","33":"tag-repertoire-decoration-quebec","34":"tag-rue-magazine","35":"tag-vanessa-sicotte","36":"entry","37":"has-post-thumbnail"},"yoast_head":"<!-- This site is optimized with the Yoast SEO plugin v27.4 - https:\/\/yoast.com\/product\/yoast-seo-wordpress\/ -->\n<title>Parfaitement Imparfait: L&#039;atelier Carmel<\/title>\n<meta name=\"description\" content=\"Je savais que je voulais inclure un chapitre sur les fleurs et c&#039;est Carmel de l&#039;Atelier Carmel qui m&#039;est imm\u00e9diatement venue \u00e0 l&#039;esprit. Elle est parfaitement imparfaite!\" \/>\n<meta name=\"robots\" content=\"index, follow, max-snippet:-1, max-image-preview:large, max-video-preview:-1\" \/>\n<link rel=\"canonical\" href=\"https:\/\/damasketdentelle.com\/index.php\/2015\/10\/parfaitement-imparfait-latelier-carmel\/\" \/>\n<meta property=\"og:locale\" content=\"en_US\" \/>\n<meta property=\"og:type\" content=\"article\" \/>\n<meta property=\"og:title\" content=\"Parfaitement Imparfait: L&#039;atelier Carmel\" \/>\n<meta property=\"og:description\" content=\"Je savais que je voulais inclure un chapitre sur les fleurs et c&#039;est Carmel de l&#039;Atelier Carmel qui m&#039;est imm\u00e9diatement venue \u00e0 l&#039;esprit. Elle est parfaitement imparfaite!\" \/>\n<meta property=\"og:url\" content=\"https:\/\/damasketdentelle.com\/index.php\/2015\/10\/parfaitement-imparfait-latelier-carmel\/\" \/>\n<meta property=\"og:site_name\" content=\"Damask &amp; Dentelle\" \/>\n<meta property=\"article:publisher\" content=\"https:\/\/www.facebook.com\/damasketdentelle\" \/>\n<meta property=\"article:published_time\" content=\"2015-10-14T12:39:38+00:00\" \/>\n<meta property=\"article:modified_time\" content=\"2020-07-30T17:17:49+00:00\" \/>\n<meta property=\"og:image\" content=\"http:\/\/blog.damasketdentelle.com\/wp-content\/uploads\/Junophoto_DDbook_blog_damask_et_dentelle-042-695x1043.jpg\" \/>\n<meta name=\"author\" content=\"Vanessa Sicotte\" \/>\n<meta name=\"twitter:label1\" content=\"Written by\" \/>\n\t<meta name=\"twitter:data1\" content=\"Vanessa Sicotte\" \/>\n\t<meta name=\"twitter:label2\" content=\"Est. reading time\" \/>\n\t<meta name=\"twitter:data2\" content=\"1 minute\" \/>\n<script type=\"application\/ld+json\" class=\"yoast-schema-graph\">{\"@context\":\"https:\\\/\\\/schema.org\",\"@graph\":[{\"@type\":\"Article\",\"@id\":\"https:\\\/\\\/damasketdentelle.com\\\/index.php\\\/2015\\\/10\\\/parfaitement-imparfait-latelier-carmel\\\/#article\",\"isPartOf\":{\"@id\":\"https:\\\/\\\/damasketdentelle.com\\\/index.php\\\/2015\\\/10\\\/parfaitement-imparfait-latelier-carmel\\\/\"},\"author\":{\"name\":\"Vanessa Sicotte\",\"@id\":\"https:\\\/\\\/damasketdentelle.com\\\/#\\\/schema\\\/person\\\/ab66dcd0f6a0e1954b4a4aaac173acee\"},\"headline\":\"Parfaitement Imparfait: L&#8217;atelier Carmel\",\"datePublished\":\"2015-10-14T12:39:38+00:00\",\"dateModified\":\"2020-07-30T17:17:49+00:00\",\"mainEntityOfPage\":{\"@id\":\"https:\\\/\\\/damasketdentelle.com\\\/index.php\\\/2015\\\/10\\\/parfaitement-imparfait-latelier-carmel\\\/\"},\"wordCount\":249,\"commentCount\":0,\"image\":{\"@id\":\"https:\\\/\\\/damasketdentelle.com\\\/index.php\\\/2015\\\/10\\\/parfaitement-imparfait-latelier-carmel\\\/#primaryimage\"},\"thumbnailUrl\":\"http:\\\/\\\/blog.damasketdentelle.com\\\/wp-content\\\/uploads\\\/Junophoto_DDbook_blog_damask_et_dentelle-042-695x1043.jpg\",\"keywords\":[\"am\u00e9nagement\",\"annuaire d\u00e9coration Montr\u00e9al\",\"annuaire d\u00e9coration Qu\u00e9bec\",\"Apartment Therapy\",\"astuces d\u00e9co\",\"Atelier Carmel\",\"blog d\u00e9coration Montr\u00e9al\",\"blogue d\u00e9coration Montr\u00e9al\",\"boutiques de d\u00e9co\",\"Carmel Sabourin\",\"Damask &amp; Dentelle le livre\",\"D\u00e9co Montr\u00e9al\",\"D\u00e9co Th\u00e9rapie\",\"Decor blog New York\",\"decor blog Toronto\",\"D\u00e9coration Qu\u00e9bec\",\"d\u00e9corer \u00e0 petits prix\",\"\u00c9ditions Cardinal\",\"home decor directory Qu\u00e9bec\",\"House Beautiful\",\"id\u00e9es d\u00e9co\",\"Id\u00e9es pour la maison\",\"Lonny\",\"Parfaitement imparfaite\",\"R\u00e9pertoire d\u00e9coration Qu\u00e9bec\",\"Rue Magazine\",\"Vanessa Sicotte\"],\"articleSection\":[\"D\u00e9corer selon les saisons\",\"Home Tour\",\"Printemps\"],\"inLanguage\":\"en-US\",\"potentialAction\":[{\"@type\":\"CommentAction\",\"name\":\"Comment\",\"target\":[\"https:\\\/\\\/damasketdentelle.com\\\/index.php\\\/2015\\\/10\\\/parfaitement-imparfait-latelier-carmel\\\/#respond\"]}]},{\"@type\":\"WebPage\",\"@id\":\"https:\\\/\\\/damasketdentelle.com\\\/index.php\\\/2015\\\/10\\\/parfaitement-imparfait-latelier-carmel\\\/\",\"url\":\"https:\\\/\\\/damasketdentelle.com\\\/index.php\\\/2015\\\/10\\\/parfaitement-imparfait-latelier-carmel\\\/\",\"name\":\"Parfaitement Imparfait: L'atelier Carmel\",\"isPartOf\":{\"@id\":\"https:\\\/\\\/damasketdentelle.com\\\/#website\"},\"primaryImageOfPage\":{\"@id\":\"https:\\\/\\\/damasketdentelle.com\\\/index.php\\\/2015\\\/10\\\/parfaitement-imparfait-latelier-carmel\\\/#primaryimage\"},\"image\":{\"@id\":\"https:\\\/\\\/damasketdentelle.com\\\/index.php\\\/2015\\\/10\\\/parfaitement-imparfait-latelier-carmel\\\/#primaryimage\"},\"thumbnailUrl\":\"http:\\\/\\\/blog.damasketdentelle.com\\\/wp-content\\\/uploads\\\/Junophoto_DDbook_blog_damask_et_dentelle-042-695x1043.jpg\",\"datePublished\":\"2015-10-14T12:39:38+00:00\",\"dateModified\":\"2020-07-30T17:17:49+00:00\",\"author\":{\"@id\":\"https:\\\/\\\/damasketdentelle.com\\\/#\\\/schema\\\/person\\\/ab66dcd0f6a0e1954b4a4aaac173acee\"},\"description\":\"Je savais que je voulais inclure un chapitre sur les fleurs et c'est Carmel de l'Atelier Carmel qui m'est imm\u00e9diatement venue \u00e0 l'esprit. Elle est parfaitement imparfaite!\",\"breadcrumb\":{\"@id\":\"https:\\\/\\\/damasketdentelle.com\\\/index.php\\\/2015\\\/10\\\/parfaitement-imparfait-latelier-carmel\\\/#breadcrumb\"},\"inLanguage\":\"en-US\",\"potentialAction\":[{\"@type\":\"ReadAction\",\"target\":[\"https:\\\/\\\/damasketdentelle.com\\\/index.php\\\/2015\\\/10\\\/parfaitement-imparfait-latelier-carmel\\\/\"]}]},{\"@type\":\"ImageObject\",\"inLanguage\":\"en-US\",\"@id\":\"https:\\\/\\\/damasketdentelle.com\\\/index.php\\\/2015\\\/10\\\/parfaitement-imparfait-latelier-carmel\\\/#primaryimage\",\"url\":\"http:\\\/\\\/blog.damasketdentelle.com\\\/wp-content\\\/uploads\\\/Junophoto_DDbook_blog_damask_et_dentelle-042-695x1043.jpg\",\"contentUrl\":\"http:\\\/\\\/blog.damasketdentelle.com\\\/wp-content\\\/uploads\\\/Junophoto_DDbook_blog_damask_et_dentelle-042-695x1043.jpg\"},{\"@type\":\"BreadcrumbList\",\"@id\":\"https:\\\/\\\/damasketdentelle.com\\\/index.php\\\/2015\\\/10\\\/parfaitement-imparfait-latelier-carmel\\\/#breadcrumb\",\"itemListElement\":[{\"@type\":\"ListItem\",\"position\":1,\"name\":\"Home\",\"item\":\"https:\\\/\\\/damasketdentelle.com\\\/\"},{\"@type\":\"ListItem\",\"position\":2,\"name\":\"Parfaitement Imparfait: L&#8217;atelier Carmel\"}]},{\"@type\":\"WebSite\",\"@id\":\"https:\\\/\\\/damasketdentelle.com\\\/#website\",\"url\":\"https:\\\/\\\/damasketdentelle.com\\\/\",\"name\":\"Damask &amp; Dentelle\",\"description\":\"Storytelling, Design and urban manifestos\",\"potentialAction\":[{\"@type\":\"SearchAction\",\"target\":{\"@type\":\"EntryPoint\",\"urlTemplate\":\"https:\\\/\\\/damasketdentelle.com\\\/?s={search_term_string}\"},\"query-input\":{\"@type\":\"PropertyValueSpecification\",\"valueRequired\":true,\"valueName\":\"search_term_string\"}}],\"inLanguage\":\"en-US\"},{\"@type\":\"Person\",\"@id\":\"https:\\\/\\\/damasketdentelle.com\\\/#\\\/schema\\\/person\\\/ab66dcd0f6a0e1954b4a4aaac173acee\",\"name\":\"Vanessa Sicotte\",\"image\":{\"@type\":\"ImageObject\",\"inLanguage\":\"en-US\",\"@id\":\"https:\\\/\\\/secure.gravatar.com\\\/avatar\\\/7710c0e6cd087dff617e494d4e51105fae871a738d48c9031273d8920420be5b?s=96&d=mm&r=g\",\"url\":\"https:\\\/\\\/secure.gravatar.com\\\/avatar\\\/7710c0e6cd087dff617e494d4e51105fae871a738d48c9031273d8920420be5b?s=96&d=mm&r=g\",\"contentUrl\":\"https:\\\/\\\/secure.gravatar.com\\\/avatar\\\/7710c0e6cd087dff617e494d4e51105fae871a738d48c9031273d8920420be5b?s=96&d=mm&r=g\",\"caption\":\"Vanessa Sicotte\"},\"sameAs\":[\"https:\\\/\\\/blog.damasketdentelle.com\\\/wp-login.php\"],\"url\":\"https:\\\/\\\/damasketdentelle.com\\\/index.php\\\/author\\\/vanessa\\\/\"}]}<\/script>\n<!-- \/ Yoast SEO plugin. -->","yoast_head_json":{"title":"Parfaitement Imparfait: L'atelier Carmel","description":"Je savais que je voulais inclure un chapitre sur les fleurs et c'est Carmel de l'Atelier Carmel qui m'est imm\u00e9diatement venue \u00e0 l'esprit. Elle est parfaitement imparfaite!","robots":{"index":"index","follow":"follow","max-snippet":"max-snippet:-1","max-image-preview":"max-image-preview:large","max-video-preview":"max-video-preview:-1"},"canonical":"https:\/\/damasketdentelle.com\/index.php\/2015\/10\/parfaitement-imparfait-latelier-carmel\/","og_locale":"en_US","og_type":"article","og_title":"Parfaitement Imparfait: L'atelier Carmel","og_description":"Je savais que je voulais inclure un chapitre sur les fleurs et c'est Carmel de l'Atelier Carmel qui m'est imm\u00e9diatement venue \u00e0 l'esprit. Elle est parfaitement imparfaite!","og_url":"https:\/\/damasketdentelle.com\/index.php\/2015\/10\/parfaitement-imparfait-latelier-carmel\/","og_site_name":"Damask &amp; Dentelle","article_publisher":"https:\/\/www.facebook.com\/damasketdentelle","article_published_time":"2015-10-14T12:39:38+00:00","article_modified_time":"2020-07-30T17:17:49+00:00","og_image":[{"url":"http:\/\/blog.damasketdentelle.com\/wp-content\/uploads\/Junophoto_DDbook_blog_damask_et_dentelle-042-695x1043.jpg","type":"","width":"","height":""}],"author":"Vanessa Sicotte","twitter_misc":{"Written by":"Vanessa Sicotte","Est. reading time":"1 minute"},"schema":{"@context":"https:\/\/schema.org","@graph":[{"@type":"Article","@id":"https:\/\/damasketdentelle.com\/index.php\/2015\/10\/parfaitement-imparfait-latelier-carmel\/#article","isPartOf":{"@id":"https:\/\/damasketdentelle.com\/index.php\/2015\/10\/parfaitement-imparfait-latelier-carmel\/"},"author":{"name":"Vanessa Sicotte","@id":"https:\/\/damasketdentelle.com\/#\/schema\/person\/ab66dcd0f6a0e1954b4a4aaac173acee"},"headline":"Parfaitement Imparfait: L&#8217;atelier Carmel","datePublished":"2015-10-14T12:39:38+00:00","dateModified":"2020-07-30T17:17:49+00:00","mainEntityOfPage":{"@id":"https:\/\/damasketdentelle.com\/index.php\/2015\/10\/parfaitement-imparfait-latelier-carmel\/"},"wordCount":249,"commentCount":0,"image":{"@id":"https:\/\/damasketdentelle.com\/index.php\/2015\/10\/parfaitement-imparfait-latelier-carmel\/#primaryimage"},"thumbnailUrl":"http:\/\/blog.damasketdentelle.com\/wp-content\/uploads\/Junophoto_DDbook_blog_damask_et_dentelle-042-695x1043.jpg","keywords":["am\u00e9nagement","annuaire d\u00e9coration Montr\u00e9al","annuaire d\u00e9coration Qu\u00e9bec","Apartment Therapy","astuces d\u00e9co","Atelier Carmel","blog d\u00e9coration Montr\u00e9al","blogue d\u00e9coration Montr\u00e9al","boutiques de d\u00e9co","Carmel Sabourin","Damask &amp; Dentelle le livre","D\u00e9co Montr\u00e9al","D\u00e9co Th\u00e9rapie","Decor blog New York","decor blog Toronto","D\u00e9coration Qu\u00e9bec","d\u00e9corer \u00e0 petits prix","\u00c9ditions Cardinal","home decor directory Qu\u00e9bec","House Beautiful","id\u00e9es d\u00e9co","Id\u00e9es pour la maison","Lonny","Parfaitement imparfaite","R\u00e9pertoire d\u00e9coration Qu\u00e9bec","Rue Magazine","Vanessa Sicotte"],"articleSection":["D\u00e9corer selon les saisons","Home Tour","Printemps"],"inLanguage":"en-US","potentialAction":[{"@type":"CommentAction","name":"Comment","target":["https:\/\/damasketdentelle.com\/index.php\/2015\/10\/parfaitement-imparfait-latelier-carmel\/#respond"]}]},{"@type":"WebPage","@id":"https:\/\/damasketdentelle.com\/index.php\/2015\/10\/parfaitement-imparfait-latelier-carmel\/","url":"https:\/\/damasketdentelle.com\/index.php\/2015\/10\/parfaitement-imparfait-latelier-carmel\/","name":"Parfaitement Imparfait: L'atelier Carmel","isPartOf":{"@id":"https:\/\/damasketdentelle.com\/#website"},"primaryImageOfPage":{"@id":"https:\/\/damasketdentelle.com\/index.php\/2015\/10\/parfaitement-imparfait-latelier-carmel\/#primaryimage"},"image":{"@id":"https:\/\/damasketdentelle.com\/index.php\/2015\/10\/parfaitement-imparfait-latelier-carmel\/#primaryimage"},"thumbnailUrl":"http:\/\/blog.damasketdentelle.com\/wp-content\/uploads\/Junophoto_DDbook_blog_damask_et_dentelle-042-695x1043.jpg","datePublished":"2015-10-14T12:39:38+00:00","dateModified":"2020-07-30T17:17:49+00:00","author":{"@id":"https:\/\/damasketdentelle.com\/#\/schema\/person\/ab66dcd0f6a0e1954b4a4aaac173acee"},"description":"Je savais que je voulais inclure un chapitre sur les fleurs et c'est Carmel de l'Atelier Carmel qui m'est imm\u00e9diatement venue \u00e0 l'esprit. Elle est parfaitement imparfaite!","breadcrumb":{"@id":"https:\/\/damasketdentelle.com\/index.php\/2015\/10\/parfaitement-imparfait-latelier-carmel\/#breadcrumb"},"inLanguage":"en-US","potentialAction":[{"@type":"ReadAction","target":["https:\/\/damasketdentelle.com\/index.php\/2015\/10\/parfaitement-imparfait-latelier-carmel\/"]}]},{"@type":"ImageObject","inLanguage":"en-US","@id":"https:\/\/damasketdentelle.com\/index.php\/2015\/10\/parfaitement-imparfait-latelier-carmel\/#primaryimage","url":"http:\/\/blog.damasketdentelle.com\/wp-content\/uploads\/Junophoto_DDbook_blog_damask_et_dentelle-042-695x1043.jpg","contentUrl":"http:\/\/blog.damasketdentelle.com\/wp-content\/uploads\/Junophoto_DDbook_blog_damask_et_dentelle-042-695x1043.jpg"},{"@type":"BreadcrumbList","@id":"https:\/\/damasketdentelle.com\/index.php\/2015\/10\/parfaitement-imparfait-latelier-carmel\/#breadcrumb","itemListElement":[{"@type":"ListItem","position":1,"name":"Home","item":"https:\/\/damasketdentelle.com\/"},{"@type":"ListItem","position":2,"name":"Parfaitement Imparfait: L&#8217;atelier Carmel"}]},{"@type":"WebSite","@id":"https:\/\/damasketdentelle.com\/#website","url":"https:\/\/damasketdentelle.com\/","name":"Damask &amp; Dentelle","description":"Storytelling, Design and urban manifestos","potentialAction":[{"@type":"SearchAction","target":{"@type":"EntryPoint","urlTemplate":"https:\/\/damasketdentelle.com\/?s={search_term_string}"},"query-input":{"@type":"PropertyValueSpecification","valueRequired":true,"valueName":"search_term_string"}}],"inLanguage":"en-US"},{"@type":"Person","@id":"https:\/\/damasketdentelle.com\/#\/schema\/person\/ab66dcd0f6a0e1954b4a4aaac173acee","name":"Vanessa Sicotte","image":{"@type":"ImageObject","inLanguage":"en-US","@id":"https:\/\/secure.gravatar.com\/avatar\/7710c0e6cd087dff617e494d4e51105fae871a738d48c9031273d8920420be5b?s=96&d=mm&r=g","url":"https:\/\/secure.gravatar.com\/avatar\/7710c0e6cd087dff617e494d4e51105fae871a738d48c9031273d8920420be5b?s=96&d=mm&r=g","contentUrl":"https:\/\/secure.gravatar.com\/avatar\/7710c0e6cd087dff617e494d4e51105fae871a738d48c9031273d8920420be5b?s=96&d=mm&r=g","caption":"Vanessa Sicotte"},"sameAs":["https:\/\/blog.damasketdentelle.com\/wp-login.php"],"url":"https:\/\/damasketdentelle.com\/index.php\/author\/vanessa\/"}]}},"_links":{"self":[{"href":"https:\/\/damasketdentelle.com\/index.php\/wp-json\/wp\/v2\/posts\/15905","targetHints":{"allow":["GET"]}}],"collection":[{"href":"https:\/\/damasketdentelle.com\/index.php\/wp-json\/wp\/v2\/posts"}],"about":[{"href":"https:\/\/damasketdentelle.com\/index.php\/wp-json\/wp\/v2\/types\/post"}],"author":[{"embeddable":true,"href":"https:\/\/damasketdentelle.com\/index.php\/wp-json\/wp\/v2\/users\/1"}],"replies":[{"embeddable":true,"href":"https:\/\/damasketdentelle.com\/index.php\/wp-json\/wp\/v2\/comments?post=15905"}],"version-history":[{"count":7,"href":"https:\/\/damasketdentelle.com\/index.php\/wp-json\/wp\/v2\/posts\/15905\/revisions"}],"predecessor-version":[{"id":26644,"href":"https:\/\/damasketdentelle.com\/index.php\/wp-json\/wp\/v2\/posts\/15905\/revisions\/26644"}],"wp:attachment":[{"href":"https:\/\/damasketdentelle.com\/index.php\/wp-json\/wp\/v2\/media?parent=15905"}],"wp:term":[{"taxonomy":"category","embeddable":true,"href":"https:\/\/damasketdentelle.com\/index.php\/wp-json\/wp\/v2\/categories?post=15905"},{"taxonomy":"post_tag","embeddable":true,"href":"https:\/\/damasketdentelle.com\/index.php\/wp-json\/wp\/v2\/tags?post=15905"}],"curies":[{"name":"wp","href":"https:\/\/api.w.org\/{rel}","templated":true}]}}