{"id":15919,"date":"2015-09-22T07:09:09","date_gmt":"2015-09-22T11:09:09","guid":{"rendered":"http:\/\/blog.damasketdentelle.com\/?p=15919"},"modified":"2020-07-30T13:19:08","modified_gmt":"2020-07-30T17:19:08","slug":"parfaitement-imparfaite-une-chambre-partagee-sur-le-plateau-mont-royal","status":"publish","type":"post","link":"https:\/\/damasketdentelle.com\/index.php\/2015\/09\/parfaitement-imparfaite-une-chambre-partagee-sur-le-plateau-mont-royal\/","title":{"rendered":"Parfaitement imparfaite: une chambre partag\u00e9e sur le Plateau Mont-Royal"},"content":{"rendered":"<p><img loading=\"lazy\" decoding=\"async\" class=\"aligncenter size-large wp-image-15855\" src=\"http:\/\/blog.damasketdentelle.com\/wp-content\/uploads\/Junophoto_DDbook_blog_damask_et_dentelle-005-695x1043.jpg\" alt=\"Junophoto_DDbook_blog_damask_et_dentelle-005\" width=\"695\" height=\"1043\" srcset=\"https:\/\/blog.damasketdentelle.com\/wp-content\/uploads\/Junophoto_DDbook_blog_damask_et_dentelle-005-695x1043.jpg 695w, https:\/\/blog.damasketdentelle.com\/wp-content\/uploads\/Junophoto_DDbook_blog_damask_et_dentelle-005-300x450.jpg 300w, https:\/\/blog.damasketdentelle.com\/wp-content\/uploads\/Junophoto_DDbook_blog_damask_et_dentelle-005-768x1152.jpg 768w, https:\/\/blog.damasketdentelle.com\/wp-content\/uploads\/Junophoto_DDbook_blog_damask_et_dentelle-005.jpg 1080w\" sizes=\"auto, (max-width: 695px) 100vw, 695px\" \/><\/p>\n<p>Alexandra Wegliszewski, la cr\u00e9atrice derri\u00e8re la marque <a href=\"http:\/\/www.damasketdentelle.com\/detaillants\/un-lapin-dans-le-tiroir\/\" target=\"_blank\" rel=\"noopener noreferrer\">Un Lapin dans le Tiroir<\/a>,\u00a0et son mari habitent un chouette appartement du Plateau Mont-Royal avec leurs deux fils. Commun dans sa structure, leur domicile est tout sauf ordinaire. Entrer ici est comme faire un voyage dans le trou du Lapin Blanc au Royaume d&#8217;Alice.<\/p>\n<p>J&#8217;ai voulu inclure la maison d&#8217;Alexandra dans le <a href=\"http:\/\/editions-cardinal.ca\/ca_fr\/damask-dentelle-2069.html\" target=\"_blank\" rel=\"noopener noreferrer\">livre de Damask &amp; Dentelle<\/a> car j&#8217;admire l&#8217;audace de son style d\u00e9co et l&#8217;aspect ludique\u00a0qu&#8217;elle exprime \u00e0 travers ses cr\u00e9ations. Un de mes coups de coeur est la chambre partag\u00e9e des gar\u00e7ons o\u00f9 chacun peut exprimer ses int\u00e9r\u00eats et sa personnalit\u00e9 tout en cr\u00e9ant des souvenirs avec son fr\u00e8re.\u00a0Il y avait tellement de photos desquelles choisir, nous avons d\u00fb en laisser quelques unes de c\u00f4t\u00e9. Les voici donc, en exclusivit\u00e9.<\/p>\n<p><img loading=\"lazy\" decoding=\"async\" class=\" aligncenter\" src=\"http:\/\/blog.damasketdentelle.com\/wp-content\/uploads\/Junophoto_DDbook_blog_damask_et_dentelle-006-695x1043.jpg\" alt=\"Junophoto_DDbook_blog_damask_et_dentelle-006\" width=\"695\" height=\"1043\" \/><\/p>\n<h3>De quoi\u00a0une maison a-t-elle\u00a0besoin\u00a0pour \u00eatre \u00e0 ton go\u00fbt?<\/h3>\n<p>De d\u00e9tails architecturaux, m\u00eame mineurs, qui font mouche. Chez nous, les radiateurs font toute la diff\u00e9rence dans une maison somme toute banale.<\/p>\n<h3>Comment d\u00e9crirais-tu\u00a0ton style d\u00e9co?<\/h3>\n<div>Shamatta land (en yiddish), ce qui signifie le pays des vieux v\u00eatements. Non plus s\u00e9rieusement, brocante rang\u00e9e et moderne revisit\u00e9.<\/div>\n<div><img loading=\"lazy\" decoding=\"async\" class=\"aligncenter size-large wp-image-15858\" src=\"http:\/\/blog.damasketdentelle.com\/wp-content\/uploads\/Junophoto_DDbook_blog_damask_et_dentelle-008-695x1043.jpg\" alt=\"Junophoto_DDbook_blog_damask_et_dentelle-008\" width=\"695\" height=\"1043\" srcset=\"https:\/\/blog.damasketdentelle.com\/wp-content\/uploads\/Junophoto_DDbook_blog_damask_et_dentelle-008-695x1043.jpg 695w, https:\/\/blog.damasketdentelle.com\/wp-content\/uploads\/Junophoto_DDbook_blog_damask_et_dentelle-008-300x450.jpg 300w, https:\/\/blog.damasketdentelle.com\/wp-content\/uploads\/Junophoto_DDbook_blog_damask_et_dentelle-008-768x1152.jpg 768w, https:\/\/blog.damasketdentelle.com\/wp-content\/uploads\/Junophoto_DDbook_blog_damask_et_dentelle-008.jpg 1080w\" sizes=\"auto, (max-width: 695px) 100vw, 695px\" \/><\/div>\n<div>\n<h3>Est-ce que ton mari a son mot \u00e0 dire dans la d\u00e9co?<\/h3>\n<div>Souvent je change les choses de place. On n&#8217;a pas un gros budget alors plut\u00f4t que d&#8217;acheter de nouvelles choses, je les change de pi\u00e8ce, les agencent diff\u00e9remment. Et quand \u00e7a ne marche pas, il me le dit ;)<\/div>\n<div><\/div>\n<h3>Quelles sont tes 5 boutiques coups de coeur au Qu\u00e9bec?<\/h3>\n<div>Je ne magasine pas beaucoup. Alors je dirais <a href=\"http:\/\/www.damasketdentelle.com\/detaillants\/buk-nola\/\" target=\"_blank\" rel=\"noopener noreferrer\">Buk &amp; Nola<\/a>, <a href=\"http:\/\/www.damasketdentelle.com\/detaillants\/anthropologie\/\" target=\"_blank\" rel=\"noopener noreferrer\">Anthropologie<\/a>, <a href=\"http:\/\/www.boutiqueunicorn.com\" target=\"_blank\" rel=\"noopener noreferrer\">Boutique Unicorn<\/a>, <a href=\"http:\/\/juponpresse.com\" target=\"_blank\" rel=\"noopener noreferrer\">Jupon Press\u00e9<\/a>, et Etsy \u00e0 l&#8217;internationale. <em>{note de l&#8217;auteure: Alexandra est tr\u00e8s humble mais je pense qu&#8217;on peut rajouter sa propre boutique, <a href=\"http:\/\/un-lapin-dans-le-tiroir.liki.com\" target=\"_blank\" rel=\"noopener noreferrer\">Un Lapin dans le Tiroir<\/a>, dans nos coups de coeur incontournable!}<\/em><\/div>\n<div><\/div>\n<h3>Finalement, qu&#8217;est-ce qui te rend &#8220;folle&#8221; dans une maison?<\/h3>\n<div>Folle dans le bon sens: l&#8217;atmosph\u00e8re qui se d\u00e9gage du tout, et folle dans le mauvais sens: la salet\u00e9 ;(<\/div>\n<\/div>\n<p><img loading=\"lazy\" decoding=\"async\" class=\"aligncenter size-large wp-image-15857\" src=\"http:\/\/blog.damasketdentelle.com\/wp-content\/uploads\/Junophoto_DDbook_blog_damask_et_dentelle-007-695x1043.jpg\" alt=\"Junophoto_DDbook_blog_damask_et_dentelle-007\" width=\"695\" height=\"1043\" srcset=\"https:\/\/blog.damasketdentelle.com\/wp-content\/uploads\/Junophoto_DDbook_blog_damask_et_dentelle-007-695x1043.jpg 695w, https:\/\/blog.damasketdentelle.com\/wp-content\/uploads\/Junophoto_DDbook_blog_damask_et_dentelle-007-300x450.jpg 300w, https:\/\/blog.damasketdentelle.com\/wp-content\/uploads\/Junophoto_DDbook_blog_damask_et_dentelle-007-768x1152.jpg 768w, https:\/\/blog.damasketdentelle.com\/wp-content\/uploads\/Junophoto_DDbook_blog_damask_et_dentelle-007.jpg 1080w\" sizes=\"auto, (max-width: 695px) 100vw, 695px\" \/><\/p>\n<p>photos: <a href=\"http:\/\/www.junophoto.com\" target=\"_blank\" rel=\"noopener noreferrer\">Julia C. Vona<\/a><\/p>\n","protected":false},"excerpt":{"rendered":"<p>Alexandra Wegliszewski, la cr\u00e9atrice derri\u00e8re la marque Un Lapin dans le Tiroir,\u00a0et son mari habitent un chouette appartement du Plateau Mont-Royal avec leurs deux fils. Commun dans sa structure, leur domicile est tout sauf ordinaire. Entrer ici est comme faire un voyage dans le trou du Lapin Blanc au Royaume d&#8217;Alice. J&#8217;ai voulu inclure la&#8230;<\/p>\n<p><a class=\"more-link\" href=\"https:\/\/damasketdentelle.com\/index.php\/2015\/09\/parfaitement-imparfaite-une-chambre-partagee-sur-le-plateau-mont-royal\/\">Read More<\/a><\/p>","protected":false},"author":1,"featured_media":0,"comment_status":"open","ping_status":"open","sticky":false,"template":"","format":"standard","meta":{"_genesis_hide_title":false,"_genesis_hide_breadcrumbs":false,"_genesis_hide_singular_image":false,"_genesis_hide_footer_widgets":false,"_genesis_custom_body_class":"","_genesis_custom_post_class":"","_genesis_layout":"","footnotes":""},"categories":[606],"tags":[1829,4312,345,4314,3490,144,4310,2236,2221,4315,167,3457,4311,447,924,3489,4316,4313,2219,2218,346,230,2220],"class_list":{"0":"post-15919","1":"post","2":"type-post","3":"status-publish","4":"format-standard","6":"category-home-tour","7":"tag-ddbook","8":"tag-amenagement","9":"tag-annuaire-decoration-montreal","10":"tag-apartment-therapy","11":"tag-astuces-deco","12":"tag-blog-decoration-montreal","13":"tag-boutiques-de-deco","14":"tag-deco-montreal","15":"tag-deco-sur-le-plateau-mont-royal","16":"tag-deco-therapie","17":"tag-decor-blog-montreal","18":"tag-decoration-quebec","19":"tag-decorer-a-petits-prix","20":"tag-home-decor-inspiration","21":"tag-house-beautiful","22":"tag-idees-deco","23":"tag-idees-pour-la-maison","24":"tag-lonny","25":"tag-maison-sur-le-plateau-mont-royal","26":"tag-parfaitement-imparfaite","27":"tag-repertoire-decoration-quebec","28":"tag-rue-magazine","29":"tag-un-lapin-dans-le-tiroir","30":"entry","31":"has-post-thumbnail"},"yoast_head":"<!-- This site is optimized with the Yoast SEO plugin v27.4 - https:\/\/yoast.com\/product\/yoast-seo-wordpress\/ -->\n<title>Parfaitement imparfaite: une chambre partag\u00e9e sur le Plateau Mont-Royal<\/title>\n<meta name=\"description\" content=\"Alexandra Wegliszewski, la cr\u00e9atrice derri\u00e8re la marque Un Lapin dans le Tiroir, et son mari habitent un chouette appartement du Plateau Mont-Royal avec leurs deux fils.\" \/>\n<meta name=\"robots\" content=\"index, follow, max-snippet:-1, max-image-preview:large, max-video-preview:-1\" \/>\n<link rel=\"canonical\" href=\"https:\/\/damasketdentelle.com\/index.php\/2015\/09\/parfaitement-imparfaite-une-chambre-partagee-sur-le-plateau-mont-royal\/\" \/>\n<meta property=\"og:locale\" content=\"en_US\" \/>\n<meta property=\"og:type\" content=\"article\" \/>\n<meta property=\"og:title\" content=\"Parfaitement imparfaite: une chambre partag\u00e9e sur le Plateau Mont-Royal\" \/>\n<meta property=\"og:description\" content=\"Alexandra Wegliszewski, la cr\u00e9atrice derri\u00e8re la marque Un Lapin dans le Tiroir, et son mari habitent un chouette appartement du Plateau Mont-Royal avec leurs deux fils.\" \/>\n<meta property=\"og:url\" content=\"https:\/\/damasketdentelle.com\/index.php\/2015\/09\/parfaitement-imparfaite-une-chambre-partagee-sur-le-plateau-mont-royal\/\" \/>\n<meta property=\"og:site_name\" content=\"Damask &amp; Dentelle\" \/>\n<meta property=\"article:publisher\" content=\"https:\/\/www.facebook.com\/damasketdentelle\" \/>\n<meta property=\"article:published_time\" content=\"2015-09-22T11:09:09+00:00\" \/>\n<meta property=\"article:modified_time\" content=\"2020-07-30T17:19:08+00:00\" \/>\n<meta property=\"og:image\" content=\"http:\/\/blog.damasketdentelle.com\/wp-content\/uploads\/Junophoto_DDbook_blog_damask_et_dentelle-005-695x1043.jpg\" \/>\n<meta name=\"author\" content=\"Vanessa Sicotte\" \/>\n<meta name=\"twitter:label1\" content=\"Written by\" \/>\n\t<meta name=\"twitter:data1\" content=\"Vanessa Sicotte\" \/>\n\t<meta name=\"twitter:label2\" content=\"Est. reading time\" \/>\n\t<meta name=\"twitter:data2\" content=\"2 minutes\" \/>\n<script type=\"application\/ld+json\" class=\"yoast-schema-graph\">{\"@context\":\"https:\\\/\\\/schema.org\",\"@graph\":[{\"@type\":\"Article\",\"@id\":\"https:\\\/\\\/damasketdentelle.com\\\/index.php\\\/2015\\\/09\\\/parfaitement-imparfaite-une-chambre-partagee-sur-le-plateau-mont-royal\\\/#article\",\"isPartOf\":{\"@id\":\"https:\\\/\\\/damasketdentelle.com\\\/index.php\\\/2015\\\/09\\\/parfaitement-imparfaite-une-chambre-partagee-sur-le-plateau-mont-royal\\\/\"},\"author\":{\"name\":\"Vanessa Sicotte\",\"@id\":\"https:\\\/\\\/damasketdentelle.com\\\/#\\\/schema\\\/person\\\/ab66dcd0f6a0e1954b4a4aaac173acee\"},\"headline\":\"Parfaitement imparfaite: une chambre partag\u00e9e sur le Plateau Mont-Royal\",\"datePublished\":\"2015-09-22T11:09:09+00:00\",\"dateModified\":\"2020-07-30T17:19:08+00:00\",\"mainEntityOfPage\":{\"@id\":\"https:\\\/\\\/damasketdentelle.com\\\/index.php\\\/2015\\\/09\\\/parfaitement-imparfaite-une-chambre-partagee-sur-le-plateau-mont-royal\\\/\"},\"wordCount\":362,\"commentCount\":0,\"image\":{\"@id\":\"https:\\\/\\\/damasketdentelle.com\\\/index.php\\\/2015\\\/09\\\/parfaitement-imparfaite-une-chambre-partagee-sur-le-plateau-mont-royal\\\/#primaryimage\"},\"thumbnailUrl\":\"http:\\\/\\\/blog.damasketdentelle.com\\\/wp-content\\\/uploads\\\/Junophoto_DDbook_blog_damask_et_dentelle-005-695x1043.jpg\",\"keywords\":[\"#DDbook\",\"am\u00e9nagement\",\"annuaire d\u00e9coration Montr\u00e9al\",\"Apartment Therapy\",\"astuces d\u00e9co\",\"blog d\u00e9coration Montr\u00e9al\",\"boutiques de d\u00e9co\",\"D\u00e9co Montr\u00e9al\",\"D\u00e9co sur le plateau Mont-Royal\",\"D\u00e9co Th\u00e9rapie\",\"decor blog Montr\u00e9al\",\"D\u00e9coration Qu\u00e9bec\",\"d\u00e9corer \u00e0 petits prix\",\"home decor inspiration\",\"House Beautiful\",\"id\u00e9es d\u00e9co\",\"Id\u00e9es pour la maison\",\"Lonny\",\"Maison sur le Plateau Mont-Royal\",\"Parfaitement imparfaite\",\"R\u00e9pertoire d\u00e9coration Qu\u00e9bec\",\"Rue Magazine\",\"Un Lapin dans le Tiroir\"],\"articleSection\":[\"Home Tour\"],\"inLanguage\":\"en-US\",\"potentialAction\":[{\"@type\":\"CommentAction\",\"name\":\"Comment\",\"target\":[\"https:\\\/\\\/damasketdentelle.com\\\/index.php\\\/2015\\\/09\\\/parfaitement-imparfaite-une-chambre-partagee-sur-le-plateau-mont-royal\\\/#respond\"]}]},{\"@type\":\"WebPage\",\"@id\":\"https:\\\/\\\/damasketdentelle.com\\\/index.php\\\/2015\\\/09\\\/parfaitement-imparfaite-une-chambre-partagee-sur-le-plateau-mont-royal\\\/\",\"url\":\"https:\\\/\\\/damasketdentelle.com\\\/index.php\\\/2015\\\/09\\\/parfaitement-imparfaite-une-chambre-partagee-sur-le-plateau-mont-royal\\\/\",\"name\":\"Parfaitement imparfaite: une chambre partag\u00e9e sur le Plateau Mont-Royal\",\"isPartOf\":{\"@id\":\"https:\\\/\\\/damasketdentelle.com\\\/#website\"},\"primaryImageOfPage\":{\"@id\":\"https:\\\/\\\/damasketdentelle.com\\\/index.php\\\/2015\\\/09\\\/parfaitement-imparfaite-une-chambre-partagee-sur-le-plateau-mont-royal\\\/#primaryimage\"},\"image\":{\"@id\":\"https:\\\/\\\/damasketdentelle.com\\\/index.php\\\/2015\\\/09\\\/parfaitement-imparfaite-une-chambre-partagee-sur-le-plateau-mont-royal\\\/#primaryimage\"},\"thumbnailUrl\":\"http:\\\/\\\/blog.damasketdentelle.com\\\/wp-content\\\/uploads\\\/Junophoto_DDbook_blog_damask_et_dentelle-005-695x1043.jpg\",\"datePublished\":\"2015-09-22T11:09:09+00:00\",\"dateModified\":\"2020-07-30T17:19:08+00:00\",\"author\":{\"@id\":\"https:\\\/\\\/damasketdentelle.com\\\/#\\\/schema\\\/person\\\/ab66dcd0f6a0e1954b4a4aaac173acee\"},\"description\":\"Alexandra Wegliszewski, la cr\u00e9atrice derri\u00e8re la marque Un Lapin dans le Tiroir, et son mari habitent un chouette appartement du Plateau Mont-Royal avec leurs deux fils.\",\"breadcrumb\":{\"@id\":\"https:\\\/\\\/damasketdentelle.com\\\/index.php\\\/2015\\\/09\\\/parfaitement-imparfaite-une-chambre-partagee-sur-le-plateau-mont-royal\\\/#breadcrumb\"},\"inLanguage\":\"en-US\",\"potentialAction\":[{\"@type\":\"ReadAction\",\"target\":[\"https:\\\/\\\/damasketdentelle.com\\\/index.php\\\/2015\\\/09\\\/parfaitement-imparfaite-une-chambre-partagee-sur-le-plateau-mont-royal\\\/\"]}]},{\"@type\":\"ImageObject\",\"inLanguage\":\"en-US\",\"@id\":\"https:\\\/\\\/damasketdentelle.com\\\/index.php\\\/2015\\\/09\\\/parfaitement-imparfaite-une-chambre-partagee-sur-le-plateau-mont-royal\\\/#primaryimage\",\"url\":\"http:\\\/\\\/blog.damasketdentelle.com\\\/wp-content\\\/uploads\\\/Junophoto_DDbook_blog_damask_et_dentelle-005-695x1043.jpg\",\"contentUrl\":\"http:\\\/\\\/blog.damasketdentelle.com\\\/wp-content\\\/uploads\\\/Junophoto_DDbook_blog_damask_et_dentelle-005-695x1043.jpg\"},{\"@type\":\"BreadcrumbList\",\"@id\":\"https:\\\/\\\/damasketdentelle.com\\\/index.php\\\/2015\\\/09\\\/parfaitement-imparfaite-une-chambre-partagee-sur-le-plateau-mont-royal\\\/#breadcrumb\",\"itemListElement\":[{\"@type\":\"ListItem\",\"position\":1,\"name\":\"Home\",\"item\":\"https:\\\/\\\/damasketdentelle.com\\\/\"},{\"@type\":\"ListItem\",\"position\":2,\"name\":\"Parfaitement imparfaite: une chambre partag\u00e9e sur le Plateau Mont-Royal\"}]},{\"@type\":\"WebSite\",\"@id\":\"https:\\\/\\\/damasketdentelle.com\\\/#website\",\"url\":\"https:\\\/\\\/damasketdentelle.com\\\/\",\"name\":\"Damask &amp; Dentelle\",\"description\":\"Storytelling, Design and urban manifestos\",\"potentialAction\":[{\"@type\":\"SearchAction\",\"target\":{\"@type\":\"EntryPoint\",\"urlTemplate\":\"https:\\\/\\\/damasketdentelle.com\\\/?s={search_term_string}\"},\"query-input\":{\"@type\":\"PropertyValueSpecification\",\"valueRequired\":true,\"valueName\":\"search_term_string\"}}],\"inLanguage\":\"en-US\"},{\"@type\":\"Person\",\"@id\":\"https:\\\/\\\/damasketdentelle.com\\\/#\\\/schema\\\/person\\\/ab66dcd0f6a0e1954b4a4aaac173acee\",\"name\":\"Vanessa Sicotte\",\"image\":{\"@type\":\"ImageObject\",\"inLanguage\":\"en-US\",\"@id\":\"https:\\\/\\\/secure.gravatar.com\\\/avatar\\\/7710c0e6cd087dff617e494d4e51105fae871a738d48c9031273d8920420be5b?s=96&d=mm&r=g\",\"url\":\"https:\\\/\\\/secure.gravatar.com\\\/avatar\\\/7710c0e6cd087dff617e494d4e51105fae871a738d48c9031273d8920420be5b?s=96&d=mm&r=g\",\"contentUrl\":\"https:\\\/\\\/secure.gravatar.com\\\/avatar\\\/7710c0e6cd087dff617e494d4e51105fae871a738d48c9031273d8920420be5b?s=96&d=mm&r=g\",\"caption\":\"Vanessa Sicotte\"},\"sameAs\":[\"https:\\\/\\\/blog.damasketdentelle.com\\\/wp-login.php\"],\"url\":\"https:\\\/\\\/damasketdentelle.com\\\/index.php\\\/author\\\/vanessa\\\/\"}]}<\/script>\n<!-- \/ Yoast SEO plugin. -->","yoast_head_json":{"title":"Parfaitement imparfaite: une chambre partag\u00e9e sur le Plateau Mont-Royal","description":"Alexandra Wegliszewski, la cr\u00e9atrice derri\u00e8re la marque Un Lapin dans le Tiroir, et son mari habitent un chouette appartement du Plateau Mont-Royal avec leurs deux fils.","robots":{"index":"index","follow":"follow","max-snippet":"max-snippet:-1","max-image-preview":"max-image-preview:large","max-video-preview":"max-video-preview:-1"},"canonical":"https:\/\/damasketdentelle.com\/index.php\/2015\/09\/parfaitement-imparfaite-une-chambre-partagee-sur-le-plateau-mont-royal\/","og_locale":"en_US","og_type":"article","og_title":"Parfaitement imparfaite: une chambre partag\u00e9e sur le Plateau Mont-Royal","og_description":"Alexandra Wegliszewski, la cr\u00e9atrice derri\u00e8re la marque Un Lapin dans le Tiroir, et son mari habitent un chouette appartement du Plateau Mont-Royal avec leurs deux fils.","og_url":"https:\/\/damasketdentelle.com\/index.php\/2015\/09\/parfaitement-imparfaite-une-chambre-partagee-sur-le-plateau-mont-royal\/","og_site_name":"Damask &amp; Dentelle","article_publisher":"https:\/\/www.facebook.com\/damasketdentelle","article_published_time":"2015-09-22T11:09:09+00:00","article_modified_time":"2020-07-30T17:19:08+00:00","og_image":[{"url":"http:\/\/blog.damasketdentelle.com\/wp-content\/uploads\/Junophoto_DDbook_blog_damask_et_dentelle-005-695x1043.jpg","type":"","width":"","height":""}],"author":"Vanessa Sicotte","twitter_misc":{"Written by":"Vanessa Sicotte","Est. reading time":"2 minutes"},"schema":{"@context":"https:\/\/schema.org","@graph":[{"@type":"Article","@id":"https:\/\/damasketdentelle.com\/index.php\/2015\/09\/parfaitement-imparfaite-une-chambre-partagee-sur-le-plateau-mont-royal\/#article","isPartOf":{"@id":"https:\/\/damasketdentelle.com\/index.php\/2015\/09\/parfaitement-imparfaite-une-chambre-partagee-sur-le-plateau-mont-royal\/"},"author":{"name":"Vanessa Sicotte","@id":"https:\/\/damasketdentelle.com\/#\/schema\/person\/ab66dcd0f6a0e1954b4a4aaac173acee"},"headline":"Parfaitement imparfaite: une chambre partag\u00e9e sur le Plateau Mont-Royal","datePublished":"2015-09-22T11:09:09+00:00","dateModified":"2020-07-30T17:19:08+00:00","mainEntityOfPage":{"@id":"https:\/\/damasketdentelle.com\/index.php\/2015\/09\/parfaitement-imparfaite-une-chambre-partagee-sur-le-plateau-mont-royal\/"},"wordCount":362,"commentCount":0,"image":{"@id":"https:\/\/damasketdentelle.com\/index.php\/2015\/09\/parfaitement-imparfaite-une-chambre-partagee-sur-le-plateau-mont-royal\/#primaryimage"},"thumbnailUrl":"http:\/\/blog.damasketdentelle.com\/wp-content\/uploads\/Junophoto_DDbook_blog_damask_et_dentelle-005-695x1043.jpg","keywords":["#DDbook","am\u00e9nagement","annuaire d\u00e9coration Montr\u00e9al","Apartment Therapy","astuces d\u00e9co","blog d\u00e9coration Montr\u00e9al","boutiques de d\u00e9co","D\u00e9co Montr\u00e9al","D\u00e9co sur le plateau Mont-Royal","D\u00e9co Th\u00e9rapie","decor blog Montr\u00e9al","D\u00e9coration Qu\u00e9bec","d\u00e9corer \u00e0 petits prix","home decor inspiration","House Beautiful","id\u00e9es d\u00e9co","Id\u00e9es pour la maison","Lonny","Maison sur le Plateau Mont-Royal","Parfaitement imparfaite","R\u00e9pertoire d\u00e9coration Qu\u00e9bec","Rue Magazine","Un Lapin dans le Tiroir"],"articleSection":["Home Tour"],"inLanguage":"en-US","potentialAction":[{"@type":"CommentAction","name":"Comment","target":["https:\/\/damasketdentelle.com\/index.php\/2015\/09\/parfaitement-imparfaite-une-chambre-partagee-sur-le-plateau-mont-royal\/#respond"]}]},{"@type":"WebPage","@id":"https:\/\/damasketdentelle.com\/index.php\/2015\/09\/parfaitement-imparfaite-une-chambre-partagee-sur-le-plateau-mont-royal\/","url":"https:\/\/damasketdentelle.com\/index.php\/2015\/09\/parfaitement-imparfaite-une-chambre-partagee-sur-le-plateau-mont-royal\/","name":"Parfaitement imparfaite: une chambre partag\u00e9e sur le Plateau Mont-Royal","isPartOf":{"@id":"https:\/\/damasketdentelle.com\/#website"},"primaryImageOfPage":{"@id":"https:\/\/damasketdentelle.com\/index.php\/2015\/09\/parfaitement-imparfaite-une-chambre-partagee-sur-le-plateau-mont-royal\/#primaryimage"},"image":{"@id":"https:\/\/damasketdentelle.com\/index.php\/2015\/09\/parfaitement-imparfaite-une-chambre-partagee-sur-le-plateau-mont-royal\/#primaryimage"},"thumbnailUrl":"http:\/\/blog.damasketdentelle.com\/wp-content\/uploads\/Junophoto_DDbook_blog_damask_et_dentelle-005-695x1043.jpg","datePublished":"2015-09-22T11:09:09+00:00","dateModified":"2020-07-30T17:19:08+00:00","author":{"@id":"https:\/\/damasketdentelle.com\/#\/schema\/person\/ab66dcd0f6a0e1954b4a4aaac173acee"},"description":"Alexandra Wegliszewski, la cr\u00e9atrice derri\u00e8re la marque Un Lapin dans le Tiroir, et son mari habitent un chouette appartement du Plateau Mont-Royal avec leurs deux fils.","breadcrumb":{"@id":"https:\/\/damasketdentelle.com\/index.php\/2015\/09\/parfaitement-imparfaite-une-chambre-partagee-sur-le-plateau-mont-royal\/#breadcrumb"},"inLanguage":"en-US","potentialAction":[{"@type":"ReadAction","target":["https:\/\/damasketdentelle.com\/index.php\/2015\/09\/parfaitement-imparfaite-une-chambre-partagee-sur-le-plateau-mont-royal\/"]}]},{"@type":"ImageObject","inLanguage":"en-US","@id":"https:\/\/damasketdentelle.com\/index.php\/2015\/09\/parfaitement-imparfaite-une-chambre-partagee-sur-le-plateau-mont-royal\/#primaryimage","url":"http:\/\/blog.damasketdentelle.com\/wp-content\/uploads\/Junophoto_DDbook_blog_damask_et_dentelle-005-695x1043.jpg","contentUrl":"http:\/\/blog.damasketdentelle.com\/wp-content\/uploads\/Junophoto_DDbook_blog_damask_et_dentelle-005-695x1043.jpg"},{"@type":"BreadcrumbList","@id":"https:\/\/damasketdentelle.com\/index.php\/2015\/09\/parfaitement-imparfaite-une-chambre-partagee-sur-le-plateau-mont-royal\/#breadcrumb","itemListElement":[{"@type":"ListItem","position":1,"name":"Home","item":"https:\/\/damasketdentelle.com\/"},{"@type":"ListItem","position":2,"name":"Parfaitement imparfaite: une chambre partag\u00e9e sur le Plateau Mont-Royal"}]},{"@type":"WebSite","@id":"https:\/\/damasketdentelle.com\/#website","url":"https:\/\/damasketdentelle.com\/","name":"Damask &amp; Dentelle","description":"Storytelling, Design and urban manifestos","potentialAction":[{"@type":"SearchAction","target":{"@type":"EntryPoint","urlTemplate":"https:\/\/damasketdentelle.com\/?s={search_term_string}"},"query-input":{"@type":"PropertyValueSpecification","valueRequired":true,"valueName":"search_term_string"}}],"inLanguage":"en-US"},{"@type":"Person","@id":"https:\/\/damasketdentelle.com\/#\/schema\/person\/ab66dcd0f6a0e1954b4a4aaac173acee","name":"Vanessa Sicotte","image":{"@type":"ImageObject","inLanguage":"en-US","@id":"https:\/\/secure.gravatar.com\/avatar\/7710c0e6cd087dff617e494d4e51105fae871a738d48c9031273d8920420be5b?s=96&d=mm&r=g","url":"https:\/\/secure.gravatar.com\/avatar\/7710c0e6cd087dff617e494d4e51105fae871a738d48c9031273d8920420be5b?s=96&d=mm&r=g","contentUrl":"https:\/\/secure.gravatar.com\/avatar\/7710c0e6cd087dff617e494d4e51105fae871a738d48c9031273d8920420be5b?s=96&d=mm&r=g","caption":"Vanessa Sicotte"},"sameAs":["https:\/\/blog.damasketdentelle.com\/wp-login.php"],"url":"https:\/\/damasketdentelle.com\/index.php\/author\/vanessa\/"}]}},"_links":{"self":[{"href":"https:\/\/damasketdentelle.com\/index.php\/wp-json\/wp\/v2\/posts\/15919","targetHints":{"allow":["GET"]}}],"collection":[{"href":"https:\/\/damasketdentelle.com\/index.php\/wp-json\/wp\/v2\/posts"}],"about":[{"href":"https:\/\/damasketdentelle.com\/index.php\/wp-json\/wp\/v2\/types\/post"}],"author":[{"embeddable":true,"href":"https:\/\/damasketdentelle.com\/index.php\/wp-json\/wp\/v2\/users\/1"}],"replies":[{"embeddable":true,"href":"https:\/\/damasketdentelle.com\/index.php\/wp-json\/wp\/v2\/comments?post=15919"}],"version-history":[{"count":5,"href":"https:\/\/damasketdentelle.com\/index.php\/wp-json\/wp\/v2\/posts\/15919\/revisions"}],"predecessor-version":[{"id":26650,"href":"https:\/\/damasketdentelle.com\/index.php\/wp-json\/wp\/v2\/posts\/15919\/revisions\/26650"}],"wp:attachment":[{"href":"https:\/\/damasketdentelle.com\/index.php\/wp-json\/wp\/v2\/media?parent=15919"}],"wp:term":[{"taxonomy":"category","embeddable":true,"href":"https:\/\/damasketdentelle.com\/index.php\/wp-json\/wp\/v2\/categories?post=15919"},{"taxonomy":"post_tag","embeddable":true,"href":"https:\/\/damasketdentelle.com\/index.php\/wp-json\/wp\/v2\/tags?post=15919"}],"curies":[{"name":"wp","href":"https:\/\/api.w.org\/{rel}","templated":true}]}}