{"id":17543,"date":"2016-05-18T08:02:33","date_gmt":"2016-05-18T12:02:33","guid":{"rendered":"http:\/\/blog.damasketdentelle.com\/?p=17543"},"modified":"2020-07-30T13:11:06","modified_gmt":"2020-07-30T17:11:06","slug":"wardrobe-staple-my-denim-addiction","status":"publish","type":"post","link":"https:\/\/damasketdentelle.com\/index.php\/2016\/05\/wardrobe-staple-my-denim-addiction\/","title":{"rendered":"Wardrobe Staple: My Denim Addiction"},"content":{"rendered":"<p><img loading=\"lazy\" decoding=\"async\" class=\"aligncenter size-full wp-image-17544\" src=\"http:\/\/blog.damasketdentelle.com\/wp-content\/uploads\/denim-dress-sincerely-jules-1.jpg\" alt=\"denim-dress-sincerely-jules-1\" width=\"700\" height=\"998\" srcset=\"https:\/\/blog.damasketdentelle.com\/wp-content\/uploads\/denim-dress-sincerely-jules-1.jpg 700w, https:\/\/blog.damasketdentelle.com\/wp-content\/uploads\/denim-dress-sincerely-jules-1-316x450.jpg 316w, https:\/\/blog.damasketdentelle.com\/wp-content\/uploads\/denim-dress-sincerely-jules-1-695x991.jpg 695w\" sizes=\"auto, (max-width: 700px) 100vw, 700px\" \/><\/p>\n<p>Denim is my venom. I am addicted to the blue twill, all year long, for all occasions. There is always a way to dress it up, or down, depending on what the occasion commands. Even under the hot summer sun, I like to wear it maybe in a lighter weight or a shorter version. This season, it seems I am not alone to love all things denim. Every retailer is offering preppy, coastal, bohemian, and vintage (read high-waisted) versions. Jazz them up with a pair of sneakers or espadrilles, a straw hat and a great chain bag and you&#8217;re good to go.<\/p>\n<p><img loading=\"lazy\" decoding=\"async\" class=\"aligncenter wp-image-17558\" src=\"http:\/\/blog.damasketdentelle.com\/wp-content\/uploads\/summer-denim.jpg\" alt=\"summer denim\" width=\"648\" height=\"858\" srcset=\"https:\/\/blog.damasketdentelle.com\/wp-content\/uploads\/summer-denim.jpg 564w, https:\/\/blog.damasketdentelle.com\/wp-content\/uploads\/summer-denim-340x450.jpg 340w\" sizes=\"auto, (max-width: 648px) 100vw, 648px\" \/><\/p>\n<p><img loading=\"lazy\" decoding=\"async\" class=\"aligncenter size-full wp-image-17545\" src=\"http:\/\/blog.damasketdentelle.com\/wp-content\/uploads\/denim-shorts-espadrilles-damsel-in-diorpp_w700_h1050.jpg\" alt=\"denim-shorts-espadrilles-damsel-in-dior(pp_w700_h1050)\" width=\"700\" height=\"1050\" srcset=\"https:\/\/blog.damasketdentelle.com\/wp-content\/uploads\/denim-shorts-espadrilles-damsel-in-diorpp_w700_h1050.jpg 700w, https:\/\/blog.damasketdentelle.com\/wp-content\/uploads\/denim-shorts-espadrilles-damsel-in-diorpp_w700_h1050-300x450.jpg 300w, https:\/\/blog.damasketdentelle.com\/wp-content\/uploads\/denim-shorts-espadrilles-damsel-in-diorpp_w700_h1050-695x1043.jpg 695w\" sizes=\"auto, (max-width: 700px) 100vw, 700px\" \/><\/p>\n<p><img loading=\"lazy\" decoding=\"async\" class=\"aligncenter wp-image-17559\" src=\"http:\/\/blog.damasketdentelle.com\/wp-content\/uploads\/karen-walker-pre-fall-2016-lookbook-15.jpg\" alt=\"karen-walker-pre-fall-2016-lookbook-15\" width=\"708\" height=\"1061\" srcset=\"https:\/\/blog.damasketdentelle.com\/wp-content\/uploads\/karen-walker-pre-fall-2016-lookbook-15.jpg 1366w, https:\/\/blog.damasketdentelle.com\/wp-content\/uploads\/karen-walker-pre-fall-2016-lookbook-15-300x450.jpg 300w, https:\/\/blog.damasketdentelle.com\/wp-content\/uploads\/karen-walker-pre-fall-2016-lookbook-15-768x1151.jpg 768w, https:\/\/blog.damasketdentelle.com\/wp-content\/uploads\/karen-walker-pre-fall-2016-lookbook-15-695x1042.jpg 695w\" sizes=\"auto, (max-width: 708px) 100vw, 708px\" \/><\/p>\n<p><img loading=\"lazy\" decoding=\"async\" class=\"aligncenter size-full wp-image-17546\" src=\"http:\/\/blog.damasketdentelle.com\/wp-content\/uploads\/distressed-denim-fashioned-chicpp_w700_h1050.jpg\" alt=\"distressed-denim-fashioned-chic(pp_w700_h1050)\" width=\"700\" height=\"1050\" srcset=\"https:\/\/blog.damasketdentelle.com\/wp-content\/uploads\/distressed-denim-fashioned-chicpp_w700_h1050.jpg 700w, https:\/\/blog.damasketdentelle.com\/wp-content\/uploads\/distressed-denim-fashioned-chicpp_w700_h1050-300x450.jpg 300w, https:\/\/blog.damasketdentelle.com\/wp-content\/uploads\/distressed-denim-fashioned-chicpp_w700_h1050-695x1043.jpg 695w\" sizes=\"auto, (max-width: 700px) 100vw, 700px\" \/><\/p>\n<p><img loading=\"lazy\" decoding=\"async\" class=\"aligncenter wp-image-17547\" src=\"http:\/\/blog.damasketdentelle.com\/wp-content\/uploads\/white-denim-spring-summer-2016.jpg\" alt=\"white denim spring summer 2016\" width=\"585\" height=\"877\" srcset=\"https:\/\/blog.damasketdentelle.com\/wp-content\/uploads\/white-denim-spring-summer-2016.jpg 527w, https:\/\/blog.damasketdentelle.com\/wp-content\/uploads\/white-denim-spring-summer-2016-300x450.jpg 300w\" sizes=\"auto, (max-width: 585px) 100vw, 585px\" \/><\/p>\n<p><img loading=\"lazy\" decoding=\"async\" class=\"aligncenter wp-image-17548\" src=\"http:\/\/blog.damasketdentelle.com\/wp-content\/uploads\/off-the-shoulder-top-.jpg\" alt=\"off the shoulder top\" width=\"586\" height=\"879\" srcset=\"https:\/\/blog.damasketdentelle.com\/wp-content\/uploads\/off-the-shoulder-top-.jpg 564w, https:\/\/blog.damasketdentelle.com\/wp-content\/uploads\/off-the-shoulder-top--300x450.jpg 300w\" sizes=\"auto, (max-width: 586px) 100vw, 586px\" \/><\/p>\n<p><img loading=\"lazy\" decoding=\"async\" class=\"aligncenter size-full wp-image-17549\" src=\"http:\/\/blog.damasketdentelle.com\/wp-content\/uploads\/Shopping_-Summer-Denim.jpg\" alt=\"Shopping_ Summer Denim\" width=\"800\" height=\"1200\" srcset=\"https:\/\/blog.damasketdentelle.com\/wp-content\/uploads\/Shopping_-Summer-Denim.jpg 800w, https:\/\/blog.damasketdentelle.com\/wp-content\/uploads\/Shopping_-Summer-Denim-300x450.jpg 300w, https:\/\/blog.damasketdentelle.com\/wp-content\/uploads\/Shopping_-Summer-Denim-768x1152.jpg 768w, https:\/\/blog.damasketdentelle.com\/wp-content\/uploads\/Shopping_-Summer-Denim-695x1043.jpg 695w\" sizes=\"auto, (max-width: 800px) 100vw, 800px\" \/><\/p>\n<h3 style=\"text-align: center;\">Shopping List<\/h3>\n<p>Storets\u00a0<a href=\"http:\/\/bit.ly\/1V6icFQ\">Forever Jane lace up denim dress<\/a>\u00a0| Chlo\u00e9 <a href=\"http:\/\/bit.ly\/1V6i5dn\">small Faye shoulder bag<\/a>\u00a0| Converse <a href=\"http:\/\/bit.ly\/1V6ilZY\">Chuck Taylor All Star sneakers<\/a>\u00a0| <a href=\"http:\/\/bit.ly\/1V6ig8J\">Ancient Greek sandals<\/a> | Joe&#8217;s jeans <a href=\"http:\/\/www.joesjeans.com\/High-Rise-Short\/-1927684188133715972\/Product?sku=\">cut off shorts <\/a>|Sigerson Morrison\u00a0<a href=\"http:\/\/www.bergdorfgoodman.com\/Sigerson-Morrison-Cosie-Knotted-Suede-Espadrille-Sandal-Orange\/prod115930012\/p.prod?eVar4=You%20May%20Also%20Like\">Cosie Knotted Suede Espadrille Sandals<\/a> | Lack of Color The\u00a0<a href=\"http:\/\/www.revolve.com\/lack-of-color-the-spencer-boater-hat-in-natural-straw\/dp\/LACK-WH3\/?d=Womens&amp;lang=EN&amp;clickid=Qfizpcwo3Vno3dlWm4x7zVmAUkSQ0TRN1wBhVE0&amp;utm_campaign=57486&amp;utm_medium=affiliate&amp;source=ir&amp;utm_source=ir\">Spencer boater hat<\/a>\u00a0| <a href=\"http:\/\/bit.ly\/1V6j1yA\">Chlo\u00e9 Drew perforated bag<\/a> | JCrew\u00a0<a href=\"http:\/\/bit.ly\/1V6kdlF\">Denim dress<\/a>\u00a0|<\/p>\n<p>&nbsp;<\/p>\n<div class=\"shopthepost-widget\" data-widget-id=\"1615956\">\r\n                <script type=\"text\/javascript\" language=\"javascript\">\r\n                    !function(d,s,id){\r\n                        var e, p = \/^http:\/.test(d.location) ? 'http' : 'https';\r\n                        if(!d.getElementById(id)) {\r\n                            e     = d.createElement(s);\r\n                            e.id  = id;\r\n                            e.src = p + ':\/\/widgets.rewardstyle.com\/js\/shopthepost.js';\r\n                            d.body.appendChild(e);\r\n                        }\r\n                        if(typeof window.__stp === 'object') if(d.readyState === 'complete') {\r\n                            window.__stp.init();\r\n                        }\r\n                    }(document, 'script', 'shopthepost-script');\r\n                <\/script>\r\n                <div class=\"rs-adblock\">\r\n                    <img decoding=\"async\" src=\"\/\/assets.rewardstyle.com\/images\/search\/350.gif\" style=\"width:15px;height:15px;\" onerror=\"this.parentNode.innerHTML='Turn off your ad blocker to view content'\" \/>\r\n                    <noscript>Turn on your JavaScript to view content<\/noscript>\r\n                <\/div>\r\n            <\/div>\n<p>&nbsp;<\/p>\n<p>photos: <a href=\"http:\/\/sincerelyjules.com\/storets-denim-dress\/\">Sincerely Jules<\/a> | <a href=\"http:\/\/stylebyemilyhenderson.com\/blog\/brought-home-australia\">Emily Henderson<\/a> |\u00a0<a href=\"http:\/\/damselindior.com\/2-espadrilles-2-ways\/\">Damsel in Dior<\/a> | <a href=\"http:\/\/www.vogue.com\/fashion-shows\/pre-fall-2016\/karen-walker\/slideshow\/collection#15\">Vogue<\/a> |\u00a0<a href=\"http:\/\/www.fashionedchic.com\/2016\/03\/10\/must-have-lace-ups\/\">Fashion D Chic<\/a> | <a href=\"http:\/\/vanessajackman.blogspot.ca\/search\/label\/New%20York%20Fashion%20Week%20SS%202016?updated-max=2016-02-22T11:06:00Z&amp;max-results=20&amp;start=12&amp;by-date=false\">Vanessa Jackman<\/a>\u00a0| <a href=\"http:\/\/fashionandstylev.blogspot.com\">Fashion &amp; Style<\/a><\/p>\n<p>&nbsp;<\/p>\n","protected":false},"excerpt":{"rendered":"<p>Denim is my venom. I am addicted to the blue twill, all year long, for all occasions. There is always a way to dress it up, or down, depending on what the occasion commands. Even under the hot summer sun, I like to wear it maybe in a lighter weight or a shorter version. This&#8230;<\/p>\n<p><a class=\"more-link\" href=\"https:\/\/damasketdentelle.com\/index.php\/2016\/05\/wardrobe-staple-my-denim-addiction\/\">Read More<\/a><\/p>","protected":false},"author":1,"featured_media":17545,"comment_status":"open","ping_status":"open","sticky":false,"template":"","format":"standard","meta":{"_genesis_hide_title":false,"_genesis_hide_breadcrumbs":false,"_genesis_hide_singular_image":false,"_genesis_hide_footer_widgets":false,"_genesis_custom_body_class":"","_genesis_custom_post_class":"","_genesis_layout":"","footnotes":""},"categories":[615,870],"tags":[4312,4314,3490,4310,2236,4315,3457,4311,2509,924,3489,4316,4313,230,2508,2511,2510],"class_list":{"0":"post-17543","1":"post","2":"type-post","3":"status-publish","4":"format-standard","5":"has-post-thumbnail","7":"category-summer-2","8":"category-coveted-list","9":"tag-amenagement","10":"tag-apartment-therapy","11":"tag-astuces-deco","12":"tag-boutiques-de-deco","13":"tag-deco-montreal","14":"tag-deco-therapie","15":"tag-decoration-quebec","16":"tag-decorer-a-petits-prix","17":"tag-denim-dress","18":"tag-house-beautiful","19":"tag-idees-deco","20":"tag-idees-pour-la-maison","21":"tag-lonny","22":"tag-rue-magazine","23":"tag-summer-denim","24":"tag-summer-style","25":"tag-summer-wardrobe","26":"entry"},"yoast_head":"<!-- This site is optimized with the Yoast SEO plugin v27.4 - https:\/\/yoast.com\/product\/yoast-seo-wordpress\/ -->\n<title>Wardrobe Staple: My Denim Addiction - Interior design ideas | Home decor blog<\/title>\n<meta name=\"description\" content=\"Denim is my venom. I love to wear jeans at any time of the year and for any type of occasion. This summer it&#039;s all about the light blue twill.\" \/>\n<meta name=\"robots\" content=\"index, follow, max-snippet:-1, max-image-preview:large, max-video-preview:-1\" \/>\n<link rel=\"canonical\" href=\"https:\/\/damasketdentelle.com\/index.php\/2016\/05\/wardrobe-staple-my-denim-addiction\/\" \/>\n<meta property=\"og:locale\" content=\"en_US\" \/>\n<meta property=\"og:type\" content=\"article\" \/>\n<meta property=\"og:title\" content=\"Wardrobe Staple: My Denim Addiction - Interior design ideas | Home decor blog\" \/>\n<meta property=\"og:description\" content=\"Denim is my venom. I love to wear jeans at any time of the year and for any type of occasion. This summer it&#039;s all about the light blue twill.\" \/>\n<meta property=\"og:url\" content=\"https:\/\/damasketdentelle.com\/index.php\/2016\/05\/wardrobe-staple-my-denim-addiction\/\" \/>\n<meta property=\"og:site_name\" content=\"Damask &amp; Dentelle\" \/>\n<meta property=\"article:publisher\" content=\"https:\/\/www.facebook.com\/damasketdentelle\" \/>\n<meta property=\"article:published_time\" content=\"2016-05-18T12:02:33+00:00\" \/>\n<meta property=\"article:modified_time\" content=\"2020-07-30T17:11:06+00:00\" \/>\n<meta property=\"og:image\" content=\"https:\/\/blog.damasketdentelle.com\/wp-content\/uploads\/denim-shorts-espadrilles-damsel-in-diorpp_w700_h1050.jpg\" \/>\n\t<meta property=\"og:image:width\" content=\"700\" \/>\n\t<meta property=\"og:image:height\" content=\"1050\" \/>\n\t<meta property=\"og:image:type\" content=\"image\/jpeg\" \/>\n<meta name=\"author\" content=\"Vanessa Sicotte\" \/>\n<meta name=\"twitter:label1\" content=\"Written by\" \/>\n\t<meta name=\"twitter:data1\" content=\"Vanessa Sicotte\" \/>\n\t<meta name=\"twitter:label2\" content=\"Est. reading time\" \/>\n\t<meta name=\"twitter:data2\" content=\"1 minute\" \/>\n<script type=\"application\/ld+json\" class=\"yoast-schema-graph\">{\"@context\":\"https:\\\/\\\/schema.org\",\"@graph\":[{\"@type\":\"Article\",\"@id\":\"https:\\\/\\\/damasketdentelle.com\\\/index.php\\\/2016\\\/05\\\/wardrobe-staple-my-denim-addiction\\\/#article\",\"isPartOf\":{\"@id\":\"https:\\\/\\\/damasketdentelle.com\\\/index.php\\\/2016\\\/05\\\/wardrobe-staple-my-denim-addiction\\\/\"},\"author\":{\"name\":\"Vanessa Sicotte\",\"@id\":\"https:\\\/\\\/damasketdentelle.com\\\/#\\\/schema\\\/person\\\/ab66dcd0f6a0e1954b4a4aaac173acee\"},\"headline\":\"Wardrobe Staple: My Denim Addiction\",\"datePublished\":\"2016-05-18T12:02:33+00:00\",\"dateModified\":\"2020-07-30T17:11:06+00:00\",\"mainEntityOfPage\":{\"@id\":\"https:\\\/\\\/damasketdentelle.com\\\/index.php\\\/2016\\\/05\\\/wardrobe-staple-my-denim-addiction\\\/\"},\"wordCount\":180,\"commentCount\":2,\"image\":{\"@id\":\"https:\\\/\\\/damasketdentelle.com\\\/index.php\\\/2016\\\/05\\\/wardrobe-staple-my-denim-addiction\\\/#primaryimage\"},\"thumbnailUrl\":\"https:\\\/\\\/blog.damasketdentelle.com\\\/wp-content\\\/uploads\\\/denim-shorts-espadrilles-damsel-in-diorpp_w700_h1050.jpg\",\"keywords\":[\"am\u00e9nagement\",\"Apartment Therapy\",\"astuces d\u00e9co\",\"boutiques de d\u00e9co\",\"D\u00e9co Montr\u00e9al\",\"D\u00e9co Th\u00e9rapie\",\"D\u00e9coration Qu\u00e9bec\",\"d\u00e9corer \u00e0 petits prix\",\"denim dress\",\"House Beautiful\",\"id\u00e9es d\u00e9co\",\"Id\u00e9es pour la maison\",\"Lonny\",\"Rue Magazine\",\"Summer denim\",\"Summer style\",\"summer wardrobe\"],\"articleSection\":[\"\u00c9t\u00e9\",\"Shopping\"],\"inLanguage\":\"en-US\",\"potentialAction\":[{\"@type\":\"CommentAction\",\"name\":\"Comment\",\"target\":[\"https:\\\/\\\/damasketdentelle.com\\\/index.php\\\/2016\\\/05\\\/wardrobe-staple-my-denim-addiction\\\/#respond\"]}]},{\"@type\":\"WebPage\",\"@id\":\"https:\\\/\\\/damasketdentelle.com\\\/index.php\\\/2016\\\/05\\\/wardrobe-staple-my-denim-addiction\\\/\",\"url\":\"https:\\\/\\\/damasketdentelle.com\\\/index.php\\\/2016\\\/05\\\/wardrobe-staple-my-denim-addiction\\\/\",\"name\":\"Wardrobe Staple: My Denim Addiction - Interior design ideas | Home decor blog\",\"isPartOf\":{\"@id\":\"https:\\\/\\\/damasketdentelle.com\\\/#website\"},\"primaryImageOfPage\":{\"@id\":\"https:\\\/\\\/damasketdentelle.com\\\/index.php\\\/2016\\\/05\\\/wardrobe-staple-my-denim-addiction\\\/#primaryimage\"},\"image\":{\"@id\":\"https:\\\/\\\/damasketdentelle.com\\\/index.php\\\/2016\\\/05\\\/wardrobe-staple-my-denim-addiction\\\/#primaryimage\"},\"thumbnailUrl\":\"https:\\\/\\\/blog.damasketdentelle.com\\\/wp-content\\\/uploads\\\/denim-shorts-espadrilles-damsel-in-diorpp_w700_h1050.jpg\",\"datePublished\":\"2016-05-18T12:02:33+00:00\",\"dateModified\":\"2020-07-30T17:11:06+00:00\",\"author\":{\"@id\":\"https:\\\/\\\/damasketdentelle.com\\\/#\\\/schema\\\/person\\\/ab66dcd0f6a0e1954b4a4aaac173acee\"},\"description\":\"Denim is my venom. I love to wear jeans at any time of the year and for any type of occasion. This summer it's all about the light blue twill.\",\"breadcrumb\":{\"@id\":\"https:\\\/\\\/damasketdentelle.com\\\/index.php\\\/2016\\\/05\\\/wardrobe-staple-my-denim-addiction\\\/#breadcrumb\"},\"inLanguage\":\"en-US\",\"potentialAction\":[{\"@type\":\"ReadAction\",\"target\":[\"https:\\\/\\\/damasketdentelle.com\\\/index.php\\\/2016\\\/05\\\/wardrobe-staple-my-denim-addiction\\\/\"]}]},{\"@type\":\"ImageObject\",\"inLanguage\":\"en-US\",\"@id\":\"https:\\\/\\\/damasketdentelle.com\\\/index.php\\\/2016\\\/05\\\/wardrobe-staple-my-denim-addiction\\\/#primaryimage\",\"url\":\"https:\\\/\\\/blog.damasketdentelle.com\\\/wp-content\\\/uploads\\\/denim-shorts-espadrilles-damsel-in-diorpp_w700_h1050.jpg\",\"contentUrl\":\"https:\\\/\\\/blog.damasketdentelle.com\\\/wp-content\\\/uploads\\\/denim-shorts-espadrilles-damsel-in-diorpp_w700_h1050.jpg\",\"width\":700,\"height\":1050},{\"@type\":\"BreadcrumbList\",\"@id\":\"https:\\\/\\\/damasketdentelle.com\\\/index.php\\\/2016\\\/05\\\/wardrobe-staple-my-denim-addiction\\\/#breadcrumb\",\"itemListElement\":[{\"@type\":\"ListItem\",\"position\":1,\"name\":\"Home\",\"item\":\"https:\\\/\\\/damasketdentelle.com\\\/\"},{\"@type\":\"ListItem\",\"position\":2,\"name\":\"Wardrobe Staple: My Denim Addiction\"}]},{\"@type\":\"WebSite\",\"@id\":\"https:\\\/\\\/damasketdentelle.com\\\/#website\",\"url\":\"https:\\\/\\\/damasketdentelle.com\\\/\",\"name\":\"Damask &amp; Dentelle\",\"description\":\"Storytelling, Design and urban manifestos\",\"potentialAction\":[{\"@type\":\"SearchAction\",\"target\":{\"@type\":\"EntryPoint\",\"urlTemplate\":\"https:\\\/\\\/damasketdentelle.com\\\/?s={search_term_string}\"},\"query-input\":{\"@type\":\"PropertyValueSpecification\",\"valueRequired\":true,\"valueName\":\"search_term_string\"}}],\"inLanguage\":\"en-US\"},{\"@type\":\"Person\",\"@id\":\"https:\\\/\\\/damasketdentelle.com\\\/#\\\/schema\\\/person\\\/ab66dcd0f6a0e1954b4a4aaac173acee\",\"name\":\"Vanessa Sicotte\",\"image\":{\"@type\":\"ImageObject\",\"inLanguage\":\"en-US\",\"@id\":\"https:\\\/\\\/secure.gravatar.com\\\/avatar\\\/7710c0e6cd087dff617e494d4e51105fae871a738d48c9031273d8920420be5b?s=96&d=mm&r=g\",\"url\":\"https:\\\/\\\/secure.gravatar.com\\\/avatar\\\/7710c0e6cd087dff617e494d4e51105fae871a738d48c9031273d8920420be5b?s=96&d=mm&r=g\",\"contentUrl\":\"https:\\\/\\\/secure.gravatar.com\\\/avatar\\\/7710c0e6cd087dff617e494d4e51105fae871a738d48c9031273d8920420be5b?s=96&d=mm&r=g\",\"caption\":\"Vanessa Sicotte\"},\"sameAs\":[\"https:\\\/\\\/blog.damasketdentelle.com\\\/wp-login.php\"],\"url\":\"https:\\\/\\\/damasketdentelle.com\\\/index.php\\\/author\\\/vanessa\\\/\"}]}<\/script>\n<!-- \/ Yoast SEO plugin. -->","yoast_head_json":{"title":"Wardrobe Staple: My Denim Addiction - Interior design ideas | Home decor blog","description":"Denim is my venom. I love to wear jeans at any time of the year and for any type of occasion. This summer it's all about the light blue twill.","robots":{"index":"index","follow":"follow","max-snippet":"max-snippet:-1","max-image-preview":"max-image-preview:large","max-video-preview":"max-video-preview:-1"},"canonical":"https:\/\/damasketdentelle.com\/index.php\/2016\/05\/wardrobe-staple-my-denim-addiction\/","og_locale":"en_US","og_type":"article","og_title":"Wardrobe Staple: My Denim Addiction - Interior design ideas | Home decor blog","og_description":"Denim is my venom. I love to wear jeans at any time of the year and for any type of occasion. This summer it's all about the light blue twill.","og_url":"https:\/\/damasketdentelle.com\/index.php\/2016\/05\/wardrobe-staple-my-denim-addiction\/","og_site_name":"Damask &amp; Dentelle","article_publisher":"https:\/\/www.facebook.com\/damasketdentelle","article_published_time":"2016-05-18T12:02:33+00:00","article_modified_time":"2020-07-30T17:11:06+00:00","og_image":[{"width":700,"height":1050,"url":"https:\/\/blog.damasketdentelle.com\/wp-content\/uploads\/denim-shorts-espadrilles-damsel-in-diorpp_w700_h1050.jpg","type":"image\/jpeg"}],"author":"Vanessa Sicotte","twitter_misc":{"Written by":"Vanessa Sicotte","Est. reading time":"1 minute"},"schema":{"@context":"https:\/\/schema.org","@graph":[{"@type":"Article","@id":"https:\/\/damasketdentelle.com\/index.php\/2016\/05\/wardrobe-staple-my-denim-addiction\/#article","isPartOf":{"@id":"https:\/\/damasketdentelle.com\/index.php\/2016\/05\/wardrobe-staple-my-denim-addiction\/"},"author":{"name":"Vanessa Sicotte","@id":"https:\/\/damasketdentelle.com\/#\/schema\/person\/ab66dcd0f6a0e1954b4a4aaac173acee"},"headline":"Wardrobe Staple: My Denim Addiction","datePublished":"2016-05-18T12:02:33+00:00","dateModified":"2020-07-30T17:11:06+00:00","mainEntityOfPage":{"@id":"https:\/\/damasketdentelle.com\/index.php\/2016\/05\/wardrobe-staple-my-denim-addiction\/"},"wordCount":180,"commentCount":2,"image":{"@id":"https:\/\/damasketdentelle.com\/index.php\/2016\/05\/wardrobe-staple-my-denim-addiction\/#primaryimage"},"thumbnailUrl":"https:\/\/blog.damasketdentelle.com\/wp-content\/uploads\/denim-shorts-espadrilles-damsel-in-diorpp_w700_h1050.jpg","keywords":["am\u00e9nagement","Apartment Therapy","astuces d\u00e9co","boutiques de d\u00e9co","D\u00e9co Montr\u00e9al","D\u00e9co Th\u00e9rapie","D\u00e9coration Qu\u00e9bec","d\u00e9corer \u00e0 petits prix","denim dress","House Beautiful","id\u00e9es d\u00e9co","Id\u00e9es pour la maison","Lonny","Rue Magazine","Summer denim","Summer style","summer wardrobe"],"articleSection":["\u00c9t\u00e9","Shopping"],"inLanguage":"en-US","potentialAction":[{"@type":"CommentAction","name":"Comment","target":["https:\/\/damasketdentelle.com\/index.php\/2016\/05\/wardrobe-staple-my-denim-addiction\/#respond"]}]},{"@type":"WebPage","@id":"https:\/\/damasketdentelle.com\/index.php\/2016\/05\/wardrobe-staple-my-denim-addiction\/","url":"https:\/\/damasketdentelle.com\/index.php\/2016\/05\/wardrobe-staple-my-denim-addiction\/","name":"Wardrobe Staple: My Denim Addiction - Interior design ideas | Home decor blog","isPartOf":{"@id":"https:\/\/damasketdentelle.com\/#website"},"primaryImageOfPage":{"@id":"https:\/\/damasketdentelle.com\/index.php\/2016\/05\/wardrobe-staple-my-denim-addiction\/#primaryimage"},"image":{"@id":"https:\/\/damasketdentelle.com\/index.php\/2016\/05\/wardrobe-staple-my-denim-addiction\/#primaryimage"},"thumbnailUrl":"https:\/\/blog.damasketdentelle.com\/wp-content\/uploads\/denim-shorts-espadrilles-damsel-in-diorpp_w700_h1050.jpg","datePublished":"2016-05-18T12:02:33+00:00","dateModified":"2020-07-30T17:11:06+00:00","author":{"@id":"https:\/\/damasketdentelle.com\/#\/schema\/person\/ab66dcd0f6a0e1954b4a4aaac173acee"},"description":"Denim is my venom. I love to wear jeans at any time of the year and for any type of occasion. This summer it's all about the light blue twill.","breadcrumb":{"@id":"https:\/\/damasketdentelle.com\/index.php\/2016\/05\/wardrobe-staple-my-denim-addiction\/#breadcrumb"},"inLanguage":"en-US","potentialAction":[{"@type":"ReadAction","target":["https:\/\/damasketdentelle.com\/index.php\/2016\/05\/wardrobe-staple-my-denim-addiction\/"]}]},{"@type":"ImageObject","inLanguage":"en-US","@id":"https:\/\/damasketdentelle.com\/index.php\/2016\/05\/wardrobe-staple-my-denim-addiction\/#primaryimage","url":"https:\/\/blog.damasketdentelle.com\/wp-content\/uploads\/denim-shorts-espadrilles-damsel-in-diorpp_w700_h1050.jpg","contentUrl":"https:\/\/blog.damasketdentelle.com\/wp-content\/uploads\/denim-shorts-espadrilles-damsel-in-diorpp_w700_h1050.jpg","width":700,"height":1050},{"@type":"BreadcrumbList","@id":"https:\/\/damasketdentelle.com\/index.php\/2016\/05\/wardrobe-staple-my-denim-addiction\/#breadcrumb","itemListElement":[{"@type":"ListItem","position":1,"name":"Home","item":"https:\/\/damasketdentelle.com\/"},{"@type":"ListItem","position":2,"name":"Wardrobe Staple: My Denim Addiction"}]},{"@type":"WebSite","@id":"https:\/\/damasketdentelle.com\/#website","url":"https:\/\/damasketdentelle.com\/","name":"Damask &amp; Dentelle","description":"Storytelling, Design and urban manifestos","potentialAction":[{"@type":"SearchAction","target":{"@type":"EntryPoint","urlTemplate":"https:\/\/damasketdentelle.com\/?s={search_term_string}"},"query-input":{"@type":"PropertyValueSpecification","valueRequired":true,"valueName":"search_term_string"}}],"inLanguage":"en-US"},{"@type":"Person","@id":"https:\/\/damasketdentelle.com\/#\/schema\/person\/ab66dcd0f6a0e1954b4a4aaac173acee","name":"Vanessa Sicotte","image":{"@type":"ImageObject","inLanguage":"en-US","@id":"https:\/\/secure.gravatar.com\/avatar\/7710c0e6cd087dff617e494d4e51105fae871a738d48c9031273d8920420be5b?s=96&d=mm&r=g","url":"https:\/\/secure.gravatar.com\/avatar\/7710c0e6cd087dff617e494d4e51105fae871a738d48c9031273d8920420be5b?s=96&d=mm&r=g","contentUrl":"https:\/\/secure.gravatar.com\/avatar\/7710c0e6cd087dff617e494d4e51105fae871a738d48c9031273d8920420be5b?s=96&d=mm&r=g","caption":"Vanessa Sicotte"},"sameAs":["https:\/\/blog.damasketdentelle.com\/wp-login.php"],"url":"https:\/\/damasketdentelle.com\/index.php\/author\/vanessa\/"}]}},"_links":{"self":[{"href":"https:\/\/damasketdentelle.com\/index.php\/wp-json\/wp\/v2\/posts\/17543","targetHints":{"allow":["GET"]}}],"collection":[{"href":"https:\/\/damasketdentelle.com\/index.php\/wp-json\/wp\/v2\/posts"}],"about":[{"href":"https:\/\/damasketdentelle.com\/index.php\/wp-json\/wp\/v2\/types\/post"}],"author":[{"embeddable":true,"href":"https:\/\/damasketdentelle.com\/index.php\/wp-json\/wp\/v2\/users\/1"}],"replies":[{"embeddable":true,"href":"https:\/\/damasketdentelle.com\/index.php\/wp-json\/wp\/v2\/comments?post=17543"}],"version-history":[{"count":7,"href":"https:\/\/damasketdentelle.com\/index.php\/wp-json\/wp\/v2\/posts\/17543\/revisions"}],"predecessor-version":[{"id":17560,"href":"https:\/\/damasketdentelle.com\/index.php\/wp-json\/wp\/v2\/posts\/17543\/revisions\/17560"}],"wp:featuredmedia":[{"embeddable":true,"href":"https:\/\/damasketdentelle.com\/index.php\/wp-json\/wp\/v2\/media\/17545"}],"wp:attachment":[{"href":"https:\/\/damasketdentelle.com\/index.php\/wp-json\/wp\/v2\/media?parent=17543"}],"wp:term":[{"taxonomy":"category","embeddable":true,"href":"https:\/\/damasketdentelle.com\/index.php\/wp-json\/wp\/v2\/categories?post=17543"},{"taxonomy":"post_tag","embeddable":true,"href":"https:\/\/damasketdentelle.com\/index.php\/wp-json\/wp\/v2\/tags?post=17543"}],"curies":[{"name":"wp","href":"https:\/\/api.w.org\/{rel}","templated":true}]}}