{"id":23100,"date":"2018-05-04T08:48:22","date_gmt":"2018-05-04T12:48:22","guid":{"rendered":"https:\/\/damasketdentelle.com\/?p=23100"},"modified":"2020-07-30T12:50:48","modified_gmt":"2020-07-30T16:50:48","slug":"des-idees-cadeaux-pour-la-fete-des-meres","status":"publish","type":"post","link":"https:\/\/damasketdentelle.com\/index.php\/2018\/05\/des-idees-cadeaux-pour-la-fete-des-meres\/","title":{"rendered":"Des id\u00e9es cadeaux pour la f\u00eate des M\u00e8res"},"content":{"rendered":"<p>Au Canada, la f\u00eate des M\u00e8res est toujours le deuxi\u00e8me dimanche de mai, c&#8217;est donc le 13 mai cette ann\u00e9e! C&#8217;est connu, les mamans adorent passer du temps avec leur prog\u00e9niture, mais avoir en plus une petite pens\u00e9e en cette journ\u00e9e sp\u00e9ciale fait toujours sont effet. Voici quelques id\u00e9es bas\u00e9es sur l&#8217;id\u00e9e que le plus agr\u00e9able, c&#8217;est d&#8217;\u00eatre ensemble, mais qu&#8217;il y a bien des cadeaux qui font plaisir \u00e0 offrir, parfois m\u00eame par la poste si ta maman est loin des yeux, mais pr\u00e8s du c\u0153ur.<span class=\"Apple-converted-space\">\u00a0<\/span><\/p>\n<h2>Pour la maman <i>foodie<\/i><\/h2>\n<h3><img loading=\"lazy\" decoding=\"async\" class=\"aligncenter size-full wp-image-23112\" src=\"https:\/\/blog.damasketdentelle.com\/wp-content\/uploads\/1.cafe-denise.jpg\" alt=\"\" width=\"960\" height=\"719\" srcset=\"https:\/\/blog.damasketdentelle.com\/wp-content\/uploads\/1.cafe-denise.jpg 960w, https:\/\/blog.damasketdentelle.com\/wp-content\/uploads\/1.cafe-denise-450x337.jpg 450w, https:\/\/blog.damasketdentelle.com\/wp-content\/uploads\/1.cafe-denise-768x575.jpg 768w, https:\/\/blog.damasketdentelle.com\/wp-content\/uploads\/1.cafe-denise-695x521.jpg 695w\" sizes=\"auto, (max-width: 960px) 100vw, 960px\" \/><\/h3>\n<h3><b>Pa<\/b>sser du temps ensemble<\/h3>\n<p>Une petite sortie chez (<em>trouvez ici le nom de votre m\u00e8re<\/em>); <a href=\"http:\/\/cafedenise.ca\/\">Caf\u00e9 Denise<\/a>, <a href=\"https:\/\/www.boulangerielouise.ca\/welcome\">Boulangerie Louise<\/a>, le <a href=\"https:\/\/tastet.ca\/2018\/02\/02\/elena-restaurant-montreal-st-henri\/\">restaurant Elena<\/a>, <a href=\"https:\/\/barhenrietta.com\/\">Bar Henrietta<\/a>, <a href=\"https:\/\/www.facebook.com\/comptoirsaintececile\/\">Comptoir Sainte-C\u00e9cile<\/a>, <a href=\"https:\/\/www.facebook.com\/Restaurant-chez-Claudette-343327415716591\/\">Casse-cro\u00fbte chez Claudette<\/a>, le <a href=\"http:\/\/www.santabarbaramtl.ca\/home.html\">Santa Barbara<\/a>, <a href=\"http:\/\/barsuzanne.ca\/\">Bar Suzanne<\/a>, etc.<\/p>\n<p><img loading=\"lazy\" decoding=\"async\" class=\"aligncenter size-full wp-image-23111\" src=\"https:\/\/blog.damasketdentelle.com\/wp-content\/uploads\/2.Mousseux-Ros\u00e9.jpg\" alt=\"\" width=\"1200\" height=\"1200\" srcset=\"https:\/\/blog.damasketdentelle.com\/wp-content\/uploads\/2.Mousseux-Ros\u00e9.jpg 1200w, https:\/\/blog.damasketdentelle.com\/wp-content\/uploads\/2.Mousseux-Ros\u00e9-150x150.jpg 150w, https:\/\/blog.damasketdentelle.com\/wp-content\/uploads\/2.Mousseux-Ros\u00e9-450x450.jpg 450w, https:\/\/blog.damasketdentelle.com\/wp-content\/uploads\/2.Mousseux-Ros\u00e9-768x768.jpg 768w, https:\/\/blog.damasketdentelle.com\/wp-content\/uploads\/2.Mousseux-Ros\u00e9-695x695.jpg 695w, https:\/\/blog.damasketdentelle.com\/wp-content\/uploads\/2.Mousseux-Ros\u00e9-320x320.jpg 320w\" sizes=\"auto, (max-width: 1200px) 100vw, 1200px\" \/><\/p>\n<h3>Un cadeau de bulles<\/h3>\n<p>Ma m\u00e8re adore essayer de nouveaux cocktails et c&#8217;est toujours un bon moment \u00e0 passer ensemble, de la confection jusqu&#8217;\u00e0 la d\u00e9gustation! Pourquoi ne pas concocter un <a href=\"https:\/\/www.ricardocuisine.com\/recettes\/601-sirop-de-menthe-fraiche\">sirop simple \u00e0 la menthe<\/a>\u00a0pour fabriquer des mojitos? Avec une pur\u00e9e de framboises pour en faire un cocktail fruit\u00e9.<span class=\"Apple-converted-space\">\u00a0 <\/span>Le printemps appelle aussi aux vins ros\u00e9s, j&#8217;opte pour les produits de la cidrerie Michel Jodoin de Rougemont, comme le <a href=\"https:\/\/www.saq.com\/page\/fr\/saqcom\/cidre-mousseux\/michel-jodoin\/733394?3.%20selectedIndex=1&amp;searchContextId=-100225151214363\">cidre mousseux ros\u00e9<\/a>\u00a0\u00ab\u00a0Boire la vie en rose\u00a0\u00bb ou le <a href=\"http:\/\/www.micheljodoin.ca\/produit\/cidre-petillant-rose\/\">cidre ros\u00e9 p\u00e9tillant<\/a>\u00a0avec la rigolote \u00e9tiquette \u00ab T&#8217;es Bulle \u00e0 croquer\u00a0\u00bb, c&#8217;est un beau cadeau pour maman! Disponibles \u00e0 la SAQ ou en \u00e9picerie.<\/p>\n<p><img loading=\"lazy\" decoding=\"async\" class=\"aligncenter size-full wp-image-23103\" src=\"https:\/\/blog.damasketdentelle.com\/wp-content\/uploads\/3.dinette.jpg\" alt=\"\" width=\"1024\" height=\"1024\" srcset=\"https:\/\/blog.damasketdentelle.com\/wp-content\/uploads\/3.dinette.jpg 1024w, https:\/\/blog.damasketdentelle.com\/wp-content\/uploads\/3.dinette-150x150.jpg 150w, https:\/\/blog.damasketdentelle.com\/wp-content\/uploads\/3.dinette-450x450.jpg 450w, https:\/\/blog.damasketdentelle.com\/wp-content\/uploads\/3.dinette-768x768.jpg 768w, https:\/\/blog.damasketdentelle.com\/wp-content\/uploads\/3.dinette-695x695.jpg 695w, https:\/\/blog.damasketdentelle.com\/wp-content\/uploads\/3.dinette-320x320.jpg 320w\" sizes=\"auto, (max-width: 1024px) 100vw, 1024px\" \/><\/p>\n<h3>Par la poste<\/h3>\n<p>Pour un cadeau qui s&#8217;\u00e9tire dans le temps, offrir un abonnement au magazine culinaire <a href=\"https:\/\/dinettemagazineboutique.com\/collections\/abonnement\/products\/abonnement-6-numeros\">D\u00eenette Magazine<\/a>, qui met de l&#8217;avant des produits et producteurs du Qu\u00e9bec et de d\u00e9licieuses recettes, toujours accompagn\u00e9 de magnifiques photographies.<\/p>\n<h2>Pour la maman relax (ou qui a besoin de relaxer)<\/h2>\n<h3><img loading=\"lazy\" decoding=\"async\" class=\"aligncenter size-full wp-image-23110\" src=\"https:\/\/blog.damasketdentelle.com\/wp-content\/uploads\/4.botabota-5880-640x355.jpg\" alt=\"\" width=\"640\" height=\"355\" srcset=\"https:\/\/blog.damasketdentelle.com\/wp-content\/uploads\/4.botabota-5880-640x355.jpg 640w, https:\/\/blog.damasketdentelle.com\/wp-content\/uploads\/4.botabota-5880-640x355-450x250.jpg 450w\" sizes=\"auto, (max-width: 640px) 100vw, 640px\" \/><br \/>\n<b>Passer du temps ensemble<\/b><\/h3>\n<p>Quoi de mieux que de relaxer ensemble? Pour traiter sa maman aux petits soins, faites une petite visite au spa <a href=\"http:\/\/botabota.ca\/\">Bota Bota<\/a>, situ\u00e9 sur un bateau amarr\u00e9 aux quais du Vieux-Montr\u00e9al et offrant une vue imprenable sur la ville. Quelques forfaits sp\u00e9ciaux pour la f\u00eate des M\u00e8res sont offerts ou profitez de la visite des bains en soir\u00e9e la fin de semaine pour profiter d&#8217;un tarif pour deux.<span class=\"Apple-converted-space\">\u00a0<\/span><\/p>\n<h3><img loading=\"lazy\" decoding=\"async\" class=\"aligncenter size-full wp-image-23109\" src=\"https:\/\/blog.damasketdentelle.com\/wp-content\/uploads\/5.miels_anicet.jpg\" alt=\"\" width=\"600\" height=\"600\" srcset=\"https:\/\/blog.damasketdentelle.com\/wp-content\/uploads\/5.miels_anicet.jpg 600w, https:\/\/blog.damasketdentelle.com\/wp-content\/uploads\/5.miels_anicet-150x150.jpg 150w, https:\/\/blog.damasketdentelle.com\/wp-content\/uploads\/5.miels_anicet-450x450.jpg 450w, https:\/\/blog.damasketdentelle.com\/wp-content\/uploads\/5.miels_anicet-320x320.jpg 320w\" sizes=\"auto, (max-width: 600px) 100vw, 600px\" \/> <b>Un cadeau\u00a0<\/b><\/h3>\n<p>Savon \u00e0 main de la gamme <a href=\"https:\/\/mielsdanicet.com\/fr-ca\/produit\/savon-a-mains-bois-de-rose-sauge-250ml-melia\/\">M\u00e9lia des Miels d&#8217;Anicet<\/a>. C&#8217;est un objet qui est toujours \u00e0 la vue et que l&#8217;on utilise tous les jours, une bonne raison de s&#8217;\u00e9quiper d&#8217;un beau produit, autant visuellement que dans les ingr\u00e9dients utilis\u00e9s pour la fabrication. Un agr\u00e9able petit cadeau qui fera une petite pens\u00e9e quotidienne pour maman.<span class=\"Apple-converted-space\">\u00a0<\/span><\/p>\n<p><img loading=\"lazy\" decoding=\"async\" class=\"aligncenter size-full wp-image-23113\" src=\"https:\/\/blog.damasketdentelle.com\/wp-content\/uploads\/DecoTherapie-1.jpg\" alt=\"\" width=\"1481\" height=\"2048\" srcset=\"https:\/\/blog.damasketdentelle.com\/wp-content\/uploads\/DecoTherapie-1.jpg 1481w, https:\/\/blog.damasketdentelle.com\/wp-content\/uploads\/DecoTherapie-1-325x450.jpg 325w, https:\/\/blog.damasketdentelle.com\/wp-content\/uploads\/DecoTherapie-1-768x1062.jpg 768w, https:\/\/blog.damasketdentelle.com\/wp-content\/uploads\/DecoTherapie-1-695x961.jpg 695w\" sizes=\"auto, (max-width: 1481px) 100vw, 1481px\" \/><\/p>\n<h3>Par la poste<\/h3>\n<p><a href=\"http:\/\/editions-cardinal.ca\/ca_fr\/deco-therapie-50-idees-pour-se-sentir-bien-chez-soi.html\">Le livre D\u00e9co Th\u00e9rapie \u2013 50 id\u00e9es pour se sentir bien chez soi<\/a>\u00a0.\u00a0Profitez-en pour pr\u00e9-commander le nouveau livre de Vanessa! Il sortira en librairie le 16 mai prochain, mais c&#8217;est d\u00e9j\u00e0 possible de le r\u00e9server en ligne et obtenir en prime une copie d\u00e9dicac\u00e9e.<\/p>\n<h2>Pour la maman cr\u00e9ative<\/h2>\n<p><b><img loading=\"lazy\" decoding=\"async\" class=\"aligncenter size-full wp-image-23108\" src=\"https:\/\/blog.damasketdentelle.com\/wp-content\/uploads\/7.pucespop.jpg\" alt=\"\" width=\"960\" height=\"540\" srcset=\"https:\/\/blog.damasketdentelle.com\/wp-content\/uploads\/7.pucespop.jpg 960w, https:\/\/blog.damasketdentelle.com\/wp-content\/uploads\/7.pucespop-450x253.jpg 450w, https:\/\/blog.damasketdentelle.com\/wp-content\/uploads\/7.pucespop-768x432.jpg 768w, https:\/\/blog.damasketdentelle.com\/wp-content\/uploads\/7.pucespop-695x391.jpg 695w\" sizes=\"auto, (max-width: 960px) 100vw, 960px\" \/><\/b><\/p>\n<h3>Passer du temps ensemble<\/h3>\n<p>Faites une vir\u00e9e aux <a href=\"https:\/\/popmontreal.com\/fr\/artistes\/puces-pop\/\">Puces Pop<\/a> qui aura lieu la fin de semaine de la F\u00eate des m\u00e8res. C&#8217;est le rendez-vous id\u00e9al pour partager nos coups de c\u0153ur cr\u00e9atifs et (re)d\u00e9couvrir nos artisans locaux pr\u00e9f\u00e9r\u00e9s. \u00c0 l&#8217;\u00c9glise St-Denis les 11-12-13 mai.<\/p>\n<h3><img loading=\"lazy\" decoding=\"async\" class=\"aligncenter size-full wp-image-23107\" src=\"https:\/\/blog.damasketdentelle.com\/wp-content\/uploads\/8.ateliermake.jpg\" alt=\"\" width=\"480\" height=\"600\" srcset=\"https:\/\/blog.damasketdentelle.com\/wp-content\/uploads\/8.ateliermake.jpg 480w, https:\/\/blog.damasketdentelle.com\/wp-content\/uploads\/8.ateliermake-360x450.jpg 360w\" sizes=\"auto, (max-width: 480px) 100vw, 480px\" \/><br \/>\n<b>Un cadeau<\/b><\/h3>\n<p>Nos mamans sont souvent r\u00e9put\u00e9es pour leur cuisine, on a certainement chacun notre recette pr\u00e9f\u00e9r\u00e9e parfois m\u00eame associ\u00e9 \u00e0 de beaux souvenirs d&#8217;enfance. Les <a href=\"https:\/\/www.ateliermake.com\/products\/floral-dessert-plate-assiette-a-dessert-a-motif-floral?variant=337119299\">assiettes de pr\u00e9sentation de l&#8217;Atelier Make<\/a> sont superbes et durables, en plus d&#8217;offrir un bon pr\u00e9texte \u00e0 maman de cuisiner notre recette de pudding au chocolat ou de gauffres aux fruits tant ador\u00e9es.<\/p>\n<p><img loading=\"lazy\" decoding=\"async\" class=\"aligncenter size-full wp-image-23104\" src=\"https:\/\/blog.damasketdentelle.com\/wp-content\/uploads\/9.totebag.jpg\" alt=\"\" width=\"750\" height=\"1125\" srcset=\"https:\/\/blog.damasketdentelle.com\/wp-content\/uploads\/9.totebag.jpg 750w, https:\/\/blog.damasketdentelle.com\/wp-content\/uploads\/9.totebag-300x450.jpg 300w, https:\/\/blog.damasketdentelle.com\/wp-content\/uploads\/9.totebag-695x1043.jpg 695w\" sizes=\"auto, (max-width: 750px) 100vw, 750px\" \/><\/p>\n<h3>Par la poste<\/h3>\n<p>L&#8217;entreprise montr\u00e9alaise \u00ab\u00a0Dans le Sac\u00a0\u00bb a cr\u00e9\u00e9 ces sacs r\u00e9utilisables assez grands et r\u00e9sistants pour faire son march\u00e9 (ou transporter tout son mat\u00e9riel de sport ou de poterie). En plus d&#8217;\u00eatre faits en coton naturel donc biod\u00e9gradables, ils disent \u00ab\u00a0<a href=\"https:\/\/danslesac.co\/boutique-2\/le-sac-pour-le-marche-the-market-bag\">Merci<\/a>\u00a0\u00bb de poser un petit geste pour la plan\u00e8te, mais permettent aussi de donner 1$ \u00e0 un projet d&#8217;\u00e9ducation environnementale. C&#8217;est aussi une jolie fa\u00e7on de dire \u00ab\u00a0Merci\u00a0\u00bb \u00e0 sa maman.<\/p>\n<h2>Sans oublier nos amies nouvelles maman!<\/h2>\n<h3><img loading=\"lazy\" decoding=\"async\" class=\"aligncenter size-full wp-image-23106\" src=\"https:\/\/blog.damasketdentelle.com\/wp-content\/uploads\/10.patechinois.jpg\" alt=\"\" width=\"800\" height=\"600\" srcset=\"https:\/\/blog.damasketdentelle.com\/wp-content\/uploads\/10.patechinois.jpg 800w, https:\/\/blog.damasketdentelle.com\/wp-content\/uploads\/10.patechinois-450x338.jpg 450w, https:\/\/blog.damasketdentelle.com\/wp-content\/uploads\/10.patechinois-768x576.jpg 768w, https:\/\/blog.damasketdentelle.com\/wp-content\/uploads\/10.patechinois-695x521.jpg 695w\" sizes=\"auto, (max-width: 800px) 100vw, 800px\" \/><\/h3>\n<h3>Un petit plat r\u00e9confortant<\/h3>\n<p><a href=\"https:\/\/www.soscuisine.com\/recette\/pate-chinois-vegetarien\">Pat\u00e9 chinois v\u00e9g\u00e9tarien de SOS Cuisine<\/a>.<\/p>\n<h3>Passer du temps ensemble<\/h3>\n<p>La mesure du temps devient parfois un concept abstrait chez les nouveaux parents; nuits trop courtes, boires aux heures, la vaisselle qui s&#8217;empile&#8230; Ouf! Offrez un peu de r\u00e9pit en proposant une visite cl\u00e9 en main! \u00c9vitez \u00e0 la maman les tracas de devoir se d\u00e9placer et invitez-vous plut\u00f4t. Apportez un plat r\u00e9confortant d\u00e9j\u00e0 pr\u00e9par\u00e9 (dont vous repartirez avec la vaisselle) ou encore proposez-vous \u00e0 faire des t\u00e2ches m\u00e9nag\u00e8res, comme aider \u00e0 plier tous les mini bas et organiser les dons de v\u00eatements aux tailles d\u00e9pareill\u00e9es. Vous pouvez m\u00eame offrir un forfait de visites-sur-appel et accourir \u00e0 la rescousse lorsque n\u00e9cessaire, juste pour passer du temps ou aider au quotidien.<\/p>\n<p><img loading=\"lazy\" decoding=\"async\" class=\"aligncenter size-full wp-image-23101\" src=\"https:\/\/blog.damasketdentelle.com\/wp-content\/uploads\/11.rosecitron.jpg\" alt=\"\" width=\"1000\" height=\"669\" srcset=\"https:\/\/blog.damasketdentelle.com\/wp-content\/uploads\/11.rosecitron.jpg 1000w, https:\/\/blog.damasketdentelle.com\/wp-content\/uploads\/11.rosecitron-450x301.jpg 450w, https:\/\/blog.damasketdentelle.com\/wp-content\/uploads\/11.rosecitron-768x514.jpg 768w, https:\/\/blog.damasketdentelle.com\/wp-content\/uploads\/11.rosecitron-695x465.jpg 695w\" sizes=\"auto, (max-width: 1000px) 100vw, 1000px\" \/><\/p>\n<h3>Un cadeau<\/h3>\n<p>Comme le corps des mamans passe par plusieurs transformations, ces cr\u00e8mes et beurres corporels 100% naturels et faits au Qu\u00e9bec font un super cadeau indispensable. Connue entre autre pour ses produits pour touts-petits comme sa fameuse cr\u00e8me pour bobos ou le b\u00e2ton magique, La <a href=\"https:\/\/www.sourisverte.ca\/home\/fr\/produit\/beurre-corporel\">Souris Verte<\/a> offre \u00e9galement un beurre corporel de karit\u00e9 super hydratant \u00e0 usage multiples. La compagnie <a href=\"http:\/\/rosecitron.ca\/fr\/produit\/creme-a-mains\/\">Rose Citron<\/a> offre aussi plusieurs choix de cr\u00e8mes mains et corps aux parfums savoureux, aussi disponibles en vrac. <img loading=\"lazy\" decoding=\"async\" class=\"aligncenter size-full wp-image-23105\" src=\"https:\/\/blog.damasketdentelle.com\/wp-content\/uploads\/12.miljours.jpg\" alt=\"\" width=\"1000\" height=\"1000\" srcset=\"https:\/\/blog.damasketdentelle.com\/wp-content\/uploads\/12.miljours.jpg 1000w, https:\/\/blog.damasketdentelle.com\/wp-content\/uploads\/12.miljours-150x150.jpg 150w, https:\/\/blog.damasketdentelle.com\/wp-content\/uploads\/12.miljours-450x450.jpg 450w, https:\/\/blog.damasketdentelle.com\/wp-content\/uploads\/12.miljours-768x768.jpg 768w, https:\/\/blog.damasketdentelle.com\/wp-content\/uploads\/12.miljours-695x695.jpg 695w, https:\/\/blog.damasketdentelle.com\/wp-content\/uploads\/12.miljours-320x320.jpg 320w\" sizes=\"auto, (max-width: 1000px) 100vw, 1000px\" \/><br \/>\nLe <a href=\"https:\/\/miljours.studio\/shop\/lee-wire-holder\">porte-fils en cuir naturel de Miljours Studio<\/a><\/p>\n<h3>Par la poste ou la poste virtuelle<b>\u00a0<\/b><\/h3>\n<p>Mon amie Sarah, maman incroyable de Gaspard (15 mois), m&#8217;a confi\u00e9 qu&#8217;elle a particuli\u00e8rement appr\u00e9ci\u00e9 lorsqu&#8217;un ami proche lui a offert une compilation de musique adapt\u00e9e \u00e0 l&#8217;arriv\u00e9e du b\u00e9b\u00e9. Avouant ne pas avoir le temps de chercher de nouvelles d\u00e9couvertes musicales, c&#8217;est une belle pens\u00e9e qui lui permet de relaxer et de s&#8217;\u00e9panouir personnellement. Sans tomber dans les comptines enfantines qui peuvent parfois tomber sur les nerfs, il s&#8217;agit simplement de musique douce bien s\u00e9lectionn\u00e9e selon les go\u00fbts musicaux de maman ou un peu plus rythm\u00e9e pour danser avec b\u00e9b\u00e9. Quelques suggestions de chansons sur le site de la <a href=\"https:\/\/www.npr.org\/sections\/allsongs\/2015\/07\/24\/425052370\/a-playlist-for-newborns\">NPR radio<\/a>.<\/p>\n<p>Bonne f\u00eate des M\u00e8res \u00e0 toutes les mamans extraordinaires! Je t&#8217;aime maman.<\/p>\n<p><img loading=\"lazy\" decoding=\"async\" class=\"aligncenter size-full wp-image-23102\" src=\"https:\/\/blog.damasketdentelle.com\/wp-content\/uploads\/13.cathylessard.jpg\" alt=\"\" width=\"960\" height=\"697\" srcset=\"https:\/\/blog.damasketdentelle.com\/wp-content\/uploads\/13.cathylessard.jpg 960w, https:\/\/blog.damasketdentelle.com\/wp-content\/uploads\/13.cathylessard-450x327.jpg 450w, https:\/\/blog.damasketdentelle.com\/wp-content\/uploads\/13.cathylessard-768x558.jpg 768w, https:\/\/blog.damasketdentelle.com\/wp-content\/uploads\/13.cathylessard-695x505.jpg 695w\" sizes=\"auto, (max-width: 960px) 100vw, 960px\" \/><\/p>\n<p>Photo\u00a0: <a href=\"http:\/\/www.clphotographe.com\">Cathy Lessard Photographe<\/a><\/p>\n<p><em><a href=\"https:\/\/www.instagram.com\/astlau\/\">Audrey<\/a>\u00a0est fleuriste accomplie, \u00e0 son compte, depuis 2014. \u00c0 tous les mois, elle vous proposera un DIY original et simple \u00e0 essayer \u00e0 la maison. \u00a0\u00ab\u00a0J\u2019aime travailler les fleurs en ayant une approche plus saisonni\u00e8re et locale lorsque possible, en favorisant la r\u00e9utilisation de mat\u00e9riaux seconde-main.\u00a0\u00bb \u2013 <a href=\"http:\/\/www.audreystlaurent.com\/\">Audrey St-Laurent<\/a>\u00a0{ Nous aussi on aime \u00e7a! } Pour plus d\u2019inspiration <a href=\"http:\/\/www.pinterest.com\/astlau\">c\u2019est par ici<\/a>.<\/em><\/p>\n<p><span style=\"border-top-left-radius: 2px; border-top-right-radius: 2px; border-bottom-right-radius: 2px; border-bottom-left-radius: 2px; text-indent: 20px; width: auto; padding: 0px 4px 0px 0px; text-align: center; font-style: normal; font-variant-caps: normal; font-weight: bold; font-stretch: normal; font-size: 11px; line-height: 20px; font-family: 'Helvetica Neue', Helvetica, sans-serif; color: #ffffff; background-image: url(data:image\/svg+xml; base64,phn2zyb4bwxucz0iahr0cdovl3d3dy53my5vcmcvmjawmc9zdmciighlawdodd0imzbwecigd2lkdgg9ijmwchgiihzpzxdcb3g9ii0xic0xidmxidmxij48zz48cgf0acbkpsjnmjkundq5lde0ljy2mibdmjkundq5ldiyljcymiaymi44njgsmjkumju2ide0ljc1ldi5lji1nibdni42mzismjkumju2idaumduxldiyljcymiawlja1mswxnc42njigqzaumduxldyunjaxidyunjmyldaumdy3ide0ljc1ldaumdy3iemymi44njgsmc4wnjcgmjkundq5ldyunjaxidi5ljq0oswxnc42njiiigzpbgw9iinmzmyiihn0cm9rzt0ii2zmziigc3ryb2tllxdpzhropsixij48l3bhdgg+phbhdgggzd0itte0ljczmywxljy4nibdny41mtysms42odygms42njusny40otugms42njusmtqunjyyiemxljy2nswymc4xntkgns4xmdksmjquodu0idkuotcsmjyunzq0iem5ljg1niwyns43mtggos43ntmsmjqumtqzidewljaxniwymy4wmjigqzewlji1mywymi4wmsaxms41ndgsmtyuntcyidexlju0ocwxni41nzigqzexlju0ocwxni41nzigmteumtu3lde1ljc5nsaxms4xntcsmtqunjq2iemxms4xntcsmtiuodqyideyljixmswxms40otugmtmuntiyldexljq5nsbdmtqunjm3ldexljq5nsaxns4xnzusmtiumzi2ide1lje3nswxmy4zmjmgqze1lje3nswxnc40mzygmtqundyylde2ljegmtqumdkzlde3ljy0mybdmtmunzg1lde4ljkznsaxnc43ndusmtkuotg4ide2ljayocwxos45odggqze4ljm1mswxos45odggmjaumtm2lde3lju1niaymc4xmzysmtqumdq2iemymc4xmzysmtauotm5ide3ljg4ocw4ljc2nyaxnc42nzgsoc43njcgqzewljk1osw4ljc2nya4ljc3nywxms41mzygoc43nzcsmtqumzk4iem4ljc3nywxns41mtmgos4ymswxni43mdkgos43ndksmtcumzu5iem5ljg1niwxny40odggos44nzismtcunia5ljg0lde3ljczmsbdos43ndesmtgumtqxidkuntismtkumdizidkundc3lde5ljiwmybdos40miwxos40nca5lji4ocwxos40otegos4wncwxos4znzygqzcunda4lde4ljyymia2ljm4nywxni4yntigni4zodcsmtqumzq5iem2ljm4nywxmc4yntygos4zodmsni40otcgmtuumdiyldyundk3iemxos41ntusni40otcgmjmumdc4ldkunza1idizlja3ocwxmy45otegqzizlja3ocwxoc40njmgmjaumjm5ldiylja2miaxni4yotcsmjiumdyyiemxnc45nzmsmjiumdyyidezljcyocwyms4znzkgmtmumzayldiwlju3mibdmtmumzayldiwlju3miaxmi42ndcsmjmumdugmtiundg4ldizljy1nybdmtiumtkzldi0ljc4ncaxms4zotysmjyumtk2idewljg2mywyny4wntggqzeylja4niwyny40mzqgmtmumzg2ldi3ljyznyaxnc43mzmsmjcunjm3iemyms45nswyny42mzcgmjcuodaxldixljgyocayny44mdesmtqunjyyiemyny44mdesny40otugmjeuotusms42odygmtqunzmzldeunjg2iibmawxspsijymqwodfjij48l3bhdgg+pc9npjwvc3znpg==); background-size: 14px 14px; background-color: #bd081c; position: absolute; opacity: 1; z-index: 8675309; display: none; cursor: pointer; border: none; -webkit-font-smoothing: antialiased; top: 8705px; left: 76px; background-position: 3px 50%; background-repeat: no-repeat no-repeat;\">Save<\/span><span style=\"border-top-left-radius: 2px; border-top-right-radius: 2px; border-bottom-right-radius: 2px; border-bottom-left-radius: 2px; text-indent: 20px; width: auto; padding: 0px 4px 0px 0px; text-align: center; font-style: normal; font-variant-caps: normal; font-weight: bold; font-stretch: normal; font-size: 11px; line-height: 20px; font-family: 'Helvetica Neue', Helvetica, sans-serif; color: #ffffff; background-image: url(data:image\/svg+xml; base64,phn2zyb4bwxucz0iahr0cdovl3d3dy53my5vcmcvmjawmc9zdmciighlawdodd0imzbwecigd2lkdgg9ijmwchgiihzpzxdcb3g9ii0xic0xidmxidmxij48zz48cgf0acbkpsjnmjkundq5lde0ljy2mibdmjkundq5ldiyljcymiaymi44njgsmjkumju2ide0ljc1ldi5lji1nibdni42mzismjkumju2idaumduxldiyljcymiawlja1mswxnc42njigqzaumduxldyunjaxidyunjmyldaumdy3ide0ljc1ldaumdy3iemymi44njgsmc4wnjcgmjkundq5ldyunjaxidi5ljq0oswxnc42njiiigzpbgw9iinmzmyiihn0cm9rzt0ii2zmziigc3ryb2tllxdpzhropsixij48l3bhdgg+phbhdgggzd0itte0ljczmywxljy4nibdny41mtysms42odygms42njusny40otugms42njusmtqunjyyiemxljy2nswymc4xntkgns4xmdksmjquodu0idkuotcsmjyunzq0iem5ljg1niwyns43mtggos43ntmsmjqumtqzidewljaxniwymy4wmjigqzewlji1mywymi4wmsaxms41ndgsmtyuntcyidexlju0ocwxni41nzigqzexlju0ocwxni41nzigmteumtu3lde1ljc5nsaxms4xntcsmtqunjq2iemxms4xntcsmtiuodqyideyljixmswxms40otugmtmuntiyldexljq5nsbdmtqunjm3ldexljq5nsaxns4xnzusmtiumzi2ide1lje3nswxmy4zmjmgqze1lje3nswxnc40mzygmtqundyylde2ljegmtqumdkzlde3ljy0mybdmtmunzg1lde4ljkznsaxnc43ndusmtkuotg4ide2ljayocwxos45odggqze4ljm1mswxos45odggmjaumtm2lde3lju1niaymc4xmzysmtqumdq2iemymc4xmzysmtauotm5ide3ljg4ocw4ljc2nyaxnc42nzgsoc43njcgqzewljk1osw4ljc2nya4ljc3nywxms41mzygoc43nzcsmtqumzk4iem4ljc3nywxns41mtmgos4ymswxni43mdkgos43ndksmtcumzu5iem5ljg1niwxny40odggos44nzismtcunia5ljg0lde3ljczmsbdos43ndesmtgumtqxidkuntismtkumdizidkundc3lde5ljiwmybdos40miwxos40nca5lji4ocwxos40otegos4wncwxos4znzygqzcunda4lde4ljyymia2ljm4nywxni4yntigni4zodcsmtqumzq5iem2ljm4nywxmc4yntygos4zodmsni40otcgmtuumdiyldyundk3iemxos41ntusni40otcgmjmumdc4ldkunza1idizlja3ocwxmy45otegqzizlja3ocwxoc40njmgmjaumjm5ldiylja2miaxni4yotcsmjiumdyyiemxnc45nzmsmjiumdyyidezljcyocwyms4znzkgmtmumzayldiwlju3mibdmtmumzayldiwlju3miaxmi42ndcsmjmumdugmtiundg4ldizljy1nybdmtiumtkzldi0ljc4ncaxms4zotysmjyumtk2idewljg2mywyny4wntggqzeylja4niwyny40mzqgmtmumzg2ldi3ljyznyaxnc43mzmsmjcunjm3iemyms45nswyny42mzcgmjcuodaxldixljgyocayny44mdesmtqunjyyiemyny44mdesny40otugmjeuotusms42odygmtqunzmzldeunjg2iibmawxspsijymqwodfjij48l3bhdgg+pc9npjwvc3znpg==); background-size: 14px 14px; background-color: #bd081c; position: absolute; opacity: 1; z-index: 8675309; display: none; cursor: pointer; border: none; -webkit-font-smoothing: antialiased; top: 8705px; left: 76px; background-position: 3px 50%; background-repeat: no-repeat no-repeat;\">Save<\/span><\/p>\n<p><span style=\"border-top-left-radius: 2px; border-top-right-radius: 2px; border-bottom-right-radius: 2px; border-bottom-left-radius: 2px; text-indent: 20px; width: auto; padding: 0px 4px 0px 0px; text-align: center; font-style: normal; font-variant-caps: normal; font-weight: bold; font-stretch: normal; font-size: 11px; line-height: 20px; font-family: 'Helvetica Neue', Helvetica, sans-serif; color: #ffffff; background-image: url(data:image\/svg+xml; base64,phn2zyb4bwxucz0iahr0cdovl3d3dy53my5vcmcvmjawmc9zdmciighlawdodd0imzbwecigd2lkdgg9ijmwchgiihzpzxdcb3g9ii0xic0xidmxidmxij48zz48cgf0acbkpsjnmjkundq5lde0ljy2mibdmjkundq5ldiyljcymiaymi44njgsmjkumju2ide0ljc1ldi5lji1nibdni42mzismjkumju2idaumduxldiyljcymiawlja1mswxnc42njigqzaumduxldyunjaxidyunjmyldaumdy3ide0ljc1ldaumdy3iemymi44njgsmc4wnjcgmjkundq5ldyunjaxidi5ljq0oswxnc42njiiigzpbgw9iinmzmyiihn0cm9rzt0ii2zmziigc3ryb2tllxdpzhropsixij48l3bhdgg+phbhdgggzd0itte0ljczmywxljy4nibdny41mtysms42odygms42njusny40otugms42njusmtqunjyyiemxljy2nswymc4xntkgns4xmdksmjquodu0idkuotcsmjyunzq0iem5ljg1niwyns43mtggos43ntmsmjqumtqzidewljaxniwymy4wmjigqzewlji1mywymi4wmsaxms41ndgsmtyuntcyidexlju0ocwxni41nzigqzexlju0ocwxni41nzigmteumtu3lde1ljc5nsaxms4xntcsmtqunjq2iemxms4xntcsmtiuodqyideyljixmswxms40otugmtmuntiyldexljq5nsbdmtqunjm3ldexljq5nsaxns4xnzusmtiumzi2ide1lje3nswxmy4zmjmgqze1lje3nswxnc40mzygmtqundyylde2ljegmtqumdkzlde3ljy0mybdmtmunzg1lde4ljkznsaxnc43ndusmtkuotg4ide2ljayocwxos45odggqze4ljm1mswxos45odggmjaumtm2lde3lju1niaymc4xmzysmtqumdq2iemymc4xmzysmtauotm5ide3ljg4ocw4ljc2nyaxnc42nzgsoc43njcgqzewljk1osw4ljc2nya4ljc3nywxms41mzygoc43nzcsmtqumzk4iem4ljc3nywxns41mtmgos4ymswxni43mdkgos43ndksmtcumzu5iem5ljg1niwxny40odggos44nzismtcunia5ljg0lde3ljczmsbdos43ndesmtgumtqxidkuntismtkumdizidkundc3lde5ljiwmybdos40miwxos40nca5lji4ocwxos40otegos4wncwxos4znzygqzcunda4lde4ljyymia2ljm4nywxni4yntigni4zodcsmtqumzq5iem2ljm4nywxmc4yntygos4zodmsni40otcgmtuumdiyldyundk3iemxos41ntusni40otcgmjmumdc4ldkunza1idizlja3ocwxmy45otegqzizlja3ocwxoc40njmgmjaumjm5ldiylja2miaxni4yotcsmjiumdyyiemxnc45nzmsmjiumdyyidezljcyocwyms4znzkgmtmumzayldiwlju3mibdmtmumzayldiwlju3miaxmi42ndcsmjmumdugmtiundg4ldizljy1nybdmtiumtkzldi0ljc4ncaxms4zotysmjyumtk2idewljg2mywyny4wntggqzeylja4niwyny40mzqgmtmumzg2ldi3ljyznyaxnc43mzmsmjcunjm3iemyms45nswyny42mzcgmjcuodaxldixljgyocayny44mdesmtqunjyyiemyny44mdesny40otugmjeuotusms42odygmtqunzmzldeunjg2iibmawxspsijymqwodfjij48l3bhdgg+pc9npjwvc3znpg==); background-size: 14px 14px; background-color: #bd081c; position: absolute; opacity: 1; z-index: 8675309; display: none; cursor: pointer; border: none; -webkit-font-smoothing: antialiased; top: 9620px; left: 20px; background-position: 3px 50%; background-repeat: no-repeat no-repeat;\">Save<\/span><span style=\"border-top-left-radius: 2px; border-top-right-radius: 2px; border-bottom-right-radius: 2px; border-bottom-left-radius: 2px; text-indent: 20px; width: auto; padding: 0px 4px 0px 0px; text-align: center; font-style: normal; font-variant-caps: normal; font-weight: bold; font-stretch: normal; font-size: 11px; line-height: 20px; font-family: 'Helvetica Neue', Helvetica, sans-serif; color: #ffffff; background-image: url(data:image\/svg+xml; base64,phn2zyb4bwxucz0iahr0cdovl3d3dy53my5vcmcvmjawmc9zdmciighlawdodd0imzbwecigd2lkdgg9ijmwchgiihzpzxdcb3g9ii0xic0xidmxidmxij48zz48cgf0acbkpsjnmjkundq5lde0ljy2mibdmjkundq5ldiyljcymiaymi44njgsmjkumju2ide0ljc1ldi5lji1nibdni42mzismjkumju2idaumduxldiyljcymiawlja1mswxnc42njigqzaumduxldyunjaxidyunjmyldaumdy3ide0ljc1ldaumdy3iemymi44njgsmc4wnjcgmjkundq5ldyunjaxidi5ljq0oswxnc42njiiigzpbgw9iinmzmyiihn0cm9rzt0ii2zmziigc3ryb2tllxdpzhropsixij48l3bhdgg+phbhdgggzd0itte0ljczmywxljy4nibdny41mtysms42odygms42njusny40otugms42njusmtqunjyyiemxljy2nswymc4xntkgns4xmdksmjquodu0idkuotcsmjyunzq0iem5ljg1niwyns43mtggos43ntmsmjqumtqzidewljaxniwymy4wmjigqzewlji1mywymi4wmsaxms41ndgsmtyuntcyidexlju0ocwxni41nzigqzexlju0ocwxni41nzigmteumtu3lde1ljc5nsaxms4xntcsmtqunjq2iemxms4xntcsmtiuodqyideyljixmswxms40otugmtmuntiyldexljq5nsbdmtqunjm3ldexljq5nsaxns4xnzusmtiumzi2ide1lje3nswxmy4zmjmgqze1lje3nswxnc40mzygmtqundyylde2ljegmtqumdkzlde3ljy0mybdmtmunzg1lde4ljkznsaxnc43ndusmtkuotg4ide2ljayocwxos45odggqze4ljm1mswxos45odggmjaumtm2lde3lju1niaymc4xmzysmtqumdq2iemymc4xmzysmtauotm5ide3ljg4ocw4ljc2nyaxnc42nzgsoc43njcgqzewljk1osw4ljc2nya4ljc3nywxms41mzygoc43nzcsmtqumzk4iem4ljc3nywxns41mtmgos4ymswxni43mdkgos43ndksmtcumzu5iem5ljg1niwxny40odggos44nzismtcunia5ljg0lde3ljczmsbdos43ndesmtgumtqxidkuntismtkumdizidkundc3lde5ljiwmybdos40miwxos40nca5lji4ocwxos40otegos4wncwxos4znzygqzcunda4lde4ljyymia2ljm4nywxni4yntigni4zodcsmtqumzq5iem2ljm4nywxmc4yntygos4zodmsni40otcgmtuumdiyldyundk3iemxos41ntusni40otcgmjmumdc4ldkunza1idizlja3ocwxmy45otegqzizlja3ocwxoc40njmgmjaumjm5ldiylja2miaxni4yotcsmjiumdyyiemxnc45nzmsmjiumdyyidezljcyocwyms4znzkgmtmumzayldiwlju3mibdmtmumzayldiwlju3miaxmi42ndcsmjmumdugmtiundg4ldizljy1nybdmtiumtkzldi0ljc4ncaxms4zotysmjyumtk2idewljg2mywyny4wntggqzeylja4niwyny40mzqgmtmumzg2ldi3ljyznyaxnc43mzmsmjcunjm3iemyms45nswyny42mzcgmjcuodaxldixljgyocayny44mdesmtqunjyyiemyny44mdesny40otugmjeuotusms42odygmtqunzmzldeunjg2iibmawxspsijymqwodfjij48l3bhdgg+pc9npjwvc3znpg==); background-size: 14px 14px; background-color: #bd081c; position: absolute; opacity: 1; z-index: 8675309; display: none; cursor: pointer; border: none; -webkit-font-smoothing: antialiased; top: 9620px; left: 20px; background-position: 3px 50%; background-repeat: no-repeat no-repeat;\">Save<\/span><\/p>\n","protected":false},"excerpt":{"rendered":"<p>Au Canada, la f\u00eate des M\u00e8res est toujours le deuxi\u00e8me dimanche de mai, c&#8217;est donc le 13 mai cette ann\u00e9e! C&#8217;est connu, les mamans adorent passer du temps avec leur prog\u00e9niture, mais avoir en plus une petite pens\u00e9e en cette journ\u00e9e sp\u00e9ciale fait toujours sont effet. Voici quelques id\u00e9es bas\u00e9es sur l&#8217;id\u00e9e que le plus&#8230;<\/p>\n<p><a class=\"more-link\" href=\"https:\/\/damasketdentelle.com\/index.php\/2018\/05\/des-idees-cadeaux-pour-la-fete-des-meres\/\">Read More<\/a><\/p>","protected":false},"author":1,"featured_media":23107,"comment_status":"open","ping_status":"open","sticky":false,"template":"","format":"standard","meta":{"_genesis_hide_title":false,"_genesis_hide_breadcrumbs":false,"_genesis_hide_singular_image":false,"_genesis_hide_footer_widgets":false,"_genesis_custom_body_class":"","_genesis_custom_post_class":"","_genesis_layout":"","footnotes":""},"categories":[3432,614],"tags":[4312,4314,3490,3526,4310,393,2236,4315,3457,4311,3727,924,3726,3489,4316,4313,230],"class_list":{"0":"post-23100","1":"post","2":"type-post","3":"status-publish","4":"format-standard","5":"has-post-thumbnail","7":"category-francais","8":"category-spring-decoration","9":"tag-amenagement","10":"tag-apartment-therapy","11":"tag-astuces-deco","12":"tag-audrey-st-laurent","13":"tag-boutiques-de-deco","14":"tag-damask-dentelle","15":"tag-deco-montreal","16":"tag-deco-therapie","17":"tag-decoration-quebec","18":"tag-decorer-a-petits-prix","19":"tag-fete-des-meres","20":"tag-house-beautiful","21":"tag-idees-cadeaux-de-la-fete-des-meres","22":"tag-idees-deco","23":"tag-idees-pour-la-maison","24":"tag-lonny","25":"tag-rue-magazine","26":"entry"},"yoast_head":"<!-- This site is optimized with the Yoast SEO plugin v27.4 - https:\/\/yoast.com\/product\/yoast-seo-wordpress\/ -->\n<title>Audrey nous propose des id\u00e9es cadeaux pour la f\u00eate des M\u00e8res<\/title>\n<meta name=\"description\" content=\"Voici quelques id\u00e9es bas\u00e9es sur l&#039;id\u00e9e que le plus agr\u00e9able, c&#039;est d&#039;\u00eatre ensemble, mais qu&#039;il y a bien des cadeaux qui font plaisir \u00e0 offrir, parfois m\u00eame par la poste si ta maman est loin des yeux, mais pr\u00e8s du c\u0153ur.\u00a0\" \/>\n<meta name=\"robots\" content=\"index, follow, max-snippet:-1, max-image-preview:large, max-video-preview:-1\" \/>\n<link rel=\"canonical\" href=\"https:\/\/damasketdentelle.com\/index.php\/2018\/05\/des-idees-cadeaux-pour-la-fete-des-meres\/\" \/>\n<meta property=\"og:locale\" content=\"en_US\" \/>\n<meta property=\"og:type\" content=\"article\" \/>\n<meta property=\"og:title\" content=\"Audrey nous propose des id\u00e9es cadeaux pour la f\u00eate des M\u00e8res\" \/>\n<meta property=\"og:description\" content=\"Voici quelques id\u00e9es bas\u00e9es sur l&#039;id\u00e9e que le plus agr\u00e9able, c&#039;est d&#039;\u00eatre ensemble, mais qu&#039;il y a bien des cadeaux qui font plaisir \u00e0 offrir, parfois m\u00eame par la poste si ta maman est loin des yeux, mais pr\u00e8s du c\u0153ur.\u00a0\" \/>\n<meta property=\"og:url\" content=\"https:\/\/damasketdentelle.com\/index.php\/2018\/05\/des-idees-cadeaux-pour-la-fete-des-meres\/\" \/>\n<meta property=\"og:site_name\" content=\"Damask &amp; Dentelle\" \/>\n<meta property=\"article:publisher\" content=\"https:\/\/www.facebook.com\/damasketdentelle\" \/>\n<meta property=\"article:published_time\" content=\"2018-05-04T12:48:22+00:00\" \/>\n<meta property=\"article:modified_time\" content=\"2020-07-30T16:50:48+00:00\" \/>\n<meta property=\"og:image\" content=\"https:\/\/blog.damasketdentelle.com\/wp-content\/uploads\/8.ateliermake.jpg\" \/>\n\t<meta property=\"og:image:width\" content=\"480\" \/>\n\t<meta property=\"og:image:height\" content=\"600\" \/>\n\t<meta property=\"og:image:type\" content=\"image\/jpeg\" \/>\n<meta name=\"author\" content=\"Vanessa Sicotte\" \/>\n<meta name=\"twitter:label1\" content=\"Written by\" \/>\n\t<meta name=\"twitter:data1\" content=\"Vanessa Sicotte\" \/>\n\t<meta name=\"twitter:label2\" content=\"Est. reading time\" \/>\n\t<meta name=\"twitter:data2\" content=\"6 minutes\" \/>\n<script type=\"application\/ld+json\" class=\"yoast-schema-graph\">{\"@context\":\"https:\\\/\\\/schema.org\",\"@graph\":[{\"@type\":\"Article\",\"@id\":\"https:\\\/\\\/damasketdentelle.com\\\/index.php\\\/2018\\\/05\\\/des-idees-cadeaux-pour-la-fete-des-meres\\\/#article\",\"isPartOf\":{\"@id\":\"https:\\\/\\\/damasketdentelle.com\\\/index.php\\\/2018\\\/05\\\/des-idees-cadeaux-pour-la-fete-des-meres\\\/\"},\"author\":{\"name\":\"Vanessa Sicotte\",\"@id\":\"https:\\\/\\\/damasketdentelle.com\\\/#\\\/schema\\\/person\\\/ab66dcd0f6a0e1954b4a4aaac173acee\"},\"headline\":\"Des id\u00e9es cadeaux pour la f\u00eate des M\u00e8res\",\"datePublished\":\"2018-05-04T12:48:22+00:00\",\"dateModified\":\"2020-07-30T16:50:48+00:00\",\"mainEntityOfPage\":{\"@id\":\"https:\\\/\\\/damasketdentelle.com\\\/index.php\\\/2018\\\/05\\\/des-idees-cadeaux-pour-la-fete-des-meres\\\/\"},\"wordCount\":1147,\"commentCount\":0,\"image\":{\"@id\":\"https:\\\/\\\/damasketdentelle.com\\\/index.php\\\/2018\\\/05\\\/des-idees-cadeaux-pour-la-fete-des-meres\\\/#primaryimage\"},\"thumbnailUrl\":\"https:\\\/\\\/blog.damasketdentelle.com\\\/wp-content\\\/uploads\\\/8.ateliermake.jpg\",\"keywords\":[\"am\u00e9nagement\",\"Apartment Therapy\",\"astuces d\u00e9co\",\"Audrey St-Laurent\",\"boutiques de d\u00e9co\",\"Damask &amp; Dentelle\",\"D\u00e9co Montr\u00e9al\",\"D\u00e9co Th\u00e9rapie\",\"D\u00e9coration Qu\u00e9bec\",\"d\u00e9corer \u00e0 petits prix\",\"f\u00eate des m\u00e8res\",\"House Beautiful\",\"Id\u00e9es cadeaux de la f\u00eate des m\u00e8res\",\"id\u00e9es d\u00e9co\",\"Id\u00e9es pour la maison\",\"Lonny\",\"Rue Magazine\"],\"articleSection\":[\"Fran\u00e7ais\",\"Printemps\"],\"inLanguage\":\"en-US\",\"potentialAction\":[{\"@type\":\"CommentAction\",\"name\":\"Comment\",\"target\":[\"https:\\\/\\\/damasketdentelle.com\\\/index.php\\\/2018\\\/05\\\/des-idees-cadeaux-pour-la-fete-des-meres\\\/#respond\"]}]},{\"@type\":\"WebPage\",\"@id\":\"https:\\\/\\\/damasketdentelle.com\\\/index.php\\\/2018\\\/05\\\/des-idees-cadeaux-pour-la-fete-des-meres\\\/\",\"url\":\"https:\\\/\\\/damasketdentelle.com\\\/index.php\\\/2018\\\/05\\\/des-idees-cadeaux-pour-la-fete-des-meres\\\/\",\"name\":\"Audrey nous propose des id\u00e9es cadeaux pour la f\u00eate des M\u00e8res\",\"isPartOf\":{\"@id\":\"https:\\\/\\\/damasketdentelle.com\\\/#website\"},\"primaryImageOfPage\":{\"@id\":\"https:\\\/\\\/damasketdentelle.com\\\/index.php\\\/2018\\\/05\\\/des-idees-cadeaux-pour-la-fete-des-meres\\\/#primaryimage\"},\"image\":{\"@id\":\"https:\\\/\\\/damasketdentelle.com\\\/index.php\\\/2018\\\/05\\\/des-idees-cadeaux-pour-la-fete-des-meres\\\/#primaryimage\"},\"thumbnailUrl\":\"https:\\\/\\\/blog.damasketdentelle.com\\\/wp-content\\\/uploads\\\/8.ateliermake.jpg\",\"datePublished\":\"2018-05-04T12:48:22+00:00\",\"dateModified\":\"2020-07-30T16:50:48+00:00\",\"author\":{\"@id\":\"https:\\\/\\\/damasketdentelle.com\\\/#\\\/schema\\\/person\\\/ab66dcd0f6a0e1954b4a4aaac173acee\"},\"description\":\"Voici quelques id\u00e9es bas\u00e9es sur l'id\u00e9e que le plus agr\u00e9able, c'est d'\u00eatre ensemble, mais qu'il y a bien des cadeaux qui font plaisir \u00e0 offrir, parfois m\u00eame par la poste si ta maman est loin des yeux, mais pr\u00e8s du c\u0153ur.\u00a0\",\"breadcrumb\":{\"@id\":\"https:\\\/\\\/damasketdentelle.com\\\/index.php\\\/2018\\\/05\\\/des-idees-cadeaux-pour-la-fete-des-meres\\\/#breadcrumb\"},\"inLanguage\":\"en-US\",\"potentialAction\":[{\"@type\":\"ReadAction\",\"target\":[\"https:\\\/\\\/damasketdentelle.com\\\/index.php\\\/2018\\\/05\\\/des-idees-cadeaux-pour-la-fete-des-meres\\\/\"]}]},{\"@type\":\"ImageObject\",\"inLanguage\":\"en-US\",\"@id\":\"https:\\\/\\\/damasketdentelle.com\\\/index.php\\\/2018\\\/05\\\/des-idees-cadeaux-pour-la-fete-des-meres\\\/#primaryimage\",\"url\":\"https:\\\/\\\/blog.damasketdentelle.com\\\/wp-content\\\/uploads\\\/8.ateliermake.jpg\",\"contentUrl\":\"https:\\\/\\\/blog.damasketdentelle.com\\\/wp-content\\\/uploads\\\/8.ateliermake.jpg\",\"width\":480,\"height\":600},{\"@type\":\"BreadcrumbList\",\"@id\":\"https:\\\/\\\/damasketdentelle.com\\\/index.php\\\/2018\\\/05\\\/des-idees-cadeaux-pour-la-fete-des-meres\\\/#breadcrumb\",\"itemListElement\":[{\"@type\":\"ListItem\",\"position\":1,\"name\":\"Home\",\"item\":\"https:\\\/\\\/damasketdentelle.com\\\/\"},{\"@type\":\"ListItem\",\"position\":2,\"name\":\"Des id\u00e9es cadeaux pour la f\u00eate des M\u00e8res\"}]},{\"@type\":\"WebSite\",\"@id\":\"https:\\\/\\\/damasketdentelle.com\\\/#website\",\"url\":\"https:\\\/\\\/damasketdentelle.com\\\/\",\"name\":\"Damask &amp; Dentelle\",\"description\":\"Storytelling, Design and urban manifestos\",\"potentialAction\":[{\"@type\":\"SearchAction\",\"target\":{\"@type\":\"EntryPoint\",\"urlTemplate\":\"https:\\\/\\\/damasketdentelle.com\\\/?s={search_term_string}\"},\"query-input\":{\"@type\":\"PropertyValueSpecification\",\"valueRequired\":true,\"valueName\":\"search_term_string\"}}],\"inLanguage\":\"en-US\"},{\"@type\":\"Person\",\"@id\":\"https:\\\/\\\/damasketdentelle.com\\\/#\\\/schema\\\/person\\\/ab66dcd0f6a0e1954b4a4aaac173acee\",\"name\":\"Vanessa Sicotte\",\"image\":{\"@type\":\"ImageObject\",\"inLanguage\":\"en-US\",\"@id\":\"https:\\\/\\\/secure.gravatar.com\\\/avatar\\\/7710c0e6cd087dff617e494d4e51105fae871a738d48c9031273d8920420be5b?s=96&d=mm&r=g\",\"url\":\"https:\\\/\\\/secure.gravatar.com\\\/avatar\\\/7710c0e6cd087dff617e494d4e51105fae871a738d48c9031273d8920420be5b?s=96&d=mm&r=g\",\"contentUrl\":\"https:\\\/\\\/secure.gravatar.com\\\/avatar\\\/7710c0e6cd087dff617e494d4e51105fae871a738d48c9031273d8920420be5b?s=96&d=mm&r=g\",\"caption\":\"Vanessa Sicotte\"},\"sameAs\":[\"https:\\\/\\\/blog.damasketdentelle.com\\\/wp-login.php\"],\"url\":\"https:\\\/\\\/damasketdentelle.com\\\/index.php\\\/author\\\/vanessa\\\/\"}]}<\/script>\n<!-- \/ Yoast SEO plugin. -->","yoast_head_json":{"title":"Audrey nous propose des id\u00e9es cadeaux pour la f\u00eate des M\u00e8res","description":"Voici quelques id\u00e9es bas\u00e9es sur l'id\u00e9e que le plus agr\u00e9able, c'est d'\u00eatre ensemble, mais qu'il y a bien des cadeaux qui font plaisir \u00e0 offrir, parfois m\u00eame par la poste si ta maman est loin des yeux, mais pr\u00e8s du c\u0153ur.\u00a0","robots":{"index":"index","follow":"follow","max-snippet":"max-snippet:-1","max-image-preview":"max-image-preview:large","max-video-preview":"max-video-preview:-1"},"canonical":"https:\/\/damasketdentelle.com\/index.php\/2018\/05\/des-idees-cadeaux-pour-la-fete-des-meres\/","og_locale":"en_US","og_type":"article","og_title":"Audrey nous propose des id\u00e9es cadeaux pour la f\u00eate des M\u00e8res","og_description":"Voici quelques id\u00e9es bas\u00e9es sur l'id\u00e9e que le plus agr\u00e9able, c'est d'\u00eatre ensemble, mais qu'il y a bien des cadeaux qui font plaisir \u00e0 offrir, parfois m\u00eame par la poste si ta maman est loin des yeux, mais pr\u00e8s du c\u0153ur.\u00a0","og_url":"https:\/\/damasketdentelle.com\/index.php\/2018\/05\/des-idees-cadeaux-pour-la-fete-des-meres\/","og_site_name":"Damask &amp; Dentelle","article_publisher":"https:\/\/www.facebook.com\/damasketdentelle","article_published_time":"2018-05-04T12:48:22+00:00","article_modified_time":"2020-07-30T16:50:48+00:00","og_image":[{"width":480,"height":600,"url":"https:\/\/blog.damasketdentelle.com\/wp-content\/uploads\/8.ateliermake.jpg","type":"image\/jpeg"}],"author":"Vanessa Sicotte","twitter_misc":{"Written by":"Vanessa Sicotte","Est. reading time":"6 minutes"},"schema":{"@context":"https:\/\/schema.org","@graph":[{"@type":"Article","@id":"https:\/\/damasketdentelle.com\/index.php\/2018\/05\/des-idees-cadeaux-pour-la-fete-des-meres\/#article","isPartOf":{"@id":"https:\/\/damasketdentelle.com\/index.php\/2018\/05\/des-idees-cadeaux-pour-la-fete-des-meres\/"},"author":{"name":"Vanessa Sicotte","@id":"https:\/\/damasketdentelle.com\/#\/schema\/person\/ab66dcd0f6a0e1954b4a4aaac173acee"},"headline":"Des id\u00e9es cadeaux pour la f\u00eate des M\u00e8res","datePublished":"2018-05-04T12:48:22+00:00","dateModified":"2020-07-30T16:50:48+00:00","mainEntityOfPage":{"@id":"https:\/\/damasketdentelle.com\/index.php\/2018\/05\/des-idees-cadeaux-pour-la-fete-des-meres\/"},"wordCount":1147,"commentCount":0,"image":{"@id":"https:\/\/damasketdentelle.com\/index.php\/2018\/05\/des-idees-cadeaux-pour-la-fete-des-meres\/#primaryimage"},"thumbnailUrl":"https:\/\/blog.damasketdentelle.com\/wp-content\/uploads\/8.ateliermake.jpg","keywords":["am\u00e9nagement","Apartment Therapy","astuces d\u00e9co","Audrey St-Laurent","boutiques de d\u00e9co","Damask &amp; Dentelle","D\u00e9co Montr\u00e9al","D\u00e9co Th\u00e9rapie","D\u00e9coration Qu\u00e9bec","d\u00e9corer \u00e0 petits prix","f\u00eate des m\u00e8res","House Beautiful","Id\u00e9es cadeaux de la f\u00eate des m\u00e8res","id\u00e9es d\u00e9co","Id\u00e9es pour la maison","Lonny","Rue Magazine"],"articleSection":["Fran\u00e7ais","Printemps"],"inLanguage":"en-US","potentialAction":[{"@type":"CommentAction","name":"Comment","target":["https:\/\/damasketdentelle.com\/index.php\/2018\/05\/des-idees-cadeaux-pour-la-fete-des-meres\/#respond"]}]},{"@type":"WebPage","@id":"https:\/\/damasketdentelle.com\/index.php\/2018\/05\/des-idees-cadeaux-pour-la-fete-des-meres\/","url":"https:\/\/damasketdentelle.com\/index.php\/2018\/05\/des-idees-cadeaux-pour-la-fete-des-meres\/","name":"Audrey nous propose des id\u00e9es cadeaux pour la f\u00eate des M\u00e8res","isPartOf":{"@id":"https:\/\/damasketdentelle.com\/#website"},"primaryImageOfPage":{"@id":"https:\/\/damasketdentelle.com\/index.php\/2018\/05\/des-idees-cadeaux-pour-la-fete-des-meres\/#primaryimage"},"image":{"@id":"https:\/\/damasketdentelle.com\/index.php\/2018\/05\/des-idees-cadeaux-pour-la-fete-des-meres\/#primaryimage"},"thumbnailUrl":"https:\/\/blog.damasketdentelle.com\/wp-content\/uploads\/8.ateliermake.jpg","datePublished":"2018-05-04T12:48:22+00:00","dateModified":"2020-07-30T16:50:48+00:00","author":{"@id":"https:\/\/damasketdentelle.com\/#\/schema\/person\/ab66dcd0f6a0e1954b4a4aaac173acee"},"description":"Voici quelques id\u00e9es bas\u00e9es sur l'id\u00e9e que le plus agr\u00e9able, c'est d'\u00eatre ensemble, mais qu'il y a bien des cadeaux qui font plaisir \u00e0 offrir, parfois m\u00eame par la poste si ta maman est loin des yeux, mais pr\u00e8s du c\u0153ur.\u00a0","breadcrumb":{"@id":"https:\/\/damasketdentelle.com\/index.php\/2018\/05\/des-idees-cadeaux-pour-la-fete-des-meres\/#breadcrumb"},"inLanguage":"en-US","potentialAction":[{"@type":"ReadAction","target":["https:\/\/damasketdentelle.com\/index.php\/2018\/05\/des-idees-cadeaux-pour-la-fete-des-meres\/"]}]},{"@type":"ImageObject","inLanguage":"en-US","@id":"https:\/\/damasketdentelle.com\/index.php\/2018\/05\/des-idees-cadeaux-pour-la-fete-des-meres\/#primaryimage","url":"https:\/\/blog.damasketdentelle.com\/wp-content\/uploads\/8.ateliermake.jpg","contentUrl":"https:\/\/blog.damasketdentelle.com\/wp-content\/uploads\/8.ateliermake.jpg","width":480,"height":600},{"@type":"BreadcrumbList","@id":"https:\/\/damasketdentelle.com\/index.php\/2018\/05\/des-idees-cadeaux-pour-la-fete-des-meres\/#breadcrumb","itemListElement":[{"@type":"ListItem","position":1,"name":"Home","item":"https:\/\/damasketdentelle.com\/"},{"@type":"ListItem","position":2,"name":"Des id\u00e9es cadeaux pour la f\u00eate des M\u00e8res"}]},{"@type":"WebSite","@id":"https:\/\/damasketdentelle.com\/#website","url":"https:\/\/damasketdentelle.com\/","name":"Damask &amp; Dentelle","description":"Storytelling, Design and urban manifestos","potentialAction":[{"@type":"SearchAction","target":{"@type":"EntryPoint","urlTemplate":"https:\/\/damasketdentelle.com\/?s={search_term_string}"},"query-input":{"@type":"PropertyValueSpecification","valueRequired":true,"valueName":"search_term_string"}}],"inLanguage":"en-US"},{"@type":"Person","@id":"https:\/\/damasketdentelle.com\/#\/schema\/person\/ab66dcd0f6a0e1954b4a4aaac173acee","name":"Vanessa Sicotte","image":{"@type":"ImageObject","inLanguage":"en-US","@id":"https:\/\/secure.gravatar.com\/avatar\/7710c0e6cd087dff617e494d4e51105fae871a738d48c9031273d8920420be5b?s=96&d=mm&r=g","url":"https:\/\/secure.gravatar.com\/avatar\/7710c0e6cd087dff617e494d4e51105fae871a738d48c9031273d8920420be5b?s=96&d=mm&r=g","contentUrl":"https:\/\/secure.gravatar.com\/avatar\/7710c0e6cd087dff617e494d4e51105fae871a738d48c9031273d8920420be5b?s=96&d=mm&r=g","caption":"Vanessa Sicotte"},"sameAs":["https:\/\/blog.damasketdentelle.com\/wp-login.php"],"url":"https:\/\/damasketdentelle.com\/index.php\/author\/vanessa\/"}]}},"_links":{"self":[{"href":"https:\/\/damasketdentelle.com\/index.php\/wp-json\/wp\/v2\/posts\/23100","targetHints":{"allow":["GET"]}}],"collection":[{"href":"https:\/\/damasketdentelle.com\/index.php\/wp-json\/wp\/v2\/posts"}],"about":[{"href":"https:\/\/damasketdentelle.com\/index.php\/wp-json\/wp\/v2\/types\/post"}],"author":[{"embeddable":true,"href":"https:\/\/damasketdentelle.com\/index.php\/wp-json\/wp\/v2\/users\/1"}],"replies":[{"embeddable":true,"href":"https:\/\/damasketdentelle.com\/index.php\/wp-json\/wp\/v2\/comments?post=23100"}],"version-history":[{"count":4,"href":"https:\/\/damasketdentelle.com\/index.php\/wp-json\/wp\/v2\/posts\/23100\/revisions"}],"predecessor-version":[{"id":23119,"href":"https:\/\/damasketdentelle.com\/index.php\/wp-json\/wp\/v2\/posts\/23100\/revisions\/23119"}],"wp:featuredmedia":[{"embeddable":true,"href":"https:\/\/damasketdentelle.com\/index.php\/wp-json\/wp\/v2\/media\/23107"}],"wp:attachment":[{"href":"https:\/\/damasketdentelle.com\/index.php\/wp-json\/wp\/v2\/media?parent=23100"}],"wp:term":[{"taxonomy":"category","embeddable":true,"href":"https:\/\/damasketdentelle.com\/index.php\/wp-json\/wp\/v2\/categories?post=23100"},{"taxonomy":"post_tag","embeddable":true,"href":"https:\/\/damasketdentelle.com\/index.php\/wp-json\/wp\/v2\/tags?post=23100"}],"curies":[{"name":"wp","href":"https:\/\/api.w.org\/{rel}","templated":true}]}}