{"id":23142,"date":"2018-05-14T10:52:27","date_gmt":"2018-05-14T14:52:27","guid":{"rendered":"https:\/\/damasketdentelle.com\/?p=23142"},"modified":"2020-07-30T12:50:23","modified_gmt":"2020-07-30T16:50:23","slug":"avec-deux-yeux-cest-mieux-mes-priorites-de-vie","status":"publish","type":"post","link":"https:\/\/damasketdentelle.com\/index.php\/2018\/05\/avec-deux-yeux-cest-mieux-mes-priorites-de-vie\/","title":{"rendered":"Avec deux yeux c\u2019est mieux: mes priorit\u00e9s de vie\u00a0"},"content":{"rendered":"<p><img loading=\"lazy\" decoding=\"async\" class=\"aligncenter size-full wp-image-23147\" src=\"https:\/\/blog.damasketdentelle.com\/wp-content\/uploads\/vanessa-1.jpg\" alt=\"\" width=\"564\" height=\"764\" srcset=\"https:\/\/blog.damasketdentelle.com\/wp-content\/uploads\/vanessa-1.jpg 564w, https:\/\/blog.damasketdentelle.com\/wp-content\/uploads\/vanessa-1-332x450.jpg 332w\" sizes=\"auto, (max-width: 564px) 100vw, 564px\" \/><\/p>\n<p>\u201cAh zut je n\u2019y vois rien! J\u2019ai oubli\u00e9 mes lunettes \u00e0 la maison.\u201d Combien de fois je me suis entendu dire \u00e7a depuis les 20 derni\u00e8res ann\u00e9es alors que je laissais mes lunettes sur ma table de chevet, ou le comptoir de la salle de bain, ou l\u2019\u00e9tag\u00e8re de la cuisine\u2026 ou la table de salon! Si vous portez des lunettes vous savez TELLEMENT de quoi je parle. On ne peut pas s\u2019en passer et pourtant on passe notre temps \u00e0 les laisser partout.<span class=\"Apple-converted-space\">\u00a0<\/span><\/p>\n<p><img loading=\"lazy\" decoding=\"async\" class=\"aligncenter size-full wp-image-23144\" src=\"https:\/\/blog.damasketdentelle.com\/wp-content\/uploads\/iris_lunettes.jpg\" alt=\"\" width=\"800\" height=\"800\" srcset=\"https:\/\/blog.damasketdentelle.com\/wp-content\/uploads\/iris_lunettes.jpg 800w, https:\/\/blog.damasketdentelle.com\/wp-content\/uploads\/iris_lunettes-150x150.jpg 150w, https:\/\/blog.damasketdentelle.com\/wp-content\/uploads\/iris_lunettes-450x450.jpg 450w, https:\/\/blog.damasketdentelle.com\/wp-content\/uploads\/iris_lunettes-768x768.jpg 768w, https:\/\/blog.damasketdentelle.com\/wp-content\/uploads\/iris_lunettes-695x695.jpg 695w, https:\/\/blog.damasketdentelle.com\/wp-content\/uploads\/iris_lunettes-320x320.jpg 320w\" sizes=\"auto, (max-width: 800px) 100vw, 800px\" \/><\/p>\n<h3>Mes lunettes de super h\u00e9ros<\/h3>\n<p>Mes lunettes, pour moi sont comme une armure de style. Elles font partie de qui je suis, elles sont en partie responsables de pr\u00e9senter au monde entier la personne que je me sens. Mes lunettes sont toujours assum\u00e9es, elles prennent de la place sur mon visage, elles sont uniques et n\u2019ont pas froid aux yeux. Je pense que ce sont des adjectifs qui me d\u00e9crivent pas mal non plus. Et pour les fois o\u00f9 je me sens timide, o\u00f9 je ne feel pas trop ou simplement pour les fois o\u00f9 j\u2019ai envie de me cacher en petite boule pour que personne ne me voit, et bien mes lunettes me servent de \u201ccape d\u2019invisibilit\u00e9\u201d. C\u2019est comme si de les porter me donnait un sentiment d\u2019\u00eatre prot\u00e9g\u00e9e derri\u00e8re leur armature et leur verre.<\/p>\n<p>Bien que mes lunettes soient tr\u00e8s importantes pour mon estime de moi {et pour y voir clair!}, je n\u2019ai jamais vraiment pris le temps de consid\u00e9rer leur importance physique pour la sant\u00e9 de mes yeux. \u00c7a c\u2019est jusqu\u2019\u00e0 il y a un mois quand j\u2019ai rencontr\u00e9 les gens de chez <a href=\"https:\/\/iris.ca\">IRIS<\/a> et qu\u2019ils ont pris tout le temps n\u00e9cessaire pour m\u2019expliquer les tenants et aboutissants de la <a href=\"https:\/\/iris.ca\/fr\/blog-post-detail\/what-you-need-to-know-about-blue-light\">lumi\u00e8re bleue<\/a> et ses effets sur la sant\u00e9 de mes yeux, le vieillissement &#8211; oui oui, m\u00eame mes lunettes super h\u00e9ros ne peuvent me prot\u00e9ger de ce ph\u00e9nom\u00e8ne, les \u00e9crans d\u2019ordinateur etc\u2026 J\u2019ai appris une tonne de choses vraiment importantes qui ont grimp\u00e9es tr\u00e8s haut sur ma liste de mes priorit\u00e9s pour les ann\u00e9es \u00e0 venir.<\/p>\n<p>Parce que des r\u00e9solutions de nouvelle ann\u00e9e, je ne les garde juste pas. J\u2019ai beau les \u00e9crire au 26 d\u00e9cembre, pleine de bonne volont\u00e9, mais rendu au 15 f\u00e9vrier je les ai d\u00e9j\u00e0 mises de c\u00f4t\u00e9. Par contre {et c\u2019est encore l\u00e0 tellement juste psychologique}, quand je me mets des priorit\u00e9s \u00e0 mettre de l\u2019avant et \u00e0 respecter, et bien l\u00e0, il n\u2019y a rien qui puisse m\u2019en faire d\u00e9roger.<span class=\"Apple-converted-space\">\u00a0<\/span><\/p>\n<p><img loading=\"lazy\" decoding=\"async\" class=\"aligncenter size-full wp-image-23152\" src=\"https:\/\/blog.damasketdentelle.com\/wp-content\/uploads\/image001.jpg\" alt=\"\" width=\"2048\" height=\"1365\" srcset=\"https:\/\/blog.damasketdentelle.com\/wp-content\/uploads\/image001.jpg 2048w, https:\/\/blog.damasketdentelle.com\/wp-content\/uploads\/image001-450x300.jpg 450w, https:\/\/blog.damasketdentelle.com\/wp-content\/uploads\/image001-768x512.jpg 768w, https:\/\/blog.damasketdentelle.com\/wp-content\/uploads\/image001-695x463.jpg 695w\" sizes=\"auto, (max-width: 2048px) 100vw, 2048px\" \/><\/p>\n<h3>Mes priorit\u00e9s<\/h3>\n<p>Cette ann\u00e9e je me suis dot\u00e9e de <strong>3 priorit\u00e9s<\/strong> que je vais tout faire pour respecter et faire grandir.<span class=\"Apple-converted-space\">\u00a0<\/span><\/p>\n<p>La premi\u00e8re c\u2019est celle de d\u00e9connecter plus souvent. Je travaille avec mon ordi, je gagne ma vie avec les m\u00e9dias sociaux. C\u2019est formidable et je suis choy\u00e9e de pouvoir le faire. Ceci \u00e9tant dit, je ressens maintenant le besoin de vivre davantage dans le monde physique. D\u2019\u00eatre pas juste pr\u00e9sente physiquement, mais d\u2019\u00eatre toute pr\u00e9sente. Donc, je garde mon travail et mes activit\u00e9s, mais je me permets aussi de d\u00e9connecter de temps \u00e0 autres et \u00e7a me fait le plus grand bien. M\u00eame mon mari et mes enfants ont remarqu\u00e9s et ils adorent leur maman 1.0.<span class=\"Apple-converted-space\">\u00a0<\/span><\/p>\n<p>Ensuite je me suis dit que je voulais apprendre. J\u2019ai ce besoin de sentir mon cerveau actif et engag\u00e9. J\u2019ai besoin de faire faire de l\u2019exercice \u00e0 mes m\u00e9ninges qui devenaient un peu paresseuses. Donc, en janvier dernier, j\u2019ai envoy\u00e9 une demande d\u2019admission \u00e0 l\u2019universit\u00e9 Concordia \u00e0 leur programme d\u2019histoire de l\u2019art et je n\u2019y ai plus pens\u00e9. Quand ma lettre d\u2019admission est arriv\u00e9e deux mois plus tard, j\u2019ai failli tomber de ma chaise. J\u2019avais \u00e9t\u00e9 accept\u00e9e au bacc, \u00e0 40 ans, dans un programme dont j\u2019ai r\u00eav\u00e9 toute ma vie! J\u2019\u00e9cris ces mots et je n\u2019en reviens pas encore.<span class=\"Apple-converted-space\">\u00a0<\/span><\/p>\n<p>Ma troisi\u00e8me priorit\u00e9, et selon moi la plus importante, c\u2019est celle de prendre soin de moi. Pour de vrai. Entre mes 3 petits mousses, mon mari, ma maison, mon travail et tout le reste, je n\u2019ai pas pris beaucoup de temps au cours des 10 derni\u00e8res ann\u00e9es pour vraiment prendre soin de moi. Je ne fais pas piti\u00e9, je vous en faites pas, mais disons que je me suis un peu n\u00e9glig\u00e9e. Tout ce qui me prenait un peu de mon pr\u00e9cieux temps avec ma famille ou qui me faisait d\u00e9roger de mon travail a \u00e9t\u00e9 mis de c\u00f4t\u00e9 au nom de la maternit\u00e9 et de la productivit\u00e9. <i>Enough<\/i>! J\u2019ai donc d\u00e9but\u00e9 mon voyage vers le mieux-\u00eatre avec un examen de la vue, une visite chez mon m\u00e9decin pour un check up complet, des cours de yoga, et tout le reste a rapidement emboit\u00e9 le pas. Je sais que c\u2019est un trajet \u00e0 long terme plut\u00f4t qu\u2019une destination rapide, mais c\u2019est ce qui me motive \u00e0 demeurer sur le cap.<span class=\"Apple-converted-space\">\u00a0<\/span><\/p>\n<p>Alors voil\u00e0 ce qui occupe le palmar\u00e8s de mes priorit\u00e9s cette ann\u00e9e et pour celles \u00e0 venir. Ce qui fait que lorsque j\u2019ai choisi de collaborer avec <a href=\"https:\/\/www.facebook.com\/IRISTheVisualGroup\">IRIS<\/a> comme l\u2019une de leurs ambassadrices, je me suis tout de suite sentie prendre une bonne d\u00e9cision, pour moi et pour ceux que j\u2019aime. J\u2019ai joint les rangs d\u2019une entreprise dont les valeurs me ressemblent avec des gens qui sont \u00e0 l\u2019\u00e9coute et des produits de qualit\u00e9. Je vous en reparlerai prochainement, mais en attendant\u2026 je d\u00e9connecte.<span class=\"Apple-converted-space\">\u00a0<\/span><\/p>\n<p><img loading=\"lazy\" decoding=\"async\" class=\"aligncenter size-full wp-image-23146\" src=\"https:\/\/blog.damasketdentelle.com\/wp-content\/uploads\/photo-mood_1.jpg\" alt=\"\" width=\"960\" height=\"960\" srcset=\"https:\/\/blog.damasketdentelle.com\/wp-content\/uploads\/photo-mood_1.jpg 960w, https:\/\/blog.damasketdentelle.com\/wp-content\/uploads\/photo-mood_1-150x150.jpg 150w, https:\/\/blog.damasketdentelle.com\/wp-content\/uploads\/photo-mood_1-450x450.jpg 450w, https:\/\/blog.damasketdentelle.com\/wp-content\/uploads\/photo-mood_1-768x768.jpg 768w, https:\/\/blog.damasketdentelle.com\/wp-content\/uploads\/photo-mood_1-695x695.jpg 695w, https:\/\/blog.damasketdentelle.com\/wp-content\/uploads\/photo-mood_1-320x320.jpg 320w\" sizes=\"auto, (max-width: 960px) 100vw, 960px\" \/><\/p>\n<p><em>Ce billet est commandit\u00e9. J&#8217;agis \u00e0 titre d&#8217;ambassadrice de la marque, mais les propos et opinions illustr\u00e9s sont tous les miens et refl\u00e8tent ma pens\u00e9e.<\/em><\/p>\n<p>sources photos:<a href=\"https:\/\/www.facebook.com\/IRISTheVisualGroup\">IRIS<\/a><\/p>\n","protected":false},"excerpt":{"rendered":"<p>\u201cAh zut je n\u2019y vois rien! J\u2019ai oubli\u00e9 mes lunettes \u00e0 la maison.\u201d Combien de fois je me suis entendu dire \u00e7a depuis les 20 derni\u00e8res ann\u00e9es alors que je laissais mes lunettes sur ma table de chevet, ou le comptoir de la salle de bain, ou l\u2019\u00e9tag\u00e8re de la cuisine\u2026 ou la table de&#8230;<\/p>\n<p><a class=\"more-link\" href=\"https:\/\/damasketdentelle.com\/index.php\/2018\/05\/avec-deux-yeux-cest-mieux-mes-priorites-de-vie\/\">Read More<\/a><\/p>","protected":false},"author":1,"featured_media":23143,"comment_status":"open","ping_status":"open","sticky":false,"template":"","format":"standard","meta":{"_genesis_hide_title":false,"_genesis_hide_breadcrumbs":false,"_genesis_hide_singular_image":false,"_genesis_hide_footer_widgets":false,"_genesis_custom_body_class":"","_genesis_custom_post_class":"","_genesis_layout":"","footnotes":""},"categories":[3432,75],"tags":[3736,4312,4314,3490,4310,2236,4315,3457,4311,924,3489,4316,3735,4313,3734,3738,3737,230,198],"class_list":{"0":"post-23142","1":"post","2":"type-post","3":"status-publish","4":"format-standard","5":"has-post-thumbnail","7":"category-francais","8":"category-tranche-de-vie","9":"tag-ambassadrice-iris","10":"tag-amenagement","11":"tag-apartment-therapy","12":"tag-astuces-deco","13":"tag-boutiques-de-deco","14":"tag-deco-montreal","15":"tag-deco-therapie","16":"tag-decoration-quebec","17":"tag-decorer-a-petits-prix","18":"tag-house-beautiful","19":"tag-idees-deco","20":"tag-idees-pour-la-maison","21":"tag-iris-visuals","22":"tag-lonny","23":"tag-lunettes-iris","24":"tag-mes-priorites-de-vie","25":"tag-porter-des-lunettes","26":"tag-rue-magazine","27":"tag-vanessa-sicotte","28":"entry"},"yoast_head":"<!-- This site is optimized with the Yoast SEO plugin v26.1.1 - https:\/\/yoast.com\/wordpress\/plugins\/seo\/ -->\n<title>Avec deux yeux c\u2019est mieux: mes priorit\u00e9s de vie\u00a0 - Interior design ideas | Home decor blog<\/title>\n<meta name=\"robots\" content=\"index, follow, max-snippet:-1, max-image-preview:large, max-video-preview:-1\" \/>\n<link rel=\"canonical\" href=\"https:\/\/damasketdentelle.com\/index.php\/2018\/05\/avec-deux-yeux-cest-mieux-mes-priorites-de-vie\/\" \/>\n<meta property=\"og:locale\" content=\"en_US\" \/>\n<meta property=\"og:type\" content=\"article\" \/>\n<meta property=\"og:title\" content=\"Avec deux yeux c\u2019est mieux: mes priorit\u00e9s de vie\u00a0 - Interior design ideas | Home decor blog\" \/>\n<meta property=\"og:description\" content=\"\u201cAh zut je n\u2019y vois rien! J\u2019ai oubli\u00e9 mes lunettes \u00e0 la maison.\u201d Combien de fois je me suis entendu dire \u00e7a depuis les 20 derni\u00e8res ann\u00e9es alors que je laissais mes lunettes sur ma table de chevet, ou le comptoir de la salle de bain, ou l\u2019\u00e9tag\u00e8re de la cuisine\u2026 ou la table de...\" \/>\n<meta property=\"og:url\" content=\"https:\/\/damasketdentelle.com\/index.php\/2018\/05\/avec-deux-yeux-cest-mieux-mes-priorites-de-vie\/\" \/>\n<meta property=\"og:site_name\" content=\"Damask &amp; Dentelle\" \/>\n<meta property=\"article:publisher\" content=\"https:\/\/www.facebook.com\/damasketdentelle\" \/>\n<meta property=\"article:published_time\" content=\"2018-05-14T14:52:27+00:00\" \/>\n<meta property=\"article:modified_time\" content=\"2020-07-30T16:50:23+00:00\" \/>\n<meta property=\"og:image\" content=\"https:\/\/blog.damasketdentelle.com\/wp-content\/uploads\/IMG_4326.jpg\" \/>\n\t<meta property=\"og:image:width\" content=\"640\" \/>\n\t<meta property=\"og:image:height\" content=\"428\" \/>\n\t<meta property=\"og:image:type\" content=\"image\/jpeg\" \/>\n<meta name=\"author\" content=\"Vanessa Sicotte\" \/>\n<meta name=\"twitter:label1\" content=\"Written by\" \/>\n\t<meta name=\"twitter:data1\" content=\"Vanessa Sicotte\" \/>\n\t<meta name=\"twitter:label2\" content=\"Est. reading time\" \/>\n\t<meta name=\"twitter:data2\" content=\"5 minutes\" \/>\n<script type=\"application\/ld+json\" class=\"yoast-schema-graph\">{\"@context\":\"https:\/\/schema.org\",\"@graph\":[{\"@type\":\"WebPage\",\"@id\":\"https:\/\/damasketdentelle.com\/index.php\/2018\/05\/avec-deux-yeux-cest-mieux-mes-priorites-de-vie\/\",\"url\":\"https:\/\/damasketdentelle.com\/index.php\/2018\/05\/avec-deux-yeux-cest-mieux-mes-priorites-de-vie\/\",\"name\":\"Avec deux yeux c\u2019est mieux: mes priorit\u00e9s de vie\u00a0 - Interior design ideas | Home decor blog\",\"isPartOf\":{\"@id\":\"https:\/\/damasketdentelle.com\/#website\"},\"primaryImageOfPage\":{\"@id\":\"https:\/\/damasketdentelle.com\/index.php\/2018\/05\/avec-deux-yeux-cest-mieux-mes-priorites-de-vie\/#primaryimage\"},\"image\":{\"@id\":\"https:\/\/damasketdentelle.com\/index.php\/2018\/05\/avec-deux-yeux-cest-mieux-mes-priorites-de-vie\/#primaryimage\"},\"thumbnailUrl\":\"https:\/\/blog.damasketdentelle.com\/wp-content\/uploads\/IMG_4326.jpg\",\"datePublished\":\"2018-05-14T14:52:27+00:00\",\"dateModified\":\"2020-07-30T16:50:23+00:00\",\"author\":{\"@id\":\"https:\/\/damasketdentelle.com\/#\/schema\/person\/ab66dcd0f6a0e1954b4a4aaac173acee\"},\"breadcrumb\":{\"@id\":\"https:\/\/damasketdentelle.com\/index.php\/2018\/05\/avec-deux-yeux-cest-mieux-mes-priorites-de-vie\/#breadcrumb\"},\"inLanguage\":\"en-US\",\"potentialAction\":[{\"@type\":\"ReadAction\",\"target\":[\"https:\/\/damasketdentelle.com\/index.php\/2018\/05\/avec-deux-yeux-cest-mieux-mes-priorites-de-vie\/\"]}]},{\"@type\":\"ImageObject\",\"inLanguage\":\"en-US\",\"@id\":\"https:\/\/damasketdentelle.com\/index.php\/2018\/05\/avec-deux-yeux-cest-mieux-mes-priorites-de-vie\/#primaryimage\",\"url\":\"https:\/\/blog.damasketdentelle.com\/wp-content\/uploads\/IMG_4326.jpg\",\"contentUrl\":\"https:\/\/blog.damasketdentelle.com\/wp-content\/uploads\/IMG_4326.jpg\",\"width\":640,\"height\":428},{\"@type\":\"BreadcrumbList\",\"@id\":\"https:\/\/damasketdentelle.com\/index.php\/2018\/05\/avec-deux-yeux-cest-mieux-mes-priorites-de-vie\/#breadcrumb\",\"itemListElement\":[{\"@type\":\"ListItem\",\"position\":1,\"name\":\"Home\",\"item\":\"https:\/\/damasketdentelle.com\/\"},{\"@type\":\"ListItem\",\"position\":2,\"name\":\"Avec deux yeux c\u2019est mieux: mes priorit\u00e9s de vie\u00a0\"}]},{\"@type\":\"WebSite\",\"@id\":\"https:\/\/damasketdentelle.com\/#website\",\"url\":\"https:\/\/damasketdentelle.com\/\",\"name\":\"Damask &amp; Dentelle\",\"description\":\"Storytelling, Design and urban manifestos\",\"potentialAction\":[{\"@type\":\"SearchAction\",\"target\":{\"@type\":\"EntryPoint\",\"urlTemplate\":\"https:\/\/damasketdentelle.com\/?s={search_term_string}\"},\"query-input\":{\"@type\":\"PropertyValueSpecification\",\"valueRequired\":true,\"valueName\":\"search_term_string\"}}],\"inLanguage\":\"en-US\"},{\"@type\":\"Person\",\"@id\":\"https:\/\/damasketdentelle.com\/#\/schema\/person\/ab66dcd0f6a0e1954b4a4aaac173acee\",\"name\":\"Vanessa Sicotte\",\"image\":{\"@type\":\"ImageObject\",\"inLanguage\":\"en-US\",\"@id\":\"https:\/\/damasketdentelle.com\/#\/schema\/person\/image\/\",\"url\":\"https:\/\/secure.gravatar.com\/avatar\/7710c0e6cd087dff617e494d4e51105fae871a738d48c9031273d8920420be5b?s=96&d=mm&r=g\",\"contentUrl\":\"https:\/\/secure.gravatar.com\/avatar\/7710c0e6cd087dff617e494d4e51105fae871a738d48c9031273d8920420be5b?s=96&d=mm&r=g\",\"caption\":\"Vanessa Sicotte\"},\"sameAs\":[\"https:\/\/blog.damasketdentelle.com\/wp-login.php\"],\"url\":\"https:\/\/damasketdentelle.com\/index.php\/author\/vanessa\/\"}]}<\/script>\n<!-- \/ Yoast SEO plugin. -->","yoast_head_json":{"title":"Avec deux yeux c\u2019est mieux: mes priorit\u00e9s de vie\u00a0 - Interior design ideas | Home decor blog","robots":{"index":"index","follow":"follow","max-snippet":"max-snippet:-1","max-image-preview":"max-image-preview:large","max-video-preview":"max-video-preview:-1"},"canonical":"https:\/\/damasketdentelle.com\/index.php\/2018\/05\/avec-deux-yeux-cest-mieux-mes-priorites-de-vie\/","og_locale":"en_US","og_type":"article","og_title":"Avec deux yeux c\u2019est mieux: mes priorit\u00e9s de vie\u00a0 - Interior design ideas | Home decor blog","og_description":"\u201cAh zut je n\u2019y vois rien! J\u2019ai oubli\u00e9 mes lunettes \u00e0 la maison.\u201d Combien de fois je me suis entendu dire \u00e7a depuis les 20 derni\u00e8res ann\u00e9es alors que je laissais mes lunettes sur ma table de chevet, ou le comptoir de la salle de bain, ou l\u2019\u00e9tag\u00e8re de la cuisine\u2026 ou la table de...","og_url":"https:\/\/damasketdentelle.com\/index.php\/2018\/05\/avec-deux-yeux-cest-mieux-mes-priorites-de-vie\/","og_site_name":"Damask &amp; Dentelle","article_publisher":"https:\/\/www.facebook.com\/damasketdentelle","article_published_time":"2018-05-14T14:52:27+00:00","article_modified_time":"2020-07-30T16:50:23+00:00","og_image":[{"width":640,"height":428,"url":"https:\/\/blog.damasketdentelle.com\/wp-content\/uploads\/IMG_4326.jpg","type":"image\/jpeg"}],"author":"Vanessa Sicotte","twitter_misc":{"Written by":"Vanessa Sicotte","Est. reading time":"5 minutes"},"schema":{"@context":"https:\/\/schema.org","@graph":[{"@type":"WebPage","@id":"https:\/\/damasketdentelle.com\/index.php\/2018\/05\/avec-deux-yeux-cest-mieux-mes-priorites-de-vie\/","url":"https:\/\/damasketdentelle.com\/index.php\/2018\/05\/avec-deux-yeux-cest-mieux-mes-priorites-de-vie\/","name":"Avec deux yeux c\u2019est mieux: mes priorit\u00e9s de vie\u00a0 - Interior design ideas | Home decor blog","isPartOf":{"@id":"https:\/\/damasketdentelle.com\/#website"},"primaryImageOfPage":{"@id":"https:\/\/damasketdentelle.com\/index.php\/2018\/05\/avec-deux-yeux-cest-mieux-mes-priorites-de-vie\/#primaryimage"},"image":{"@id":"https:\/\/damasketdentelle.com\/index.php\/2018\/05\/avec-deux-yeux-cest-mieux-mes-priorites-de-vie\/#primaryimage"},"thumbnailUrl":"https:\/\/blog.damasketdentelle.com\/wp-content\/uploads\/IMG_4326.jpg","datePublished":"2018-05-14T14:52:27+00:00","dateModified":"2020-07-30T16:50:23+00:00","author":{"@id":"https:\/\/damasketdentelle.com\/#\/schema\/person\/ab66dcd0f6a0e1954b4a4aaac173acee"},"breadcrumb":{"@id":"https:\/\/damasketdentelle.com\/index.php\/2018\/05\/avec-deux-yeux-cest-mieux-mes-priorites-de-vie\/#breadcrumb"},"inLanguage":"en-US","potentialAction":[{"@type":"ReadAction","target":["https:\/\/damasketdentelle.com\/index.php\/2018\/05\/avec-deux-yeux-cest-mieux-mes-priorites-de-vie\/"]}]},{"@type":"ImageObject","inLanguage":"en-US","@id":"https:\/\/damasketdentelle.com\/index.php\/2018\/05\/avec-deux-yeux-cest-mieux-mes-priorites-de-vie\/#primaryimage","url":"https:\/\/blog.damasketdentelle.com\/wp-content\/uploads\/IMG_4326.jpg","contentUrl":"https:\/\/blog.damasketdentelle.com\/wp-content\/uploads\/IMG_4326.jpg","width":640,"height":428},{"@type":"BreadcrumbList","@id":"https:\/\/damasketdentelle.com\/index.php\/2018\/05\/avec-deux-yeux-cest-mieux-mes-priorites-de-vie\/#breadcrumb","itemListElement":[{"@type":"ListItem","position":1,"name":"Home","item":"https:\/\/damasketdentelle.com\/"},{"@type":"ListItem","position":2,"name":"Avec deux yeux c\u2019est mieux: mes priorit\u00e9s de vie\u00a0"}]},{"@type":"WebSite","@id":"https:\/\/damasketdentelle.com\/#website","url":"https:\/\/damasketdentelle.com\/","name":"Damask &amp; Dentelle","description":"Storytelling, Design and urban manifestos","potentialAction":[{"@type":"SearchAction","target":{"@type":"EntryPoint","urlTemplate":"https:\/\/damasketdentelle.com\/?s={search_term_string}"},"query-input":{"@type":"PropertyValueSpecification","valueRequired":true,"valueName":"search_term_string"}}],"inLanguage":"en-US"},{"@type":"Person","@id":"https:\/\/damasketdentelle.com\/#\/schema\/person\/ab66dcd0f6a0e1954b4a4aaac173acee","name":"Vanessa Sicotte","image":{"@type":"ImageObject","inLanguage":"en-US","@id":"https:\/\/damasketdentelle.com\/#\/schema\/person\/image\/","url":"https:\/\/secure.gravatar.com\/avatar\/7710c0e6cd087dff617e494d4e51105fae871a738d48c9031273d8920420be5b?s=96&d=mm&r=g","contentUrl":"https:\/\/secure.gravatar.com\/avatar\/7710c0e6cd087dff617e494d4e51105fae871a738d48c9031273d8920420be5b?s=96&d=mm&r=g","caption":"Vanessa Sicotte"},"sameAs":["https:\/\/blog.damasketdentelle.com\/wp-login.php"],"url":"https:\/\/damasketdentelle.com\/index.php\/author\/vanessa\/"}]}},"_links":{"self":[{"href":"https:\/\/damasketdentelle.com\/index.php\/wp-json\/wp\/v2\/posts\/23142","targetHints":{"allow":["GET"]}}],"collection":[{"href":"https:\/\/damasketdentelle.com\/index.php\/wp-json\/wp\/v2\/posts"}],"about":[{"href":"https:\/\/damasketdentelle.com\/index.php\/wp-json\/wp\/v2\/types\/post"}],"author":[{"embeddable":true,"href":"https:\/\/damasketdentelle.com\/index.php\/wp-json\/wp\/v2\/users\/1"}],"replies":[{"embeddable":true,"href":"https:\/\/damasketdentelle.com\/index.php\/wp-json\/wp\/v2\/comments?post=23142"}],"version-history":[{"count":5,"href":"https:\/\/damasketdentelle.com\/index.php\/wp-json\/wp\/v2\/posts\/23142\/revisions"}],"predecessor-version":[{"id":23153,"href":"https:\/\/damasketdentelle.com\/index.php\/wp-json\/wp\/v2\/posts\/23142\/revisions\/23153"}],"wp:featuredmedia":[{"embeddable":true,"href":"https:\/\/damasketdentelle.com\/index.php\/wp-json\/wp\/v2\/media\/23143"}],"wp:attachment":[{"href":"https:\/\/damasketdentelle.com\/index.php\/wp-json\/wp\/v2\/media?parent=23142"}],"wp:term":[{"taxonomy":"category","embeddable":true,"href":"https:\/\/damasketdentelle.com\/index.php\/wp-json\/wp\/v2\/categories?post=23142"},{"taxonomy":"post_tag","embeddable":true,"href":"https:\/\/damasketdentelle.com\/index.php\/wp-json\/wp\/v2\/tags?post=23142"}],"curies":[{"name":"wp","href":"https:\/\/api.w.org\/{rel}","templated":true}]}}