{"id":23945,"date":"2024-12-20T08:11:57","date_gmt":"2024-12-20T13:11:57","guid":{"rendered":"https:\/\/damasketdentelle.com\/?p=23945"},"modified":"2024-12-20T10:14:36","modified_gmt":"2024-12-20T15:14:36","slug":"noel-vintage-ou-les-noels-de-mon-enfance","status":"publish","type":"post","link":"https:\/\/damasketdentelle.com\/index.php\/2024\/12\/noel-vintage-ou-les-noels-de-mon-enfance\/","title":{"rendered":"No\u00ebl Vintage ou les no\u00ebls de mon enfance"},"content":{"rendered":"<p>No\u00ebl, c\u2019est bien plus qu\u2019un tourbillon commercial. C\u2019est ce moment suspendu o\u00f9 le temps semble s\u2019\u00e9tirer, o\u00f9 l\u2019on se rassemble autour de ce qui compte vraiment : les rires, les traditions et les instants partag\u00e9s. Mais avant tout, pour moi, No\u00ebl, c\u2019est un coffre aux tr\u00e9sors de souvenirs d\u2019enfance, empreints de chaleur et de magie.<\/p>\n<p>Quand je d\u00e9core la maison et que je planifie ce qui deviendra, je l\u2019esp\u00e8re, les traditions ch\u00e9ries de mes enfants, je replonge dans les No\u00ebls de mon enfance. C\u2019\u00e9tait une \u00e9poque o\u00f9 tout semblait plus grand, plus simple, et pourtant infiniment pr\u00e9cieux.<\/p>\n<p>Je revois encore ce lit recouvert des manteaux de fourrure de mes tantes, empreints de leurs parfums d\u00e9licats, un cocon parfait o\u00f9 je me glissais pour m\u2019endormir, berc\u00e9e par les \u00e9clats de rire venant du salon. Je me souviens des pannes d\u2019\u00e9lectricit\u00e9 qui transformaient la soir\u00e9e en aventure improvis\u00e9e, nous obligeant tous \u00e0 dormir sur place dans le chalet familial. Les tourti\u00e8res s\u2019alignaient sur la table, et chaque bouch\u00e9e \u00e9tait l\u2019occasion d\u2019un d\u00e9bat bon enfant : qui avait la meilleure recette cette ann\u00e9e ?<\/p>\n<p>Et bien s\u00fbr, il y avait cette attente f\u00e9brile devant la fen\u00eatre du salon, le nez coll\u00e9 \u00e0 la vitre glac\u00e9e, esp\u00e9rant apercevoir la silhouette du p\u00e8re No\u00ebl. Je peux encore entendre les exclamations lorsqu\u2019il entrait, distribuant ses cadeaux avec une exub\u00e9rance qui illuminait nos visages d\u2019enfants.<\/p>\n<p>Mais ce qui rendait No\u00ebl vraiment magique, c\u2019\u00e9tait la d\u00e9co. Chaque d\u00e9tail comptait. La maison scintillait de mille feux, et c\u2019\u00e9tait comme si, dans la noirceur de l\u2019hiver, elle devenait un phare pour accueillir la joie des f\u00eates.<\/p>\n<p><img loading=\"lazy\" decoding=\"async\" class=\"aligncenter size-large wp-image-27848\" src=\"https:\/\/blog.damasketdentelle.com\/wp-content\/uploads\/arbre-enfance-695x869.jpg\" alt=\"\" width=\"695\" height=\"869\" srcset=\"https:\/\/blog.damasketdentelle.com\/wp-content\/uploads\/arbre-enfance-695x869.jpg 695w, https:\/\/blog.damasketdentelle.com\/wp-content\/uploads\/arbre-enfance-360x450.jpg 360w, https:\/\/blog.damasketdentelle.com\/wp-content\/uploads\/arbre-enfance.jpg 736w\" sizes=\"auto, (max-width: 695px) 100vw, 695px\" \/><\/p>\n<h3>Le sapin<\/h3>\n<p>Ah, le sapin ! Dans mes souvenirs, il \u00e9tait immense, presque majestueux. Je devais lever la t\u00eate si haut pour en voir le sommet que j\u2019avais l\u2019impression qu\u2019il touchait le ciel. Les guirlandes et les boules \u00e9tincelantes captivaient mon regard, et le simple fait de l\u2019orner devenait un rituel sacr\u00e9. Aujourd\u2019hui encore, mon sapin de No\u00ebl, bien qu\u2019un peu plus moderne, cherche \u00e0 capturer cet \u00e9clat d\u2019\u00e9merveillement que je ressentais enfant.<\/p>\n<p><img loading=\"lazy\" decoding=\"async\" class=\"aligncenter size-large wp-image-27850\" src=\"https:\/\/blog.damasketdentelle.com\/wp-content\/uploads\/jelezniac-bianca-XEnsUv44gDw-unsplash-695x1236.jpg\" alt=\"\" width=\"695\" height=\"1236\" srcset=\"https:\/\/blog.damasketdentelle.com\/wp-content\/uploads\/jelezniac-bianca-XEnsUv44gDw-unsplash-695x1236.jpg 695w, https:\/\/blog.damasketdentelle.com\/wp-content\/uploads\/jelezniac-bianca-XEnsUv44gDw-unsplash-253x450.jpg 253w, https:\/\/blog.damasketdentelle.com\/wp-content\/uploads\/jelezniac-bianca-XEnsUv44gDw-unsplash-768x1365.jpg 768w, https:\/\/blog.damasketdentelle.com\/wp-content\/uploads\/jelezniac-bianca-XEnsUv44gDw-unsplash-864x1536.jpg 864w, https:\/\/blog.damasketdentelle.com\/wp-content\/uploads\/jelezniac-bianca-XEnsUv44gDw-unsplash.jpg 1152w\" sizes=\"auto, (max-width: 695px) 100vw, 695px\" \/><\/p>\n<h3>Les casse-noisettes<\/h3>\n<p>Chaque ann\u00e9e, <em>Casse-Noisette<\/em> faisait partie de nos traditions, et m\u00eame maintenant, c\u2019est une sortie incontournable avec mes enfants. Mais ce sont ces petits personnages en bois, avec leurs visages expressifs et leurs couleurs vives, qui me ram\u00e8nent \u00e0 mon enfance. Pos\u00e9s un peu partout dans la maison, ils semblaient prendre vie, comme pour veiller sur nos festivit\u00e9s.<\/p>\n<p><img loading=\"lazy\" decoding=\"async\" class=\"aligncenter size-large wp-image-27851\" src=\"https:\/\/blog.damasketdentelle.com\/wp-content\/uploads\/eric-perez-_v7tjCSngC8-unsplash-695x869.jpg\" alt=\"\" width=\"695\" height=\"869\" srcset=\"https:\/\/blog.damasketdentelle.com\/wp-content\/uploads\/eric-perez-_v7tjCSngC8-unsplash-695x869.jpg 695w, https:\/\/blog.damasketdentelle.com\/wp-content\/uploads\/eric-perez-_v7tjCSngC8-unsplash-360x450.jpg 360w, https:\/\/blog.damasketdentelle.com\/wp-content\/uploads\/eric-perez-_v7tjCSngC8-unsplash-768x960.jpg 768w, https:\/\/blog.damasketdentelle.com\/wp-content\/uploads\/eric-perez-_v7tjCSngC8-unsplash-1229x1536.jpg 1229w, https:\/\/blog.damasketdentelle.com\/wp-content\/uploads\/eric-perez-_v7tjCSngC8-unsplash-1638x2048.jpg 1638w, https:\/\/blog.damasketdentelle.com\/wp-content\/uploads\/eric-perez-_v7tjCSngC8-unsplash.jpg 1920w\" sizes=\"auto, (max-width: 695px) 100vw, 695px\" \/><\/p>\n<h3>Les lumi\u00e8res multicolores<\/h3>\n<p>Les lumi\u00e8res de No\u00ebl, celles de mon enfance, \u00e9taient grosses, color\u00e9es, et parfois capricieuses \u2013 il suffisait qu\u2019une ampoule br\u00fble pour que tout le fil ne fonctionne plus ! Mais leur \u00e9clat \u00e9tait incomparable. Je me souviens des soirs o\u00f9, emmitoufl\u00e9e dans un manteau, je sortais juste pour admirer leur scintillement. Aujourd\u2019hui, les ampoules DEL font le travail, mais ces souvenirs de lumi\u00e8res multicolores restent grav\u00e9s dans mon c\u0153ur.<\/p>\n<p><img loading=\"lazy\" decoding=\"async\" class=\"aligncenter size-large wp-image-27852\" src=\"https:\/\/blog.damasketdentelle.com\/wp-content\/uploads\/couronne-de-noel-695x924.jpg\" alt=\"\" width=\"695\" height=\"924\" srcset=\"https:\/\/blog.damasketdentelle.com\/wp-content\/uploads\/couronne-de-noel-695x924.jpg 695w, https:\/\/blog.damasketdentelle.com\/wp-content\/uploads\/couronne-de-noel-338x450.jpg 338w, https:\/\/blog.damasketdentelle.com\/wp-content\/uploads\/couronne-de-noel.jpg 736w\" sizes=\"auto, (max-width: 695px) 100vw, 695px\" \/><\/p>\n<h3>La grande couronne<\/h3>\n<p>La maison familiale portait fi\u00e8rement une immense couronne \u00e0 sa devanture. C\u2019\u00e9tait comme une signature festive qui accueillait chaleureusement quiconque passait le seuil. Rien qu\u2019en y pensant, je revois les flocons tomber doucement, se posant sur les branches de la couronne, tandis que l\u2019odeur du chocolat chaud flottait dans l\u2019air.<\/p>\n<p><img loading=\"lazy\" decoding=\"async\" class=\"aligncenter size-large wp-image-27853\" src=\"https:\/\/blog.damasketdentelle.com\/wp-content\/uploads\/verre-mercurise-695x926.jpg\" alt=\"\" width=\"695\" height=\"926\" srcset=\"https:\/\/blog.damasketdentelle.com\/wp-content\/uploads\/verre-mercurise-695x926.jpg 695w, https:\/\/blog.damasketdentelle.com\/wp-content\/uploads\/verre-mercurise-338x450.jpg 338w, https:\/\/blog.damasketdentelle.com\/wp-content\/uploads\/verre-mercurise.jpg 736w\" sizes=\"auto, (max-width: 695px) 100vw, 695px\" \/><\/p>\n<h3>Les ornements en verre mercuris\u00e9<\/h3>\n<p>Il y a quelque chose d\u2019infiniment po\u00e9tique dans les ornements en verre mercuris\u00e9, ces d\u00e9licates cr\u00e9ations dont la surface scintille d\u2019un \u00e9clat argent\u00e9, presque magique. Leur origine remonte au XIXe si\u00e8cle en Allemagne, o\u00f9 l\u2019on soufflait minutieusement ces boules en verre avant de les enduire d\u2019une fine couche d\u2019argent ou de mercure pour leur donner cet effet miroir. D\u2019ailleurs, leur surnom de \u00ab verre mercuris\u00e9 \u00bb vient de cette technique ancienne, bien que le mercure ait \u00e9t\u00e9 abandonn\u00e9 depuis longtemps pour des raisons de s\u00e9curit\u00e9.<\/p>\n<p>Depuis des ann\u00e9es, je les collectionne un \u00e0 un, souvent au d\u00e9tour d\u2019une brocante ou d\u2019une petite boutique. Chaque ornement que je trouve a son histoire, une patine particuli\u00e8re qui raconte son passage \u00e0 travers les \u00e9poques. Certains sont \u00e9br\u00e9ch\u00e9s, mais cela ne fait que les rendre plus pr\u00e9cieux \u00e0 mes yeux. Ils me rappellent les No\u00ebls d\u2019antan, o\u00f9 la simplicit\u00e9 et la d\u00e9licatesse avaient tant de valeur. Quand je les suspends dans le sapin, ils attrapent la lumi\u00e8re et projettent des reflets qui semblent danser sur les murs, comme si chaque pi\u00e8ce devenait vivante. C\u2019est un moment de pure magie, un pont entre hier et aujourd\u2019hui. Ces ornements sont plus qu\u2019une d\u00e9coration : ils sont les gardiens de mes souvenirs et les t\u00e9moins silencieux des traditions que je veux transmettre \u00e0 mes enfants.<\/p>\n<p><img loading=\"lazy\" decoding=\"async\" class=\"aligncenter size-large wp-image-27855\" src=\"https:\/\/blog.damasketdentelle.com\/wp-content\/uploads\/vintage-christmas-1-695x1060.jpg\" alt=\"\" width=\"695\" height=\"1060\" srcset=\"https:\/\/blog.damasketdentelle.com\/wp-content\/uploads\/vintage-christmas-1-695x1060.jpg 695w, https:\/\/blog.damasketdentelle.com\/wp-content\/uploads\/vintage-christmas-1-295x450.jpg 295w, https:\/\/blog.damasketdentelle.com\/wp-content\/uploads\/vintage-christmas-1.jpg 736w\" sizes=\"auto, (max-width: 695px) 100vw, 695px\" \/><\/p>\n<p>No\u00ebl, c\u2019est ce lien pr\u00e9cieux entre pass\u00e9 et pr\u00e9sent. C\u2019est ce moment o\u00f9 les objets, les rituels et les instants partag\u00e9s se m\u00ealent pour cr\u00e9er une continuit\u00e9 de tendresse et de chaleur. Et m\u00eame si les ann\u00e9es passent, ces souvenirs, tout comme mes ornements en verre mercuris\u00e9, continuent de briller dans mon c\u0153ur, faisant de chaque No\u00ebl une nouvelle page de cette histoire qui traverse les g\u00e9n\u00e9rations. Joyeux No\u00ebl!<\/p>\n<p>PS: Si vous voulez voir mon sapin cette ann\u00e9e, j&#8217;ai fait un Reel sur Instagram. <a href=\"https:\/\/www.instagram.com\/reel\/DDxhmTDxT1r\/?igsh=MTFlcXQ1NjRzbmQ5MA==\">Vous pouvez le voir ici<\/a>.<\/p>\n<p>Photos: <a href=\"https:\/\/ca.pinterest.com\/pin\/18014467256405499\/\">1<\/a> | <a href=\"https:\/\/unsplash.com\/@jelezniac_bianca?utm_content=creditCopyText&amp;utm_medium=referral&amp;utm_source=unsplash\">2<\/a> | <a href=\"https:\/\/unsplash.com\/@neverinfocus?utm_content=creditCopyText&amp;utm_medium=referral&amp;utm_source=unsplash\">3<\/a> | <a href=\"https:\/\/ca.pinterest.com\/pin\/587227238930579566\/\">4<\/a> | <a href=\"https:\/\/ca.pinterest.com\/pin\/908953137856973614\/\">5<\/a> | <a href=\"https:\/\/ca.pinterest.com\/pin\/660903314075405720\/\">6<\/a><\/p>\n","protected":false},"excerpt":{"rendered":"<p>No\u00ebl, c\u2019est bien plus qu\u2019un tourbillon commercial. C\u2019est ce moment suspendu o\u00f9 le temps semble s\u2019\u00e9tirer, o\u00f9 l\u2019on se rassemble autour de ce qui compte vraiment : les rires, les traditions et les instants partag\u00e9s. Mais avant tout, pour moi, No\u00ebl, c\u2019est un coffre aux tr\u00e9sors de souvenirs d\u2019enfance, empreints de chaleur et de magie&#8230;.<\/p>\n<p><a class=\"more-link\" href=\"https:\/\/damasketdentelle.com\/index.php\/2024\/12\/noel-vintage-ou-les-noels-de-mon-enfance\/\">Read More<\/a><\/p>","protected":false},"author":1,"featured_media":27848,"comment_status":"open","ping_status":"open","sticky":false,"template":"","format":"standard","meta":{"_genesis_hide_title":false,"_genesis_hide_breadcrumbs":false,"_genesis_hide_singular_image":false,"_genesis_hide_footer_widgets":false,"_genesis_custom_body_class":"","_genesis_custom_post_class":"","_genesis_layout":"","footnotes":""},"categories":[3432,617,124],"tags":[4312,4314,3490,4310,3906,2236,4315,3457,3905,4311,2968,924,3489,4316,4313,3907,1302,230],"class_list":{"0":"post-23945","1":"post","2":"type-post","3":"status-publish","4":"format-standard","5":"has-post-thumbnail","7":"category-francais","8":"category-winter-2","9":"category-decoration-de-noel","10":"tag-amenagement","11":"tag-apartment-therapy","12":"tag-astuces-deco","13":"tag-boutiques-de-deco","14":"tag-casses-noisettes","15":"tag-deco-montreal","16":"tag-deco-therapie","17":"tag-decoration-quebec","18":"tag-decorations-de-noel","19":"tag-decorer-a-petits-prix","20":"tag-featured","21":"tag-house-beautiful","22":"tag-idees-deco","23":"tag-idees-pour-la-maison","24":"tag-lonny","25":"tag-lumieres-exterieures","26":"tag-noel","27":"tag-rue-magazine","28":"entry"},"yoast_head":"<!-- This site is optimized with the Yoast SEO plugin v27.4 - https:\/\/yoast.com\/product\/yoast-seo-wordpress\/ -->\n<title>No\u00ebl Vintage ou les no\u00ebls de mon enfance - Interior design ideas<\/title>\n<meta name=\"description\" content=\"No\u00ebl c\u2019est ce moment de l\u2019ann\u00e9e o\u00f9 le temps semble ralentir o\u00f9 on c\u00e9l\u00e8bre les traditions qui nous sont ch\u00e8res. Je me suis inspir\u00e9e du catalogue festif de Home Depot Canada pour vous partager certaines des tendances de mon enfance toujours actuelles.\u00a0\" \/>\n<meta name=\"robots\" content=\"index, follow, max-snippet:-1, max-image-preview:large, max-video-preview:-1\" \/>\n<link rel=\"canonical\" href=\"https:\/\/damasketdentelle.com\/index.php\/2024\/12\/noel-vintage-ou-les-noels-de-mon-enfance\/\" \/>\n<meta property=\"og:locale\" content=\"en_US\" \/>\n<meta property=\"og:type\" content=\"article\" \/>\n<meta property=\"og:title\" content=\"No\u00ebl Vintage ou les no\u00ebls de mon enfance - Interior design ideas\" \/>\n<meta property=\"og:description\" content=\"No\u00ebl c\u2019est ce moment de l\u2019ann\u00e9e o\u00f9 le temps semble ralentir o\u00f9 on c\u00e9l\u00e8bre les traditions qui nous sont ch\u00e8res. Je me suis inspir\u00e9e du catalogue festif de Home Depot Canada pour vous partager certaines des tendances de mon enfance toujours actuelles.\u00a0\" \/>\n<meta property=\"og:url\" content=\"https:\/\/damasketdentelle.com\/index.php\/2024\/12\/noel-vintage-ou-les-noels-de-mon-enfance\/\" \/>\n<meta property=\"og:site_name\" content=\"Damask &amp; Dentelle\" \/>\n<meta property=\"article:publisher\" content=\"https:\/\/www.facebook.com\/damasketdentelle\" \/>\n<meta property=\"article:published_time\" content=\"2024-12-20T13:11:57+00:00\" \/>\n<meta property=\"article:modified_time\" content=\"2024-12-20T15:14:36+00:00\" \/>\n<meta property=\"og:image\" content=\"https:\/\/blog.damasketdentelle.com\/wp-content\/uploads\/arbre-enfance.jpg\" \/>\n\t<meta property=\"og:image:width\" content=\"736\" \/>\n\t<meta property=\"og:image:height\" content=\"920\" \/>\n\t<meta property=\"og:image:type\" content=\"image\/jpeg\" \/>\n<meta name=\"author\" content=\"Vanessa Sicotte\" \/>\n<meta name=\"twitter:label1\" content=\"Written by\" \/>\n\t<meta name=\"twitter:data1\" content=\"Vanessa Sicotte\" \/>\n\t<meta name=\"twitter:label2\" content=\"Est. reading time\" \/>\n\t<meta name=\"twitter:data2\" content=\"6 minutes\" \/>\n<script type=\"application\/ld+json\" class=\"yoast-schema-graph\">{\"@context\":\"https:\\\/\\\/schema.org\",\"@graph\":[{\"@type\":\"Article\",\"@id\":\"https:\\\/\\\/damasketdentelle.com\\\/index.php\\\/2024\\\/12\\\/noel-vintage-ou-les-noels-de-mon-enfance\\\/#article\",\"isPartOf\":{\"@id\":\"https:\\\/\\\/damasketdentelle.com\\\/index.php\\\/2024\\\/12\\\/noel-vintage-ou-les-noels-de-mon-enfance\\\/\"},\"author\":{\"name\":\"Vanessa Sicotte\",\"@id\":\"https:\\\/\\\/damasketdentelle.com\\\/#\\\/schema\\\/person\\\/ab66dcd0f6a0e1954b4a4aaac173acee\"},\"headline\":\"No\u00ebl Vintage ou les no\u00ebls de mon enfance\",\"datePublished\":\"2024-12-20T13:11:57+00:00\",\"dateModified\":\"2024-12-20T15:14:36+00:00\",\"mainEntityOfPage\":{\"@id\":\"https:\\\/\\\/damasketdentelle.com\\\/index.php\\\/2024\\\/12\\\/noel-vintage-ou-les-noels-de-mon-enfance\\\/\"},\"wordCount\":953,\"commentCount\":1,\"image\":{\"@id\":\"https:\\\/\\\/damasketdentelle.com\\\/index.php\\\/2024\\\/12\\\/noel-vintage-ou-les-noels-de-mon-enfance\\\/#primaryimage\"},\"thumbnailUrl\":\"https:\\\/\\\/blog.damasketdentelle.com\\\/wp-content\\\/uploads\\\/arbre-enfance.jpg\",\"keywords\":[\"am\u00e9nagement\",\"Apartment Therapy\",\"astuces d\u00e9co\",\"boutiques de d\u00e9co\",\"Casses-noisettes\",\"D\u00e9co Montr\u00e9al\",\"D\u00e9co Th\u00e9rapie\",\"D\u00e9coration Qu\u00e9bec\",\"D\u00e9corations de No\u00ebl\",\"d\u00e9corer \u00e0 petits prix\",\"featured\",\"House Beautiful\",\"id\u00e9es d\u00e9co\",\"Id\u00e9es pour la maison\",\"Lonny\",\"lumi\u00e8res ext\u00e9rieures\",\"No\u00ebl\",\"Rue Magazine\"],\"articleSection\":[\"Fran\u00e7ais\",\"Hiver\",\"No\u00ebl\"],\"inLanguage\":\"en-US\",\"potentialAction\":[{\"@type\":\"CommentAction\",\"name\":\"Comment\",\"target\":[\"https:\\\/\\\/damasketdentelle.com\\\/index.php\\\/2024\\\/12\\\/noel-vintage-ou-les-noels-de-mon-enfance\\\/#respond\"]}]},{\"@type\":\"WebPage\",\"@id\":\"https:\\\/\\\/damasketdentelle.com\\\/index.php\\\/2024\\\/12\\\/noel-vintage-ou-les-noels-de-mon-enfance\\\/\",\"url\":\"https:\\\/\\\/damasketdentelle.com\\\/index.php\\\/2024\\\/12\\\/noel-vintage-ou-les-noels-de-mon-enfance\\\/\",\"name\":\"No\u00ebl Vintage ou les no\u00ebls de mon enfance - Interior design ideas\",\"isPartOf\":{\"@id\":\"https:\\\/\\\/damasketdentelle.com\\\/#website\"},\"primaryImageOfPage\":{\"@id\":\"https:\\\/\\\/damasketdentelle.com\\\/index.php\\\/2024\\\/12\\\/noel-vintage-ou-les-noels-de-mon-enfance\\\/#primaryimage\"},\"image\":{\"@id\":\"https:\\\/\\\/damasketdentelle.com\\\/index.php\\\/2024\\\/12\\\/noel-vintage-ou-les-noels-de-mon-enfance\\\/#primaryimage\"},\"thumbnailUrl\":\"https:\\\/\\\/blog.damasketdentelle.com\\\/wp-content\\\/uploads\\\/arbre-enfance.jpg\",\"datePublished\":\"2024-12-20T13:11:57+00:00\",\"dateModified\":\"2024-12-20T15:14:36+00:00\",\"author\":{\"@id\":\"https:\\\/\\\/damasketdentelle.com\\\/#\\\/schema\\\/person\\\/ab66dcd0f6a0e1954b4a4aaac173acee\"},\"description\":\"No\u00ebl c\u2019est ce moment de l\u2019ann\u00e9e o\u00f9 le temps semble ralentir o\u00f9 on c\u00e9l\u00e8bre les traditions qui nous sont ch\u00e8res. Je me suis inspir\u00e9e du catalogue festif de Home Depot Canada pour vous partager certaines des tendances de mon enfance toujours actuelles.\u00a0\",\"breadcrumb\":{\"@id\":\"https:\\\/\\\/damasketdentelle.com\\\/index.php\\\/2024\\\/12\\\/noel-vintage-ou-les-noels-de-mon-enfance\\\/#breadcrumb\"},\"inLanguage\":\"en-US\",\"potentialAction\":[{\"@type\":\"ReadAction\",\"target\":[\"https:\\\/\\\/damasketdentelle.com\\\/index.php\\\/2024\\\/12\\\/noel-vintage-ou-les-noels-de-mon-enfance\\\/\"]}]},{\"@type\":\"ImageObject\",\"inLanguage\":\"en-US\",\"@id\":\"https:\\\/\\\/damasketdentelle.com\\\/index.php\\\/2024\\\/12\\\/noel-vintage-ou-les-noels-de-mon-enfance\\\/#primaryimage\",\"url\":\"https:\\\/\\\/blog.damasketdentelle.com\\\/wp-content\\\/uploads\\\/arbre-enfance.jpg\",\"contentUrl\":\"https:\\\/\\\/blog.damasketdentelle.com\\\/wp-content\\\/uploads\\\/arbre-enfance.jpg\",\"width\":736,\"height\":920},{\"@type\":\"BreadcrumbList\",\"@id\":\"https:\\\/\\\/damasketdentelle.com\\\/index.php\\\/2024\\\/12\\\/noel-vintage-ou-les-noels-de-mon-enfance\\\/#breadcrumb\",\"itemListElement\":[{\"@type\":\"ListItem\",\"position\":1,\"name\":\"Home\",\"item\":\"https:\\\/\\\/damasketdentelle.com\\\/\"},{\"@type\":\"ListItem\",\"position\":2,\"name\":\"No\u00ebl Vintage ou les no\u00ebls de mon enfance\"}]},{\"@type\":\"WebSite\",\"@id\":\"https:\\\/\\\/damasketdentelle.com\\\/#website\",\"url\":\"https:\\\/\\\/damasketdentelle.com\\\/\",\"name\":\"Damask &amp; Dentelle\",\"description\":\"Storytelling, Design and urban manifestos\",\"potentialAction\":[{\"@type\":\"SearchAction\",\"target\":{\"@type\":\"EntryPoint\",\"urlTemplate\":\"https:\\\/\\\/damasketdentelle.com\\\/?s={search_term_string}\"},\"query-input\":{\"@type\":\"PropertyValueSpecification\",\"valueRequired\":true,\"valueName\":\"search_term_string\"}}],\"inLanguage\":\"en-US\"},{\"@type\":\"Person\",\"@id\":\"https:\\\/\\\/damasketdentelle.com\\\/#\\\/schema\\\/person\\\/ab66dcd0f6a0e1954b4a4aaac173acee\",\"name\":\"Vanessa Sicotte\",\"image\":{\"@type\":\"ImageObject\",\"inLanguage\":\"en-US\",\"@id\":\"https:\\\/\\\/secure.gravatar.com\\\/avatar\\\/7710c0e6cd087dff617e494d4e51105fae871a738d48c9031273d8920420be5b?s=96&d=mm&r=g\",\"url\":\"https:\\\/\\\/secure.gravatar.com\\\/avatar\\\/7710c0e6cd087dff617e494d4e51105fae871a738d48c9031273d8920420be5b?s=96&d=mm&r=g\",\"contentUrl\":\"https:\\\/\\\/secure.gravatar.com\\\/avatar\\\/7710c0e6cd087dff617e494d4e51105fae871a738d48c9031273d8920420be5b?s=96&d=mm&r=g\",\"caption\":\"Vanessa Sicotte\"},\"sameAs\":[\"https:\\\/\\\/blog.damasketdentelle.com\\\/wp-login.php\"],\"url\":\"https:\\\/\\\/damasketdentelle.com\\\/index.php\\\/author\\\/vanessa\\\/\"}]}<\/script>\n<!-- \/ Yoast SEO plugin. -->","yoast_head_json":{"title":"No\u00ebl Vintage ou les no\u00ebls de mon enfance - Interior design ideas","description":"No\u00ebl c\u2019est ce moment de l\u2019ann\u00e9e o\u00f9 le temps semble ralentir o\u00f9 on c\u00e9l\u00e8bre les traditions qui nous sont ch\u00e8res. Je me suis inspir\u00e9e du catalogue festif de Home Depot Canada pour vous partager certaines des tendances de mon enfance toujours actuelles.\u00a0","robots":{"index":"index","follow":"follow","max-snippet":"max-snippet:-1","max-image-preview":"max-image-preview:large","max-video-preview":"max-video-preview:-1"},"canonical":"https:\/\/damasketdentelle.com\/index.php\/2024\/12\/noel-vintage-ou-les-noels-de-mon-enfance\/","og_locale":"en_US","og_type":"article","og_title":"No\u00ebl Vintage ou les no\u00ebls de mon enfance - Interior design ideas","og_description":"No\u00ebl c\u2019est ce moment de l\u2019ann\u00e9e o\u00f9 le temps semble ralentir o\u00f9 on c\u00e9l\u00e8bre les traditions qui nous sont ch\u00e8res. Je me suis inspir\u00e9e du catalogue festif de Home Depot Canada pour vous partager certaines des tendances de mon enfance toujours actuelles.\u00a0","og_url":"https:\/\/damasketdentelle.com\/index.php\/2024\/12\/noel-vintage-ou-les-noels-de-mon-enfance\/","og_site_name":"Damask &amp; Dentelle","article_publisher":"https:\/\/www.facebook.com\/damasketdentelle","article_published_time":"2024-12-20T13:11:57+00:00","article_modified_time":"2024-12-20T15:14:36+00:00","og_image":[{"width":736,"height":920,"url":"https:\/\/blog.damasketdentelle.com\/wp-content\/uploads\/arbre-enfance.jpg","type":"image\/jpeg"}],"author":"Vanessa Sicotte","twitter_misc":{"Written by":"Vanessa Sicotte","Est. reading time":"6 minutes"},"schema":{"@context":"https:\/\/schema.org","@graph":[{"@type":"Article","@id":"https:\/\/damasketdentelle.com\/index.php\/2024\/12\/noel-vintage-ou-les-noels-de-mon-enfance\/#article","isPartOf":{"@id":"https:\/\/damasketdentelle.com\/index.php\/2024\/12\/noel-vintage-ou-les-noels-de-mon-enfance\/"},"author":{"name":"Vanessa Sicotte","@id":"https:\/\/damasketdentelle.com\/#\/schema\/person\/ab66dcd0f6a0e1954b4a4aaac173acee"},"headline":"No\u00ebl Vintage ou les no\u00ebls de mon enfance","datePublished":"2024-12-20T13:11:57+00:00","dateModified":"2024-12-20T15:14:36+00:00","mainEntityOfPage":{"@id":"https:\/\/damasketdentelle.com\/index.php\/2024\/12\/noel-vintage-ou-les-noels-de-mon-enfance\/"},"wordCount":953,"commentCount":1,"image":{"@id":"https:\/\/damasketdentelle.com\/index.php\/2024\/12\/noel-vintage-ou-les-noels-de-mon-enfance\/#primaryimage"},"thumbnailUrl":"https:\/\/blog.damasketdentelle.com\/wp-content\/uploads\/arbre-enfance.jpg","keywords":["am\u00e9nagement","Apartment Therapy","astuces d\u00e9co","boutiques de d\u00e9co","Casses-noisettes","D\u00e9co Montr\u00e9al","D\u00e9co Th\u00e9rapie","D\u00e9coration Qu\u00e9bec","D\u00e9corations de No\u00ebl","d\u00e9corer \u00e0 petits prix","featured","House Beautiful","id\u00e9es d\u00e9co","Id\u00e9es pour la maison","Lonny","lumi\u00e8res ext\u00e9rieures","No\u00ebl","Rue Magazine"],"articleSection":["Fran\u00e7ais","Hiver","No\u00ebl"],"inLanguage":"en-US","potentialAction":[{"@type":"CommentAction","name":"Comment","target":["https:\/\/damasketdentelle.com\/index.php\/2024\/12\/noel-vintage-ou-les-noels-de-mon-enfance\/#respond"]}]},{"@type":"WebPage","@id":"https:\/\/damasketdentelle.com\/index.php\/2024\/12\/noel-vintage-ou-les-noels-de-mon-enfance\/","url":"https:\/\/damasketdentelle.com\/index.php\/2024\/12\/noel-vintage-ou-les-noels-de-mon-enfance\/","name":"No\u00ebl Vintage ou les no\u00ebls de mon enfance - Interior design ideas","isPartOf":{"@id":"https:\/\/damasketdentelle.com\/#website"},"primaryImageOfPage":{"@id":"https:\/\/damasketdentelle.com\/index.php\/2024\/12\/noel-vintage-ou-les-noels-de-mon-enfance\/#primaryimage"},"image":{"@id":"https:\/\/damasketdentelle.com\/index.php\/2024\/12\/noel-vintage-ou-les-noels-de-mon-enfance\/#primaryimage"},"thumbnailUrl":"https:\/\/blog.damasketdentelle.com\/wp-content\/uploads\/arbre-enfance.jpg","datePublished":"2024-12-20T13:11:57+00:00","dateModified":"2024-12-20T15:14:36+00:00","author":{"@id":"https:\/\/damasketdentelle.com\/#\/schema\/person\/ab66dcd0f6a0e1954b4a4aaac173acee"},"description":"No\u00ebl c\u2019est ce moment de l\u2019ann\u00e9e o\u00f9 le temps semble ralentir o\u00f9 on c\u00e9l\u00e8bre les traditions qui nous sont ch\u00e8res. Je me suis inspir\u00e9e du catalogue festif de Home Depot Canada pour vous partager certaines des tendances de mon enfance toujours actuelles.\u00a0","breadcrumb":{"@id":"https:\/\/damasketdentelle.com\/index.php\/2024\/12\/noel-vintage-ou-les-noels-de-mon-enfance\/#breadcrumb"},"inLanguage":"en-US","potentialAction":[{"@type":"ReadAction","target":["https:\/\/damasketdentelle.com\/index.php\/2024\/12\/noel-vintage-ou-les-noels-de-mon-enfance\/"]}]},{"@type":"ImageObject","inLanguage":"en-US","@id":"https:\/\/damasketdentelle.com\/index.php\/2024\/12\/noel-vintage-ou-les-noels-de-mon-enfance\/#primaryimage","url":"https:\/\/blog.damasketdentelle.com\/wp-content\/uploads\/arbre-enfance.jpg","contentUrl":"https:\/\/blog.damasketdentelle.com\/wp-content\/uploads\/arbre-enfance.jpg","width":736,"height":920},{"@type":"BreadcrumbList","@id":"https:\/\/damasketdentelle.com\/index.php\/2024\/12\/noel-vintage-ou-les-noels-de-mon-enfance\/#breadcrumb","itemListElement":[{"@type":"ListItem","position":1,"name":"Home","item":"https:\/\/damasketdentelle.com\/"},{"@type":"ListItem","position":2,"name":"No\u00ebl Vintage ou les no\u00ebls de mon enfance"}]},{"@type":"WebSite","@id":"https:\/\/damasketdentelle.com\/#website","url":"https:\/\/damasketdentelle.com\/","name":"Damask &amp; Dentelle","description":"Storytelling, Design and urban manifestos","potentialAction":[{"@type":"SearchAction","target":{"@type":"EntryPoint","urlTemplate":"https:\/\/damasketdentelle.com\/?s={search_term_string}"},"query-input":{"@type":"PropertyValueSpecification","valueRequired":true,"valueName":"search_term_string"}}],"inLanguage":"en-US"},{"@type":"Person","@id":"https:\/\/damasketdentelle.com\/#\/schema\/person\/ab66dcd0f6a0e1954b4a4aaac173acee","name":"Vanessa Sicotte","image":{"@type":"ImageObject","inLanguage":"en-US","@id":"https:\/\/secure.gravatar.com\/avatar\/7710c0e6cd087dff617e494d4e51105fae871a738d48c9031273d8920420be5b?s=96&d=mm&r=g","url":"https:\/\/secure.gravatar.com\/avatar\/7710c0e6cd087dff617e494d4e51105fae871a738d48c9031273d8920420be5b?s=96&d=mm&r=g","contentUrl":"https:\/\/secure.gravatar.com\/avatar\/7710c0e6cd087dff617e494d4e51105fae871a738d48c9031273d8920420be5b?s=96&d=mm&r=g","caption":"Vanessa Sicotte"},"sameAs":["https:\/\/blog.damasketdentelle.com\/wp-login.php"],"url":"https:\/\/damasketdentelle.com\/index.php\/author\/vanessa\/"}]}},"_links":{"self":[{"href":"https:\/\/damasketdentelle.com\/index.php\/wp-json\/wp\/v2\/posts\/23945","targetHints":{"allow":["GET"]}}],"collection":[{"href":"https:\/\/damasketdentelle.com\/index.php\/wp-json\/wp\/v2\/posts"}],"about":[{"href":"https:\/\/damasketdentelle.com\/index.php\/wp-json\/wp\/v2\/types\/post"}],"author":[{"embeddable":true,"href":"https:\/\/damasketdentelle.com\/index.php\/wp-json\/wp\/v2\/users\/1"}],"replies":[{"embeddable":true,"href":"https:\/\/damasketdentelle.com\/index.php\/wp-json\/wp\/v2\/comments?post=23945"}],"version-history":[{"count":8,"href":"https:\/\/damasketdentelle.com\/index.php\/wp-json\/wp\/v2\/posts\/23945\/revisions"}],"predecessor-version":[{"id":27856,"href":"https:\/\/damasketdentelle.com\/index.php\/wp-json\/wp\/v2\/posts\/23945\/revisions\/27856"}],"wp:featuredmedia":[{"embeddable":true,"href":"https:\/\/damasketdentelle.com\/index.php\/wp-json\/wp\/v2\/media\/27848"}],"wp:attachment":[{"href":"https:\/\/damasketdentelle.com\/index.php\/wp-json\/wp\/v2\/media?parent=23945"}],"wp:term":[{"taxonomy":"category","embeddable":true,"href":"https:\/\/damasketdentelle.com\/index.php\/wp-json\/wp\/v2\/categories?post=23945"},{"taxonomy":"post_tag","embeddable":true,"href":"https:\/\/damasketdentelle.com\/index.php\/wp-json\/wp\/v2\/tags?post=23945"}],"curies":[{"name":"wp","href":"https:\/\/api.w.org\/{rel}","templated":true}]}}