{"id":24462,"date":"2019-01-28T10:28:00","date_gmt":"2019-01-28T15:28:00","guid":{"rendered":"https:\/\/damasketdentelle.com\/?p=24462"},"modified":"2020-07-30T12:20:52","modified_gmt":"2020-07-30T16:20:52","slug":"mes-coups-de-coeur-du-salon-expohabitation-de-montreal-un-tirage","status":"publish","type":"post","link":"https:\/\/damasketdentelle.com\/index.php\/2019\/01\/mes-coups-de-coeur-du-salon-expohabitation-de-montreal-un-tirage\/","title":{"rendered":"Mes coups de coeur du Salon Expohabitation de Montr\u00e9al + un tirage\u00a0"},"content":{"rendered":"<p><img loading=\"lazy\" decoding=\"async\" class=\"aligncenter size-full wp-image-24484\" src=\"https:\/\/blog.damasketdentelle.com\/wp-content\/uploads\/expohabitation00002.jpg\" alt=\"\" width=\"4240\" height=\"2832\" srcset=\"https:\/\/blog.damasketdentelle.com\/wp-content\/uploads\/expohabitation00002.jpg 4240w, https:\/\/blog.damasketdentelle.com\/wp-content\/uploads\/expohabitation00002-450x301.jpg 450w, https:\/\/blog.damasketdentelle.com\/wp-content\/uploads\/expohabitation00002-768x513.jpg 768w, https:\/\/blog.damasketdentelle.com\/wp-content\/uploads\/expohabitation00002-695x464.jpg 695w\" sizes=\"auto, (max-width: 4240px) 100vw, 4240px\" \/><\/p>\n<p>Que faites-vous entre le 7 et le 10 f\u00e9vrier prochain? Je vais vous le dire moi, vous allez faire un tour au <a href=\"https:\/\/expohabitation.ca\/?gclid=CjwKCAiAyrXiBRAjEiwATI95mT9_konL7EcqUJbH2brvHFoE1X1Pz_fr7WZWNLZ19K2pIcmF5LZKYBoCnUkQAvD_BwE\">Salon Expohabitation<\/a>!<span class=\"Apple-converted-space\">\u00a0<\/span><\/p>\n<p>Avec des centaines d\u2019exposants, ce n\u2019est pas une surprise que le salon ai choisi, comme nid, le Stade Olympique. Pour vous donner un petit aper\u00e7u de ce que vous allez pouvoir trouver au salon, je vous ai fait la liste de mes cinq coups de coeur de l\u2019\u00e9dition 2019 o\u00f9 vous constaterez qu\u2019un fil conducteur bien vert tisse, entre elles, toutes mes s\u00e9lections.<span class=\"Apple-converted-space\">\u00a0<\/span><\/p>\n<p>En effet, la nature est<span class=\"Apple-converted-space\">\u00a0 <\/span>une des tendances phares en fait de construction, r\u00e9novation et am\u00e9nagement de nos int\u00e9rieurs ramenant la plan\u00e8te au centre de nos pr\u00e9occupations avec des produits novateurs, des proc\u00e9d\u00e9s \u00e9co-responsables et des mat\u00e9riaux de sources \u00e9quitables ou d\u2019exploitation responsable.<span class=\"Apple-converted-space\">\u00a0<\/span><\/p>\n<p><img loading=\"lazy\" decoding=\"async\" class=\"aligncenter size-full wp-image-24485\" src=\"https:\/\/blog.damasketdentelle.com\/wp-content\/uploads\/expohabitation00001.jpg\" alt=\"\" width=\"2655\" height=\"3282\" srcset=\"https:\/\/blog.damasketdentelle.com\/wp-content\/uploads\/expohabitation00001.jpg 2655w, https:\/\/blog.damasketdentelle.com\/wp-content\/uploads\/expohabitation00001-364x450.jpg 364w, https:\/\/blog.damasketdentelle.com\/wp-content\/uploads\/expohabitation00001-768x949.jpg 768w, https:\/\/blog.damasketdentelle.com\/wp-content\/uploads\/expohabitation00001-695x859.jpg 695w\" sizes=\"auto, (max-width: 2655px) 100vw, 2655px\" \/><\/p>\n<h3><a href=\"https:\/\/www.2chancedeco.com\">2 Chance D\u00e9co<\/a><\/h3>\n<p>Situ\u00e9e \u00e0 Bromont cette compagnie se sp\u00e9cialise dans la cr\u00e9ation &amp; le relooking d\u2019objets d\u00e9co et de meubles au look vintage et industriel. En utilisant des mat\u00e9riaux comme le bois recycl\u00e9, le m\u00e9tal, et des objets chin\u00e9s, leur offre est assur\u00e9ment \u00e9co-responsable et unique. J\u2019ai craqu\u00e9 pour leurs grands casiers d\u2019\u00e9cole et leurs lampes de table uniques.<span class=\"Apple-converted-space\">\u00a0<\/span><\/p>\n<h3><a href=\"https:\/\/www.belvedair.ca\">Belvedair<\/a><\/h3>\n<p>Belvedair est un entrepreneur g\u00e9n\u00e9ral en construction, sp\u00e9cialis\u00e9 dans la conception et la construction de maisons \u00e9cologiques. Pour moi il y a deux aspects qui m\u2019importent le plus: primo Les constructions sont \u00e9cologiques et deuzio chaque maison est unique et \u00e7a j\u2019aime \u00e7a! C\u2019est ce genre de fabrication que j\u2019envisage un jour pour ma \u201cmodern farmhouse\u201d \u00e0 moi.<span class=\"Apple-converted-space\">\u00a0<\/span><\/p>\n<h3><a href=\"https:\/\/lempreinte.ca\">L\u2019Empreinte Design Architecture<span class=\"Apple-converted-space\">\u00a0<\/span><\/a><\/h3>\n<p>Je craque pour la mission de l\u2019Empreinte qui est tellement align\u00e9e avec mes propres valeurs en fait de construction et de r\u00e9novation.<span class=\"Apple-converted-space\">\u00a0 <\/span>\u201cNous concevons des maisons ou les r\u00e9novons pour vous rapprocher de la nature et de son \u00e9nergie vitale. Nous les travaillons afin d&#8217;ouvrir leurs fronti\u00e8res aux ambiances ext\u00e9rieures (luminosit\u00e9, v\u00e9g\u00e9tation, sol, ciel, vues, sons, air frais), \u00e9tudier l\u2019int\u00e9gration au site et valoriser les mati\u00e8res \u00e0 caract\u00e8re brut et naturel. Nous int\u00e9grons l\u2019\u00e9nergie ressour\u00e7ante de la nature au confort de vos maisons.<\/p>\n<p>Nous les optimisons afin de r\u00e9duire leur taille et am\u00e9liorer leur qualit\u00e9, leur facilit\u00e9 d\u2019entretien et leur consommation d\u2019\u00e9nergie. Nous utilisons la g\u00e9om\u00e9trie et la transparence pour jouer l\u2019effet de grandeur et enrichir les points de vue.\u201d &#8211; Pierre-Olivier Lepage, fondateur.<span class=\"Apple-converted-space\">\u00a0<\/span><\/p>\n<h3><a href=\"http:\/\/paysagegourmand.ca\">Paysage Gourmand<\/a><\/h3>\n<p>En voila une id\u00e9e qui est absolument g\u00e9niale: cr\u00e9er des am\u00e9nagements paysagers comestibles! En plus de rendre nos lopins de terrain jolis et verdoyants, on peut en plus s\u2019y nourrir de petits fruits, de fines herbes et autres. R\u00e9cipiendaires du Prix du d\u00e9veloppement durable 2018 de la Financi\u00e8re agricole du Qu\u00e9bec, l\u2019\u00e9quipe de Paysage Gourmand s\u2019affaire \u00e0 cr\u00e9er des environnements faisant appel \u00e0 nos 5 sens.<span class=\"Apple-converted-space\">\u00a0<\/span><\/p>\n<p>Dans ses mots: \u201c Nous cultivons la passion du comestible en cr\u00e9ant des paysages faisant appel \u00e0 tous les sens avec une \u00e9quipe multidisciplinaire propuls\u00e9e par cette volont\u00e9 et cette passion. Nous relevons tous les d\u00e9fis en combinant formations, comp\u00e9tences et exp\u00e9riences compl\u00e9mentaires en horticulture, am\u00e9nagement paysager, architecture du paysage, arts visuels et environnement. Paysage gourmand rassemble des gens inspir\u00e9s par la permaculture et heureux de contribuer \u00e0 une meilleure soci\u00e9t\u00e9 et au d\u00e9veloppement durable selon nos valeurs de solidarit\u00e9, de collaboration et de respect de la nature.\u201d &#8211; Guillaume Pelland<\/p>\n<p>Ne ratez pas sa conf\u00e9rence intitul\u00e9e: L&#8217;am\u00e9nagement paysager comestible \u00e0 entretien minimal\u00a0qui sera tenue au salon soit: Vendredi 8 f\u00e9vrier : <b>15h, <\/b>Samedi 9 f\u00e9vrier : <b>14h ou <\/b>Dimanche 10 f\u00e9vrier : <b>14h<\/b><\/p>\n<p><img loading=\"lazy\" decoding=\"async\" class=\"aligncenter size-full wp-image-24487\" src=\"https:\/\/blog.damasketdentelle.com\/wp-content\/uploads\/expohabitation00007.jpg\" alt=\"\" width=\"864\" height=\"576\" srcset=\"https:\/\/blog.damasketdentelle.com\/wp-content\/uploads\/expohabitation00007.jpg 864w, https:\/\/blog.damasketdentelle.com\/wp-content\/uploads\/expohabitation00007-450x300.jpg 450w, https:\/\/blog.damasketdentelle.com\/wp-content\/uploads\/expohabitation00007-768x512.jpg 768w, https:\/\/blog.damasketdentelle.com\/wp-content\/uploads\/expohabitation00007-695x463.jpg 695w\" sizes=\"auto, (max-width: 864px) 100vw, 864px\" \/><\/p>\n<h3><a href=\"https:\/\/www.skyllassunstrum.com\/fr_CA\/\">Skyllas &amp; Sundstrum<\/a><\/h3>\n<p>Skyllas &amp; Sundstrum proposent des meubles et vasques de salle de bain en mat\u00e9riaux inusit\u00e9s comme le marbre poli, l\u2019onyx, la racine de teck, le bois p\u00e9trifi\u00e9 et autres. J\u2019aime les formes naturelles qu\u2019arborent les produits propos\u00e9s. On y sent leur texture sous les doigts, on admire leur design unique et la qualit\u00e9 de leur confection. Certes les produits propos\u00e9s ne sont pas tous bon march\u00e9, mais lorsque vient le temps de r\u00e9nover une des pi\u00e8ces les plus importantes de la maison, on veut s\u2019assurer de faire des choix qui dureront dans le temps de par leur qualit\u00e9 et leur style novateur.<span class=\"Apple-converted-space\">\u00a0<\/span><\/p>\n<p>L\u2019angle \u00e9co? S&amp;S s\u2019assure que tous leurs produits r\u00e9sultent d&#8217;une exploitation responsable et durable des ressources utilis\u00e9es.<span class=\"Apple-converted-space\">\u00a0<\/span><\/p>\n<p><img loading=\"lazy\" decoding=\"async\" class=\"aligncenter size-full wp-image-24486\" src=\"https:\/\/blog.damasketdentelle.com\/wp-content\/uploads\/expohabitation00006.jpg\" alt=\"\" width=\"3600\" height=\"2400\" srcset=\"https:\/\/blog.damasketdentelle.com\/wp-content\/uploads\/expohabitation00006.jpg 3600w, https:\/\/blog.damasketdentelle.com\/wp-content\/uploads\/expohabitation00006-450x300.jpg 450w, https:\/\/blog.damasketdentelle.com\/wp-content\/uploads\/expohabitation00006-768x512.jpg 768w, https:\/\/blog.damasketdentelle.com\/wp-content\/uploads\/expohabitation00006-695x463.jpg 695w\" sizes=\"auto, (max-width: 3600px) 100vw, 3600px\" \/><\/p>\n<h3><b>TIRAGE:<\/b><span class=\"Apple-converted-space\">\u00a0<\/span><\/h3>\n<p>Je vais faire gagner 5 paires de billets + 5 passes familiales (2 adultes + enfants). Pour participer c\u2019est vraiment tout simple:<span class=\"Apple-converted-space\">\u00a0<\/span><\/p>\n<ol>\n<li>Allez AIMER la page Facebook du Salon Expohabitation <a href=\"https:\/\/www.facebook.com\/SalonHabitation\/\"><b>ICI<\/b><\/a>.<span class=\"Apple-converted-space\">\u00a0<\/span><\/li>\n<li>Si ce n\u2019est d\u00e9j\u00e0 fait, AIMEZ aussi la page Facebook du Blogue de Damask &amp; Dentelle <a href=\"https:\/\/www.facebook.com\/damasketdentelle\/\"><b>ICI<\/b><\/a>.<span class=\"Apple-converted-space\">\u00a0<\/span><\/li>\n<li>Laissez un commentaire ICI m\u00eame sur le blogue en me laissant un petit mot sur comment vous avez h\u00e2te d\u2019y aller ou, si vous pr\u00e9f\u00e9rez, en r\u00e9pondant \u00e0 la question math\u00e9matique suivante: 1 + 1 = ?. :)<span class=\"Apple-converted-space\">\u00a0<\/span><\/li>\n<\/ol>\n<p>Le tirage sera fait le 4 f\u00e9vrier prochain \u00e0 10h et les personnes gagnantes seront contact\u00e9es par courriel. N\u2019oubliez pas de laisser vos commentaires ici sur le blogue. Les billets du salon seront valides entre le 7 et le 10 f\u00e9vrier 2019.<\/p>\n<p><i>Ce billet est commandit\u00e9 mais le contenu est le mien et repr\u00e9sente mes opinions.<span class=\"Apple-converted-space\">\u00a0<\/span><\/i><\/p>\n","protected":false},"excerpt":{"rendered":"<p>Que faites-vous entre le 7 et le 10 f\u00e9vrier prochain? Je vais vous le dire moi, vous allez faire un tour au Salon Expohabitation!\u00a0 Avec des centaines d\u2019exposants, ce n\u2019est pas une surprise que le salon ai choisi, comme nid, le Stade Olympique. Pour vous donner un petit aper\u00e7u de ce que vous allez pouvoir&#8230;<\/p>\n<p><a class=\"more-link\" href=\"https:\/\/damasketdentelle.com\/index.php\/2019\/01\/mes-coups-de-coeur-du-salon-expohabitation-de-montreal-un-tirage\/\">Read More<\/a><\/p>","protected":false},"author":1,"featured_media":24484,"comment_status":"open","ping_status":"open","sticky":false,"template":"","format":"standard","meta":{"_genesis_hide_title":false,"_genesis_hide_breadcrumbs":false,"_genesis_hide_singular_image":false,"_genesis_hide_footer_widgets":false,"_genesis_custom_body_class":"","_genesis_custom_post_class":"","_genesis_layout":"","footnotes":""},"categories":[1122,3432],"tags":[4312,4314,3490,4310,2236,4315,3457,4311,924,3489,4316,4313,230],"class_list":{"0":"post-24462","1":"post","2":"type-post","3":"status-publish","4":"format-standard","5":"has-post-thumbnail","7":"category-events-openings","8":"category-francais","9":"tag-amenagement","10":"tag-apartment-therapy","11":"tag-astuces-deco","12":"tag-boutiques-de-deco","13":"tag-deco-montreal","14":"tag-deco-therapie","15":"tag-decoration-quebec","16":"tag-decorer-a-petits-prix","17":"tag-house-beautiful","18":"tag-idees-deco","19":"tag-idees-pour-la-maison","20":"tag-lonny","21":"tag-rue-magazine","22":"entry"},"yoast_head":"<!-- This site is optimized with the Yoast SEO plugin v27.4 - https:\/\/yoast.com\/product\/yoast-seo-wordpress\/ -->\n<title>Mes coups de coeur du Salon Expohabitation de Montr\u00e9al + un tirage\u00a0<\/title>\n<meta name=\"description\" content=\"Voici un petit aper\u00e7u de ce que vous allez pouvoir trouver au Salon Expohabitation, je vous ai fait la liste de mes cinq coups de coeur de l\u2019\u00e9dition 2019.\" \/>\n<meta name=\"robots\" content=\"index, follow, max-snippet:-1, max-image-preview:large, max-video-preview:-1\" \/>\n<link rel=\"canonical\" href=\"https:\/\/damasketdentelle.com\/index.php\/2019\/01\/mes-coups-de-coeur-du-salon-expohabitation-de-montreal-un-tirage\/\" \/>\n<meta property=\"og:locale\" content=\"en_US\" \/>\n<meta property=\"og:type\" content=\"article\" \/>\n<meta property=\"og:title\" content=\"Mes coups de coeur du Salon Expohabitation de Montr\u00e9al + un tirage\u00a0\" \/>\n<meta property=\"og:description\" content=\"Voici un petit aper\u00e7u de ce que vous allez pouvoir trouver au Salon Expohabitation, je vous ai fait la liste de mes cinq coups de coeur de l\u2019\u00e9dition 2019.\" \/>\n<meta property=\"og:url\" content=\"https:\/\/damasketdentelle.com\/index.php\/2019\/01\/mes-coups-de-coeur-du-salon-expohabitation-de-montreal-un-tirage\/\" \/>\n<meta property=\"og:site_name\" content=\"Damask &amp; Dentelle\" \/>\n<meta property=\"article:publisher\" content=\"https:\/\/www.facebook.com\/damasketdentelle\" \/>\n<meta property=\"article:published_time\" content=\"2019-01-28T15:28:00+00:00\" \/>\n<meta property=\"article:modified_time\" content=\"2020-07-30T16:20:52+00:00\" \/>\n<meta property=\"og:image\" content=\"https:\/\/blog.damasketdentelle.com\/wp-content\/uploads\/expohabitation00002.jpg\" \/>\n\t<meta property=\"og:image:width\" content=\"4240\" \/>\n\t<meta property=\"og:image:height\" content=\"2832\" \/>\n\t<meta property=\"og:image:type\" content=\"image\/jpeg\" \/>\n<meta name=\"author\" content=\"Vanessa Sicotte\" \/>\n<meta name=\"twitter:label1\" content=\"Written by\" \/>\n\t<meta name=\"twitter:data1\" content=\"Vanessa Sicotte\" \/>\n\t<meta name=\"twitter:label2\" content=\"Est. reading time\" \/>\n\t<meta name=\"twitter:data2\" content=\"5 minutes\" \/>\n<script type=\"application\/ld+json\" class=\"yoast-schema-graph\">{\"@context\":\"https:\\\/\\\/schema.org\",\"@graph\":[{\"@type\":\"Article\",\"@id\":\"https:\\\/\\\/damasketdentelle.com\\\/index.php\\\/2019\\\/01\\\/mes-coups-de-coeur-du-salon-expohabitation-de-montreal-un-tirage\\\/#article\",\"isPartOf\":{\"@id\":\"https:\\\/\\\/damasketdentelle.com\\\/index.php\\\/2019\\\/01\\\/mes-coups-de-coeur-du-salon-expohabitation-de-montreal-un-tirage\\\/\"},\"author\":{\"name\":\"Vanessa Sicotte\",\"@id\":\"https:\\\/\\\/damasketdentelle.com\\\/#\\\/schema\\\/person\\\/ab66dcd0f6a0e1954b4a4aaac173acee\"},\"headline\":\"Mes coups de coeur du Salon Expohabitation de Montr\u00e9al + un tirage\u00a0\",\"datePublished\":\"2019-01-28T15:28:00+00:00\",\"dateModified\":\"2020-07-30T16:20:52+00:00\",\"mainEntityOfPage\":{\"@id\":\"https:\\\/\\\/damasketdentelle.com\\\/index.php\\\/2019\\\/01\\\/mes-coups-de-coeur-du-salon-expohabitation-de-montreal-un-tirage\\\/\"},\"wordCount\":926,\"commentCount\":14,\"image\":{\"@id\":\"https:\\\/\\\/damasketdentelle.com\\\/index.php\\\/2019\\\/01\\\/mes-coups-de-coeur-du-salon-expohabitation-de-montreal-un-tirage\\\/#primaryimage\"},\"thumbnailUrl\":\"https:\\\/\\\/blog.damasketdentelle.com\\\/wp-content\\\/uploads\\\/expohabitation00002.jpg\",\"keywords\":[\"am\u00e9nagement\",\"Apartment Therapy\",\"astuces d\u00e9co\",\"boutiques de d\u00e9co\",\"D\u00e9co Montr\u00e9al\",\"D\u00e9co Th\u00e9rapie\",\"D\u00e9coration Qu\u00e9bec\",\"d\u00e9corer \u00e0 petits prix\",\"House Beautiful\",\"id\u00e9es d\u00e9co\",\"Id\u00e9es pour la maison\",\"Lonny\",\"Rue Magazine\"],\"articleSection\":[\"\u00e9v\u00e8nements\",\"Fran\u00e7ais\"],\"inLanguage\":\"en-US\",\"potentialAction\":[{\"@type\":\"CommentAction\",\"name\":\"Comment\",\"target\":[\"https:\\\/\\\/damasketdentelle.com\\\/index.php\\\/2019\\\/01\\\/mes-coups-de-coeur-du-salon-expohabitation-de-montreal-un-tirage\\\/#respond\"]}]},{\"@type\":\"WebPage\",\"@id\":\"https:\\\/\\\/damasketdentelle.com\\\/index.php\\\/2019\\\/01\\\/mes-coups-de-coeur-du-salon-expohabitation-de-montreal-un-tirage\\\/\",\"url\":\"https:\\\/\\\/damasketdentelle.com\\\/index.php\\\/2019\\\/01\\\/mes-coups-de-coeur-du-salon-expohabitation-de-montreal-un-tirage\\\/\",\"name\":\"Mes coups de coeur du Salon Expohabitation de Montr\u00e9al + un tirage\u00a0\",\"isPartOf\":{\"@id\":\"https:\\\/\\\/damasketdentelle.com\\\/#website\"},\"primaryImageOfPage\":{\"@id\":\"https:\\\/\\\/damasketdentelle.com\\\/index.php\\\/2019\\\/01\\\/mes-coups-de-coeur-du-salon-expohabitation-de-montreal-un-tirage\\\/#primaryimage\"},\"image\":{\"@id\":\"https:\\\/\\\/damasketdentelle.com\\\/index.php\\\/2019\\\/01\\\/mes-coups-de-coeur-du-salon-expohabitation-de-montreal-un-tirage\\\/#primaryimage\"},\"thumbnailUrl\":\"https:\\\/\\\/blog.damasketdentelle.com\\\/wp-content\\\/uploads\\\/expohabitation00002.jpg\",\"datePublished\":\"2019-01-28T15:28:00+00:00\",\"dateModified\":\"2020-07-30T16:20:52+00:00\",\"author\":{\"@id\":\"https:\\\/\\\/damasketdentelle.com\\\/#\\\/schema\\\/person\\\/ab66dcd0f6a0e1954b4a4aaac173acee\"},\"description\":\"Voici un petit aper\u00e7u de ce que vous allez pouvoir trouver au Salon Expohabitation, je vous ai fait la liste de mes cinq coups de coeur de l\u2019\u00e9dition 2019.\",\"breadcrumb\":{\"@id\":\"https:\\\/\\\/damasketdentelle.com\\\/index.php\\\/2019\\\/01\\\/mes-coups-de-coeur-du-salon-expohabitation-de-montreal-un-tirage\\\/#breadcrumb\"},\"inLanguage\":\"en-US\",\"potentialAction\":[{\"@type\":\"ReadAction\",\"target\":[\"https:\\\/\\\/damasketdentelle.com\\\/index.php\\\/2019\\\/01\\\/mes-coups-de-coeur-du-salon-expohabitation-de-montreal-un-tirage\\\/\"]}]},{\"@type\":\"ImageObject\",\"inLanguage\":\"en-US\",\"@id\":\"https:\\\/\\\/damasketdentelle.com\\\/index.php\\\/2019\\\/01\\\/mes-coups-de-coeur-du-salon-expohabitation-de-montreal-un-tirage\\\/#primaryimage\",\"url\":\"https:\\\/\\\/blog.damasketdentelle.com\\\/wp-content\\\/uploads\\\/expohabitation00002.jpg\",\"contentUrl\":\"https:\\\/\\\/blog.damasketdentelle.com\\\/wp-content\\\/uploads\\\/expohabitation00002.jpg\",\"width\":4240,\"height\":2832},{\"@type\":\"BreadcrumbList\",\"@id\":\"https:\\\/\\\/damasketdentelle.com\\\/index.php\\\/2019\\\/01\\\/mes-coups-de-coeur-du-salon-expohabitation-de-montreal-un-tirage\\\/#breadcrumb\",\"itemListElement\":[{\"@type\":\"ListItem\",\"position\":1,\"name\":\"Home\",\"item\":\"https:\\\/\\\/damasketdentelle.com\\\/\"},{\"@type\":\"ListItem\",\"position\":2,\"name\":\"Mes coups de coeur du Salon Expohabitation de Montr\u00e9al + un tirage\u00a0\"}]},{\"@type\":\"WebSite\",\"@id\":\"https:\\\/\\\/damasketdentelle.com\\\/#website\",\"url\":\"https:\\\/\\\/damasketdentelle.com\\\/\",\"name\":\"Damask &amp; Dentelle\",\"description\":\"Storytelling, Design and urban manifestos\",\"potentialAction\":[{\"@type\":\"SearchAction\",\"target\":{\"@type\":\"EntryPoint\",\"urlTemplate\":\"https:\\\/\\\/damasketdentelle.com\\\/?s={search_term_string}\"},\"query-input\":{\"@type\":\"PropertyValueSpecification\",\"valueRequired\":true,\"valueName\":\"search_term_string\"}}],\"inLanguage\":\"en-US\"},{\"@type\":\"Person\",\"@id\":\"https:\\\/\\\/damasketdentelle.com\\\/#\\\/schema\\\/person\\\/ab66dcd0f6a0e1954b4a4aaac173acee\",\"name\":\"Vanessa Sicotte\",\"image\":{\"@type\":\"ImageObject\",\"inLanguage\":\"en-US\",\"@id\":\"https:\\\/\\\/secure.gravatar.com\\\/avatar\\\/7710c0e6cd087dff617e494d4e51105fae871a738d48c9031273d8920420be5b?s=96&d=mm&r=g\",\"url\":\"https:\\\/\\\/secure.gravatar.com\\\/avatar\\\/7710c0e6cd087dff617e494d4e51105fae871a738d48c9031273d8920420be5b?s=96&d=mm&r=g\",\"contentUrl\":\"https:\\\/\\\/secure.gravatar.com\\\/avatar\\\/7710c0e6cd087dff617e494d4e51105fae871a738d48c9031273d8920420be5b?s=96&d=mm&r=g\",\"caption\":\"Vanessa Sicotte\"},\"sameAs\":[\"https:\\\/\\\/blog.damasketdentelle.com\\\/wp-login.php\"],\"url\":\"https:\\\/\\\/damasketdentelle.com\\\/index.php\\\/author\\\/vanessa\\\/\"}]}<\/script>\n<!-- \/ Yoast SEO plugin. -->","yoast_head_json":{"title":"Mes coups de coeur du Salon Expohabitation de Montr\u00e9al + un tirage\u00a0","description":"Voici un petit aper\u00e7u de ce que vous allez pouvoir trouver au Salon Expohabitation, je vous ai fait la liste de mes cinq coups de coeur de l\u2019\u00e9dition 2019.","robots":{"index":"index","follow":"follow","max-snippet":"max-snippet:-1","max-image-preview":"max-image-preview:large","max-video-preview":"max-video-preview:-1"},"canonical":"https:\/\/damasketdentelle.com\/index.php\/2019\/01\/mes-coups-de-coeur-du-salon-expohabitation-de-montreal-un-tirage\/","og_locale":"en_US","og_type":"article","og_title":"Mes coups de coeur du Salon Expohabitation de Montr\u00e9al + un tirage\u00a0","og_description":"Voici un petit aper\u00e7u de ce que vous allez pouvoir trouver au Salon Expohabitation, je vous ai fait la liste de mes cinq coups de coeur de l\u2019\u00e9dition 2019.","og_url":"https:\/\/damasketdentelle.com\/index.php\/2019\/01\/mes-coups-de-coeur-du-salon-expohabitation-de-montreal-un-tirage\/","og_site_name":"Damask &amp; Dentelle","article_publisher":"https:\/\/www.facebook.com\/damasketdentelle","article_published_time":"2019-01-28T15:28:00+00:00","article_modified_time":"2020-07-30T16:20:52+00:00","og_image":[{"width":4240,"height":2832,"url":"https:\/\/blog.damasketdentelle.com\/wp-content\/uploads\/expohabitation00002.jpg","type":"image\/jpeg"}],"author":"Vanessa Sicotte","twitter_misc":{"Written by":"Vanessa Sicotte","Est. reading time":"5 minutes"},"schema":{"@context":"https:\/\/schema.org","@graph":[{"@type":"Article","@id":"https:\/\/damasketdentelle.com\/index.php\/2019\/01\/mes-coups-de-coeur-du-salon-expohabitation-de-montreal-un-tirage\/#article","isPartOf":{"@id":"https:\/\/damasketdentelle.com\/index.php\/2019\/01\/mes-coups-de-coeur-du-salon-expohabitation-de-montreal-un-tirage\/"},"author":{"name":"Vanessa Sicotte","@id":"https:\/\/damasketdentelle.com\/#\/schema\/person\/ab66dcd0f6a0e1954b4a4aaac173acee"},"headline":"Mes coups de coeur du Salon Expohabitation de Montr\u00e9al + un tirage\u00a0","datePublished":"2019-01-28T15:28:00+00:00","dateModified":"2020-07-30T16:20:52+00:00","mainEntityOfPage":{"@id":"https:\/\/damasketdentelle.com\/index.php\/2019\/01\/mes-coups-de-coeur-du-salon-expohabitation-de-montreal-un-tirage\/"},"wordCount":926,"commentCount":14,"image":{"@id":"https:\/\/damasketdentelle.com\/index.php\/2019\/01\/mes-coups-de-coeur-du-salon-expohabitation-de-montreal-un-tirage\/#primaryimage"},"thumbnailUrl":"https:\/\/blog.damasketdentelle.com\/wp-content\/uploads\/expohabitation00002.jpg","keywords":["am\u00e9nagement","Apartment Therapy","astuces d\u00e9co","boutiques de d\u00e9co","D\u00e9co Montr\u00e9al","D\u00e9co Th\u00e9rapie","D\u00e9coration Qu\u00e9bec","d\u00e9corer \u00e0 petits prix","House Beautiful","id\u00e9es d\u00e9co","Id\u00e9es pour la maison","Lonny","Rue Magazine"],"articleSection":["\u00e9v\u00e8nements","Fran\u00e7ais"],"inLanguage":"en-US","potentialAction":[{"@type":"CommentAction","name":"Comment","target":["https:\/\/damasketdentelle.com\/index.php\/2019\/01\/mes-coups-de-coeur-du-salon-expohabitation-de-montreal-un-tirage\/#respond"]}]},{"@type":"WebPage","@id":"https:\/\/damasketdentelle.com\/index.php\/2019\/01\/mes-coups-de-coeur-du-salon-expohabitation-de-montreal-un-tirage\/","url":"https:\/\/damasketdentelle.com\/index.php\/2019\/01\/mes-coups-de-coeur-du-salon-expohabitation-de-montreal-un-tirage\/","name":"Mes coups de coeur du Salon Expohabitation de Montr\u00e9al + un tirage\u00a0","isPartOf":{"@id":"https:\/\/damasketdentelle.com\/#website"},"primaryImageOfPage":{"@id":"https:\/\/damasketdentelle.com\/index.php\/2019\/01\/mes-coups-de-coeur-du-salon-expohabitation-de-montreal-un-tirage\/#primaryimage"},"image":{"@id":"https:\/\/damasketdentelle.com\/index.php\/2019\/01\/mes-coups-de-coeur-du-salon-expohabitation-de-montreal-un-tirage\/#primaryimage"},"thumbnailUrl":"https:\/\/blog.damasketdentelle.com\/wp-content\/uploads\/expohabitation00002.jpg","datePublished":"2019-01-28T15:28:00+00:00","dateModified":"2020-07-30T16:20:52+00:00","author":{"@id":"https:\/\/damasketdentelle.com\/#\/schema\/person\/ab66dcd0f6a0e1954b4a4aaac173acee"},"description":"Voici un petit aper\u00e7u de ce que vous allez pouvoir trouver au Salon Expohabitation, je vous ai fait la liste de mes cinq coups de coeur de l\u2019\u00e9dition 2019.","breadcrumb":{"@id":"https:\/\/damasketdentelle.com\/index.php\/2019\/01\/mes-coups-de-coeur-du-salon-expohabitation-de-montreal-un-tirage\/#breadcrumb"},"inLanguage":"en-US","potentialAction":[{"@type":"ReadAction","target":["https:\/\/damasketdentelle.com\/index.php\/2019\/01\/mes-coups-de-coeur-du-salon-expohabitation-de-montreal-un-tirage\/"]}]},{"@type":"ImageObject","inLanguage":"en-US","@id":"https:\/\/damasketdentelle.com\/index.php\/2019\/01\/mes-coups-de-coeur-du-salon-expohabitation-de-montreal-un-tirage\/#primaryimage","url":"https:\/\/blog.damasketdentelle.com\/wp-content\/uploads\/expohabitation00002.jpg","contentUrl":"https:\/\/blog.damasketdentelle.com\/wp-content\/uploads\/expohabitation00002.jpg","width":4240,"height":2832},{"@type":"BreadcrumbList","@id":"https:\/\/damasketdentelle.com\/index.php\/2019\/01\/mes-coups-de-coeur-du-salon-expohabitation-de-montreal-un-tirage\/#breadcrumb","itemListElement":[{"@type":"ListItem","position":1,"name":"Home","item":"https:\/\/damasketdentelle.com\/"},{"@type":"ListItem","position":2,"name":"Mes coups de coeur du Salon Expohabitation de Montr\u00e9al + un tirage\u00a0"}]},{"@type":"WebSite","@id":"https:\/\/damasketdentelle.com\/#website","url":"https:\/\/damasketdentelle.com\/","name":"Damask &amp; Dentelle","description":"Storytelling, Design and urban manifestos","potentialAction":[{"@type":"SearchAction","target":{"@type":"EntryPoint","urlTemplate":"https:\/\/damasketdentelle.com\/?s={search_term_string}"},"query-input":{"@type":"PropertyValueSpecification","valueRequired":true,"valueName":"search_term_string"}}],"inLanguage":"en-US"},{"@type":"Person","@id":"https:\/\/damasketdentelle.com\/#\/schema\/person\/ab66dcd0f6a0e1954b4a4aaac173acee","name":"Vanessa Sicotte","image":{"@type":"ImageObject","inLanguage":"en-US","@id":"https:\/\/secure.gravatar.com\/avatar\/7710c0e6cd087dff617e494d4e51105fae871a738d48c9031273d8920420be5b?s=96&d=mm&r=g","url":"https:\/\/secure.gravatar.com\/avatar\/7710c0e6cd087dff617e494d4e51105fae871a738d48c9031273d8920420be5b?s=96&d=mm&r=g","contentUrl":"https:\/\/secure.gravatar.com\/avatar\/7710c0e6cd087dff617e494d4e51105fae871a738d48c9031273d8920420be5b?s=96&d=mm&r=g","caption":"Vanessa Sicotte"},"sameAs":["https:\/\/blog.damasketdentelle.com\/wp-login.php"],"url":"https:\/\/damasketdentelle.com\/index.php\/author\/vanessa\/"}]}},"_links":{"self":[{"href":"https:\/\/damasketdentelle.com\/index.php\/wp-json\/wp\/v2\/posts\/24462","targetHints":{"allow":["GET"]}}],"collection":[{"href":"https:\/\/damasketdentelle.com\/index.php\/wp-json\/wp\/v2\/posts"}],"about":[{"href":"https:\/\/damasketdentelle.com\/index.php\/wp-json\/wp\/v2\/types\/post"}],"author":[{"embeddable":true,"href":"https:\/\/damasketdentelle.com\/index.php\/wp-json\/wp\/v2\/users\/1"}],"replies":[{"embeddable":true,"href":"https:\/\/damasketdentelle.com\/index.php\/wp-json\/wp\/v2\/comments?post=24462"}],"version-history":[{"count":6,"href":"https:\/\/damasketdentelle.com\/index.php\/wp-json\/wp\/v2\/posts\/24462\/revisions"}],"predecessor-version":[{"id":25860,"href":"https:\/\/damasketdentelle.com\/index.php\/wp-json\/wp\/v2\/posts\/24462\/revisions\/25860"}],"wp:featuredmedia":[{"embeddable":true,"href":"https:\/\/damasketdentelle.com\/index.php\/wp-json\/wp\/v2\/media\/24484"}],"wp:attachment":[{"href":"https:\/\/damasketdentelle.com\/index.php\/wp-json\/wp\/v2\/media?parent=24462"}],"wp:term":[{"taxonomy":"category","embeddable":true,"href":"https:\/\/damasketdentelle.com\/index.php\/wp-json\/wp\/v2\/categories?post=24462"},{"taxonomy":"post_tag","embeddable":true,"href":"https:\/\/damasketdentelle.com\/index.php\/wp-json\/wp\/v2\/tags?post=24462"}],"curies":[{"name":"wp","href":"https:\/\/api.w.org\/{rel}","templated":true}]}}