{"id":25026,"date":"2019-06-20T08:30:36","date_gmt":"2019-06-20T12:30:36","guid":{"rendered":"https:\/\/damasketdentelle.com\/?p=25026"},"modified":"2020-07-30T12:14:32","modified_gmt":"2020-07-30T16:14:32","slug":"ma-cuisine-change-de-look-avec-la-peinture-craie-decorative-de-behr","status":"publish","type":"post","link":"https:\/\/damasketdentelle.com\/index.php\/2019\/06\/ma-cuisine-change-de-look-avec-la-peinture-craie-decorative-de-behr\/","title":{"rendered":"Ma cuisine change de look avec la peinture-craie d\u00e9corative de BEHR"},"content":{"rendered":"<p><i>Ce billet est commandit\u00e9 par la compagnie de peinture Behr. Les choix design et les propos sont les miens.<\/i><span class=\"Apple-converted-space\">\u00a0<\/span><\/p>\n<p>Cinq ans, trois enfants, un chien gourmand, trois repas par jour, \u00e7a fait 1095 repas, d\u2019innombrables collations, des partys, et des gros soupers de famille. Notre cuisine en a vu du monde depuis que nous avons achet\u00e9 la maison! Je n\u2019ai donc pas h\u00e9sit\u00e9 une seconde pour essayer la <a href=\"https:\/\/fr.behr.ca\/consumer\/products\/decorative-finishes\/chalk?utm_source=Studio71&amp;utm_medium=Paid_Influencer&amp;utm_campaign=Wavemaker_BEHRCanada&amp;utm_content=Vanessa_ChalkDecorativePaintFrench\">peinture-craie d\u00e9corative<b> <\/b>BEHR<sup>MD<\/sup><\/a> et ainsi rafra\u00eechir le look de ma \u201cbeloved\u201d cuisine.<span class=\"Apple-converted-space\">\u00a0<\/span><\/p>\n<div id=\"attachment_25060\" style=\"width: 862px\" class=\"wp-caption aligncenter\"><img loading=\"lazy\" decoding=\"async\" aria-describedby=\"caption-attachment-25060\" class=\"wp-image-25060 \" src=\"https:\/\/blog.damasketdentelle.com\/wp-content\/uploads\/egp_photo_2013_9_10_635144471659728750-1.jpg\" alt=\"\" width=\"852\" height=\"568\" srcset=\"https:\/\/blog.damasketdentelle.com\/wp-content\/uploads\/egp_photo_2013_9_10_635144471659728750-1.jpg 750w, https:\/\/blog.damasketdentelle.com\/wp-content\/uploads\/egp_photo_2013_9_10_635144471659728750-1-450x300.jpg 450w, https:\/\/blog.damasketdentelle.com\/wp-content\/uploads\/egp_photo_2013_9_10_635144471659728750-1-695x463.jpg 695w\" sizes=\"auto, (max-width: 852px) 100vw, 852px\" \/><p id=\"caption-attachment-25060\" class=\"wp-caption-text\">La cuisine lors de l&#8217;achat de la maison en 2013. Nous l&#8217;avions baptis\u00e9e la fiesta mexicaine.<\/p><\/div>\n<p>Notre cuisine est de type laboratoire. Id\u00e9ale pour son efficacit\u00e9, ce style de cuisine propose deux comptoirs parall\u00e8les espac\u00e9s de 4 \u00e0 5 pieds maximum afin que tous les produits, \u00e9quipements et \u00e9lectrom\u00e9nagers soient accessibles facilement en engendrant un minimum de d\u00e9placement. Le revers de la m\u00e9daille d\u2019un tel am\u00e9nagement est que la cuisine laboratoire para\u00eet parfois \u00e0 l\u2019\u00e9troit quand on y est plusieurs ou, en fait de design, un espace plus restreint peut donner le sentiment qu\u2019on peut y injecter moins de touches personnalis\u00e9es.<span class=\"Apple-converted-space\">\u00a0<\/span><\/p>\n<div id=\"attachment_25059\" style=\"width: 862px\" class=\"wp-caption aligncenter\"><img loading=\"lazy\" decoding=\"async\" aria-describedby=\"caption-attachment-25059\" class=\"wp-image-25059 \" src=\"https:\/\/blog.damasketdentelle.com\/wp-content\/uploads\/Junophoto_damask-et-dentelle_cuisine-renovation_HR-003.jpg\" alt=\"\" width=\"852\" height=\"578\" srcset=\"https:\/\/blog.damasketdentelle.com\/wp-content\/uploads\/Junophoto_damask-et-dentelle_cuisine-renovation_HR-003.jpg 2048w, https:\/\/blog.damasketdentelle.com\/wp-content\/uploads\/Junophoto_damask-et-dentelle_cuisine-renovation_HR-003-450x305.jpg 450w, https:\/\/blog.damasketdentelle.com\/wp-content\/uploads\/Junophoto_damask-et-dentelle_cuisine-renovation_HR-003-768x521.jpg 768w, https:\/\/blog.damasketdentelle.com\/wp-content\/uploads\/Junophoto_damask-et-dentelle_cuisine-renovation_HR-003-695x472.jpg 695w\" sizes=\"auto, (max-width: 852px) 100vw, 852px\" \/><p id=\"caption-attachment-25059\" class=\"wp-caption-text\">Sa premi\u00e8re transformation apr\u00e8s l&#8217;emm\u00e9nagement, en noir et blanc.<\/p><\/div>\n<p>\u00c0 la premi\u00e8re inqui\u00e9tude, je suis d\u2019accord, il faut savoir \u201cdanser\u201d dans la pi\u00e8ce quand on est deux \u00e0 cuisiner, un art que mon ch\u00e9ri et moi avons perfectionn\u00e9 depuis quelques ann\u00e9es. En fait de la deuxi\u00e8me objection, l\u00e0 je suis en d\u00e9saccord. J\u2019ai toujours \u00e9t\u00e9 d\u2019avis que ce sont dans les petites pi\u00e8ces o\u00f9 l\u2019on peut cr\u00e9er le plus grand impact visuel. Il faut simplement oser.<span class=\"Apple-converted-space\">\u00a0<\/span><\/p>\n<h3>LA PR\u00c9PARATION<\/h3>\n<p>Avant de se lancer t\u00eate premi\u00e8re dans une transformation comme celle-ci, une bonne pr\u00e9paration est essentielle. La <a href=\"https:\/\/fr.behr.ca\/consumer\/products\/decorative-finishes\/chalk\/behr-chalk-decorative-paint?utm_source=Studio71&amp;utm_medium=Paid_Influencer&amp;utm_campaign=Wavemaker_BEHRCanada&amp;utm_content=Vanessa_ChalkDecorativePaintFrench\">peinture-craie d\u00e9corative <\/a>BEHR<sup>MD <\/sup>est une peinture tr\u00e8s facile \u00e0 travailler, mais il faut lui donner le canevas id\u00e9al sur lequel le faire, en commen\u00e7ant par un l\u00e9ger sablage des armoires pour augmenter l\u2019adh\u00e9rence de la peinture sur la surface. Une fois le sablage termin\u00e9, je nettoie toutes les surfaces avec du TSP pour enlever la poussi\u00e8re de sablage et la graisse de cuisson. Finalement, j\u2019appose du ruban cache l\u00e0 partout o\u00f9 les armoires rencontrent les murs et le plancher afin d\u2019\u00e9viter les d\u00e9g\u00e2ts et les mauvaises surprises.<\/p>\n<p><img loading=\"lazy\" decoding=\"async\" class=\"aligncenter wp-image-25045\" src=\"https:\/\/blog.damasketdentelle.com\/wp-content\/uploads\/damask_dentelle_behr_peinture_decorative_craie00001.jpg\" alt=\"\" width=\"851\" height=\"1135\" srcset=\"https:\/\/blog.damasketdentelle.com\/wp-content\/uploads\/damask_dentelle_behr_peinture_decorative_craie00001.jpg 2812w, https:\/\/blog.damasketdentelle.com\/wp-content\/uploads\/damask_dentelle_behr_peinture_decorative_craie00001-338x450.jpg 338w, https:\/\/blog.damasketdentelle.com\/wp-content\/uploads\/damask_dentelle_behr_peinture_decorative_craie00001-768x1024.jpg 768w, https:\/\/blog.damasketdentelle.com\/wp-content\/uploads\/damask_dentelle_behr_peinture_decorative_craie00001-695x927.jpg 695w\" sizes=\"auto, (max-width: 851px) 100vw, 851px\" \/><\/p>\n<p><img loading=\"lazy\" decoding=\"async\" class=\"aligncenter wp-image-25047\" src=\"https:\/\/blog.damasketdentelle.com\/wp-content\/uploads\/damask_dentelle_behr_peinture_decorative_craie00004.jpg\" alt=\"\" width=\"850\" height=\"1133\" srcset=\"https:\/\/blog.damasketdentelle.com\/wp-content\/uploads\/damask_dentelle_behr_peinture_decorative_craie00004.jpg 2682w, https:\/\/blog.damasketdentelle.com\/wp-content\/uploads\/damask_dentelle_behr_peinture_decorative_craie00004-337x450.jpg 337w, https:\/\/blog.damasketdentelle.com\/wp-content\/uploads\/damask_dentelle_behr_peinture_decorative_craie00004-768x1024.jpg 768w, https:\/\/blog.damasketdentelle.com\/wp-content\/uploads\/damask_dentelle_behr_peinture_decorative_craie00004-695x927.jpg 695w\" sizes=\"auto, (max-width: 850px) 100vw, 850px\" \/><\/p>\n<h3>LES COULEURS<\/h3>\n<p>Une fois la pr\u00e9paration faite, c\u2019est le moment de peindre. J\u2019aime vraiment travailler avec la peinture-craie d\u00e9corative. Son fini poudreux et mat, le fait qu\u2019elle procure un enduit lisse, les traces visibles de pinceau sur la surface. Tous ces \u00e9l\u00e9ments d\u00e9montrent une peinture qui a du caract\u00e8re, id\u00e9ale pour cr\u00e9er des effets rustiques. \u00c7a c\u2019est la peinture en soit, mais quelle couleur choisir? Behr propose 45 diff\u00e9rentes couleurs desquelles choisir et donc le choix n\u2019a pas \u00e9t\u00e9 facile. J\u2019ai finalement opt\u00e9 pour <a href=\"https:\/\/fr.behr.ca\/consumer\/products\/decorative-finishes\/chalk?utm_source=Studio71&amp;utm_medium=Paid_Influencer&amp;utm_campaign=Wavemaker_BEHRCanada&amp;utm_content=Vanessa_ChalkDecorativePaintFrench\">Soie verte (BCP21)<\/a> qui est satur\u00e9e mais pas agressante, joyeuse et printani\u00e8re. Au pinceau et avec un petit rouleau mousse, j\u2019ai appliqu\u00e9 deux couches uniformes sur toutes les portes et caissons, en attendant deux heures entre les couches pour m\u2019assurer que tout a bien s\u00e9ch\u00e9. Et pour ajouter une petite touche inattendue, j\u2019ai peint l\u2019int\u00e9rieur des portes d\u2019une seconde couleur, <a href=\"https:\/\/fr.behr.ca\/consumer\/products\/decorative-finishes\/chalk?utm_source=Studio71&amp;utm_medium=Paid_Influencer&amp;utm_campaign=Wavemaker_BEHRCanada&amp;utm_content=Vanessa_ChalkDecorativePaintFrench\">Rose miniature (BCP02)<\/a>.<\/p>\n<p><img loading=\"lazy\" decoding=\"async\" class=\"aligncenter wp-image-25051\" src=\"https:\/\/blog.damasketdentelle.com\/wp-content\/uploads\/damask_dentelle_behr_peinture_decorative_craie00008.jpg\" alt=\"\" width=\"850\" height=\"1133\" srcset=\"https:\/\/blog.damasketdentelle.com\/wp-content\/uploads\/damask_dentelle_behr_peinture_decorative_craie00008.jpg 1536w, https:\/\/blog.damasketdentelle.com\/wp-content\/uploads\/damask_dentelle_behr_peinture_decorative_craie00008-338x450.jpg 338w, https:\/\/blog.damasketdentelle.com\/wp-content\/uploads\/damask_dentelle_behr_peinture_decorative_craie00008-768x1024.jpg 768w, https:\/\/blog.damasketdentelle.com\/wp-content\/uploads\/damask_dentelle_behr_peinture_decorative_craie00008-695x927.jpg 695w\" sizes=\"auto, (max-width: 850px) 100vw, 850px\" \/><\/p>\n<p>En plus j\u2019ai r\u00e9ussi \u00e0 couvrir mes 31 portes et tiroirs plus les caissons avec un quart de gallon pour la premi\u00e8re couche et la m\u00eame quantit\u00e9 pour la deuxi\u00e8me. Pour l\u2019int\u00e9rieur des portes j\u2019ai utilis\u00e9 les 3\/4 d\u2019un quart de gallon pour faire les deux couches.<\/p>\n<div id=\"attachment_25050\" style=\"width: 860px\" class=\"wp-caption aligncenter\"><img loading=\"lazy\" decoding=\"async\" aria-describedby=\"caption-attachment-25050\" class=\"wp-image-25050 \" src=\"https:\/\/blog.damasketdentelle.com\/wp-content\/uploads\/damask_dentelle_behr_peinture_decorative_craie00007.jpg\" alt=\"\" width=\"850\" height=\"1132\" srcset=\"https:\/\/blog.damasketdentelle.com\/wp-content\/uploads\/damask_dentelle_behr_peinture_decorative_craie00007.jpg 1537w, https:\/\/blog.damasketdentelle.com\/wp-content\/uploads\/damask_dentelle_behr_peinture_decorative_craie00007-338x450.jpg 338w, https:\/\/blog.damasketdentelle.com\/wp-content\/uploads\/damask_dentelle_behr_peinture_decorative_craie00007-768x1023.jpg 768w, https:\/\/blog.damasketdentelle.com\/wp-content\/uploads\/damask_dentelle_behr_peinture_decorative_craie00007-695x926.jpg 695w\" sizes=\"auto, (max-width: 850px) 100vw, 850px\" \/><p id=\"caption-attachment-25050\" class=\"wp-caption-text\">Deux couches de peinture plus tard, il faut laisser s\u00e9cher avant d&#8217;appliquer la cire.<\/p><\/div>\n<h3>LA CIRE<\/h3>\n<p>Pour terminer le projet et donner un fini de longue dur\u00e9e \u00e0 la peinture, il est fortement conseill\u00e9 d\u2019appliquer de la cire sur chaque surface peinte une fois la peinture s\u00e8che. La fonction de la cire est de cr\u00e9er une protection en scellant la surface et aussi de procurer un lustre riche et satin\u00e9. <a href=\"https:\/\/fr.behr.ca\/consumer\/products\/decorative-finishes\/chalk\/behr-wax-decorative-finish?utm_source=Studio71&amp;utm_medium=Paid_Influencer&amp;utm_campaign=Wavemaker_BEHRCanada&amp;utm_content=Vanessa_WaxDecorativeFinishFrench\">Diff\u00e9rentes cires existent<\/a> pour cr\u00e9er diff\u00e9rents effets, mais dans le cas de ma cuisine, j\u2019ai opt\u00e9 pour le <a href=\"https:\/\/fr.behr.ca\/consumer\/products\/decorative-finishes\/chalk\/behr-wax-decorative-finish?utm_source=Studio71&amp;utm_medium=Paid_Influencer&amp;utm_campaign=Wavemaker_BEHRCanada&amp;utm_content=Vanessa_WaxDecorativeFinishFrench\">fini-cire d\u00e9coratif<\/a> BEHR<sup>MD<\/sup> en incolore. Une fois la cire appliqu\u00e9e, il faut la laisser s\u00e9cher avant de la frotter pour la faire briller. Le r\u00e9sultat est \u00e9tonnant je vous dis, comment la peinture passe d\u2019ultra matte \u00e0 lisse tout en conservant son aspect rustique et donne au final une apparence qui me pla\u00eet.<span class=\"Apple-converted-space\">\u00a0<\/span><\/p>\n<p><img loading=\"lazy\" decoding=\"async\" class=\"aligncenter wp-image-25046\" src=\"https:\/\/blog.damasketdentelle.com\/wp-content\/uploads\/damask_dentelle_behr_peinture_decorative_craie00003.jpg\" alt=\"\" width=\"850\" height=\"1133\" srcset=\"https:\/\/blog.damasketdentelle.com\/wp-content\/uploads\/damask_dentelle_behr_peinture_decorative_craie00003.jpg 3024w, https:\/\/blog.damasketdentelle.com\/wp-content\/uploads\/damask_dentelle_behr_peinture_decorative_craie00003-338x450.jpg 338w, https:\/\/blog.damasketdentelle.com\/wp-content\/uploads\/damask_dentelle_behr_peinture_decorative_craie00003-768x1024.jpg 768w, https:\/\/blog.damasketdentelle.com\/wp-content\/uploads\/damask_dentelle_behr_peinture_decorative_craie00003-695x927.jpg 695w\" sizes=\"auto, (max-width: 850px) 100vw, 850px\" \/><\/p>\n<p>Et voil\u00e0, une autre transformation de compl\u00e9t\u00e9e et tout ce qu\u2019il aura fallu pour le faire aura \u00e9t\u00e9 un peu de patience et une belle teinte de vert.<span class=\"Apple-converted-space\">\u00a0<\/span><\/p>\n<p><img loading=\"lazy\" decoding=\"async\" class=\"aligncenter wp-image-25074\" src=\"https:\/\/blog.damasketdentelle.com\/wp-content\/uploads\/damask_dentelle_behr_peinture_decorative_craie00111.jpg\" alt=\"\" width=\"850\" height=\"1133\" srcset=\"https:\/\/blog.damasketdentelle.com\/wp-content\/uploads\/damask_dentelle_behr_peinture_decorative_craie00111.jpg 3024w, https:\/\/blog.damasketdentelle.com\/wp-content\/uploads\/damask_dentelle_behr_peinture_decorative_craie00111-338x450.jpg 338w, https:\/\/blog.damasketdentelle.com\/wp-content\/uploads\/damask_dentelle_behr_peinture_decorative_craie00111-768x1024.jpg 768w, https:\/\/blog.damasketdentelle.com\/wp-content\/uploads\/damask_dentelle_behr_peinture_decorative_craie00111-695x927.jpg 695w\" sizes=\"auto, (max-width: 850px) 100vw, 850px\" \/><\/p>\n<p><img loading=\"lazy\" decoding=\"async\" class=\"aligncenter wp-image-25071\" src=\"https:\/\/blog.damasketdentelle.com\/wp-content\/uploads\/damask_dentelle_behr_peinture_decorative_craie00112.jpeg\" alt=\"\" width=\"851\" height=\"1135\" srcset=\"https:\/\/blog.damasketdentelle.com\/wp-content\/uploads\/damask_dentelle_behr_peinture_decorative_craie00112.jpeg 1536w, https:\/\/blog.damasketdentelle.com\/wp-content\/uploads\/damask_dentelle_behr_peinture_decorative_craie00112-338x450.jpeg 338w, https:\/\/blog.damasketdentelle.com\/wp-content\/uploads\/damask_dentelle_behr_peinture_decorative_craie00112-768x1024.jpeg 768w, https:\/\/blog.damasketdentelle.com\/wp-content\/uploads\/damask_dentelle_behr_peinture_decorative_craie00112-695x927.jpeg 695w\" sizes=\"auto, (max-width: 851px) 100vw, 851px\" \/><\/p>\n<p><img loading=\"lazy\" decoding=\"async\" class=\"aligncenter wp-image-25073\" src=\"https:\/\/blog.damasketdentelle.com\/wp-content\/uploads\/damask_dentelle_behr_peinture_decorative_craie00115.jpeg\" alt=\"\" width=\"850\" height=\"1133\" srcset=\"https:\/\/blog.damasketdentelle.com\/wp-content\/uploads\/damask_dentelle_behr_peinture_decorative_craie00115.jpeg 1536w, https:\/\/blog.damasketdentelle.com\/wp-content\/uploads\/damask_dentelle_behr_peinture_decorative_craie00115-338x450.jpeg 338w, https:\/\/blog.damasketdentelle.com\/wp-content\/uploads\/damask_dentelle_behr_peinture_decorative_craie00115-768x1024.jpeg 768w, https:\/\/blog.damasketdentelle.com\/wp-content\/uploads\/damask_dentelle_behr_peinture_decorative_craie00115-695x927.jpeg 695w\" sizes=\"auto, (max-width: 850px) 100vw, 850px\" \/><\/p>\n<p><img loading=\"lazy\" decoding=\"async\" class=\"aligncenter wp-image-25070\" src=\"https:\/\/blog.damasketdentelle.com\/wp-content\/uploads\/damask_dentelle_behr_peinture_decorative_craie00114.jpeg\" alt=\"\" width=\"850\" height=\"637\" srcset=\"https:\/\/blog.damasketdentelle.com\/wp-content\/uploads\/damask_dentelle_behr_peinture_decorative_craie00114.jpeg 2048w, https:\/\/blog.damasketdentelle.com\/wp-content\/uploads\/damask_dentelle_behr_peinture_decorative_craie00114-450x338.jpeg 450w, https:\/\/blog.damasketdentelle.com\/wp-content\/uploads\/damask_dentelle_behr_peinture_decorative_craie00114-768x576.jpeg 768w, https:\/\/blog.damasketdentelle.com\/wp-content\/uploads\/damask_dentelle_behr_peinture_decorative_craie00114-695x521.jpeg 695w\" sizes=\"auto, (max-width: 850px) 100vw, 850px\" \/><\/p>\n<p><img loading=\"lazy\" decoding=\"async\" class=\"aligncenter wp-image-25071\" src=\"https:\/\/blog.damasketdentelle.com\/wp-content\/uploads\/damask_dentelle_behr_peinture_decorative_craie00112.jpeg\" alt=\"\" width=\"850\" height=\"1133\" srcset=\"https:\/\/blog.damasketdentelle.com\/wp-content\/uploads\/damask_dentelle_behr_peinture_decorative_craie00112.jpeg 1536w, https:\/\/blog.damasketdentelle.com\/wp-content\/uploads\/damask_dentelle_behr_peinture_decorative_craie00112-338x450.jpeg 338w, https:\/\/blog.damasketdentelle.com\/wp-content\/uploads\/damask_dentelle_behr_peinture_decorative_craie00112-768x1024.jpeg 768w, https:\/\/blog.damasketdentelle.com\/wp-content\/uploads\/damask_dentelle_behr_peinture_decorative_craie00112-695x927.jpeg 695w\" sizes=\"auto, (max-width: 850px) 100vw, 850px\" \/><\/p>\n","protected":false},"excerpt":{"rendered":"<p>Ce billet est commandit\u00e9 par la compagnie de peinture Behr. Les choix design et les propos sont les miens.\u00a0 Cinq ans, trois enfants, un chien gourmand, trois repas par jour, \u00e7a fait 1095 repas, d\u2019innombrables collations, des partys, et des gros soupers de famille. Notre cuisine en a vu du monde depuis que nous avons&#8230;<\/p>\n<p><a class=\"more-link\" href=\"https:\/\/damasketdentelle.com\/index.php\/2019\/06\/ma-cuisine-change-de-look-avec-la-peinture-craie-decorative-de-behr\/\">Read More<\/a><\/p>","protected":false},"author":1,"featured_media":25061,"comment_status":"open","ping_status":"open","sticky":false,"template":"","format":"standard","meta":{"_genesis_hide_title":false,"_genesis_hide_breadcrumbs":false,"_genesis_hide_singular_image":false,"_genesis_hide_footer_widgets":false,"_genesis_custom_body_class":"","_genesis_custom_post_class":"","_genesis_layout":"","footnotes":""},"categories":[1254,3432],"tags":[4312,4314,3490,4070,4310,4072,393,2236,4315,3457,4311,2968,924,3489,4316,4313,4071,4074,230,198,4073],"class_list":{"0":"post-25026","1":"post","2":"type-post","3":"status-publish","4":"format-standard","5":"has-post-thumbnail","7":"category-forever-house","8":"category-francais","9":"tag-amenagement","10":"tag-apartment-therapy","11":"tag-astuces-deco","12":"tag-behr-paint-company","13":"tag-boutiques-de-deco","14":"tag-cuisine-verte","15":"tag-damask-dentelle","16":"tag-deco-montreal","17":"tag-deco-therapie","18":"tag-decoration-quebec","19":"tag-decorer-a-petits-prix","20":"tag-featured","21":"tag-house-beautiful","22":"tag-idees-deco","23":"tag-idees-pour-la-maison","24":"tag-lonny","25":"tag-peinture-decorative-craie-behr","26":"tag-repeindre-sa-cuisine","27":"tag-rue-magazine","28":"tag-vanessa-sicotte","29":"tag-vert-soie-bcp21","30":"entry"},"yoast_head":"<!-- This site is optimized with the Yoast SEO plugin v26.1.1 - https:\/\/yoast.com\/wordpress\/plugins\/seo\/ -->\n<title>Ma cuisine change de look avec la peinture-craie d\u00e9corative de BEHR<\/title>\n<meta name=\"description\" content=\"J&#039;ai repeint les armoires de ma cuisine avec la peinture-craie d\u00e9corative de Behr. Je vous partage les \u00e9tapes de ma transformation.\" \/>\n<meta name=\"robots\" content=\"index, follow, max-snippet:-1, max-image-preview:large, max-video-preview:-1\" \/>\n<link rel=\"canonical\" href=\"https:\/\/damasketdentelle.com\/index.php\/2019\/06\/ma-cuisine-change-de-look-avec-la-peinture-craie-decorative-de-behr\/\" \/>\n<meta property=\"og:locale\" content=\"en_US\" \/>\n<meta property=\"og:type\" content=\"article\" \/>\n<meta property=\"og:title\" content=\"Ma cuisine change de look avec la peinture-craie d\u00e9corative de BEHR\" \/>\n<meta property=\"og:description\" content=\"J&#039;ai repeint les armoires de ma cuisine avec la peinture-craie d\u00e9corative de Behr. Je vous partage les \u00e9tapes de ma transformation.\" \/>\n<meta property=\"og:url\" content=\"https:\/\/damasketdentelle.com\/index.php\/2019\/06\/ma-cuisine-change-de-look-avec-la-peinture-craie-decorative-de-behr\/\" \/>\n<meta property=\"og:site_name\" content=\"Damask &amp; Dentelle\" \/>\n<meta property=\"article:publisher\" content=\"https:\/\/www.facebook.com\/damasketdentelle\" \/>\n<meta property=\"article:published_time\" content=\"2019-06-20T12:30:36+00:00\" \/>\n<meta property=\"article:modified_time\" content=\"2020-07-30T16:14:32+00:00\" \/>\n<meta property=\"og:image\" content=\"https:\/\/blog.damasketdentelle.com\/wp-content\/uploads\/damask_dentelle_behr_peinture_decorative_craie00012-1.jpg\" \/>\n\t<meta property=\"og:image:width\" content=\"2960\" \/>\n\t<meta property=\"og:image:height\" content=\"3946\" \/>\n\t<meta property=\"og:image:type\" content=\"image\/jpeg\" \/>\n<meta name=\"author\" content=\"Vanessa Sicotte\" \/>\n<meta name=\"twitter:label1\" content=\"Written by\" \/>\n\t<meta name=\"twitter:data1\" content=\"Vanessa Sicotte\" \/>\n\t<meta name=\"twitter:label2\" content=\"Est. reading time\" \/>\n\t<meta name=\"twitter:data2\" content=\"4 minutes\" \/>\n<script type=\"application\/ld+json\" class=\"yoast-schema-graph\">{\"@context\":\"https:\/\/schema.org\",\"@graph\":[{\"@type\":\"WebPage\",\"@id\":\"https:\/\/damasketdentelle.com\/index.php\/2019\/06\/ma-cuisine-change-de-look-avec-la-peinture-craie-decorative-de-behr\/\",\"url\":\"https:\/\/damasketdentelle.com\/index.php\/2019\/06\/ma-cuisine-change-de-look-avec-la-peinture-craie-decorative-de-behr\/\",\"name\":\"Ma cuisine change de look avec la peinture-craie d\u00e9corative de BEHR\",\"isPartOf\":{\"@id\":\"https:\/\/damasketdentelle.com\/#website\"},\"primaryImageOfPage\":{\"@id\":\"https:\/\/damasketdentelle.com\/index.php\/2019\/06\/ma-cuisine-change-de-look-avec-la-peinture-craie-decorative-de-behr\/#primaryimage\"},\"image\":{\"@id\":\"https:\/\/damasketdentelle.com\/index.php\/2019\/06\/ma-cuisine-change-de-look-avec-la-peinture-craie-decorative-de-behr\/#primaryimage\"},\"thumbnailUrl\":\"https:\/\/blog.damasketdentelle.com\/wp-content\/uploads\/damask_dentelle_behr_peinture_decorative_craie00012-1.jpg\",\"datePublished\":\"2019-06-20T12:30:36+00:00\",\"dateModified\":\"2020-07-30T16:14:32+00:00\",\"author\":{\"@id\":\"https:\/\/damasketdentelle.com\/#\/schema\/person\/ab66dcd0f6a0e1954b4a4aaac173acee\"},\"description\":\"J'ai repeint les armoires de ma cuisine avec la peinture-craie d\u00e9corative de Behr. Je vous partage les \u00e9tapes de ma transformation.\",\"breadcrumb\":{\"@id\":\"https:\/\/damasketdentelle.com\/index.php\/2019\/06\/ma-cuisine-change-de-look-avec-la-peinture-craie-decorative-de-behr\/#breadcrumb\"},\"inLanguage\":\"en-US\",\"potentialAction\":[{\"@type\":\"ReadAction\",\"target\":[\"https:\/\/damasketdentelle.com\/index.php\/2019\/06\/ma-cuisine-change-de-look-avec-la-peinture-craie-decorative-de-behr\/\"]}]},{\"@type\":\"ImageObject\",\"inLanguage\":\"en-US\",\"@id\":\"https:\/\/damasketdentelle.com\/index.php\/2019\/06\/ma-cuisine-change-de-look-avec-la-peinture-craie-decorative-de-behr\/#primaryimage\",\"url\":\"https:\/\/blog.damasketdentelle.com\/wp-content\/uploads\/damask_dentelle_behr_peinture_decorative_craie00012-1.jpg\",\"contentUrl\":\"https:\/\/blog.damasketdentelle.com\/wp-content\/uploads\/damask_dentelle_behr_peinture_decorative_craie00012-1.jpg\",\"width\":2960,\"height\":3946},{\"@type\":\"BreadcrumbList\",\"@id\":\"https:\/\/damasketdentelle.com\/index.php\/2019\/06\/ma-cuisine-change-de-look-avec-la-peinture-craie-decorative-de-behr\/#breadcrumb\",\"itemListElement\":[{\"@type\":\"ListItem\",\"position\":1,\"name\":\"Home\",\"item\":\"https:\/\/damasketdentelle.com\/\"},{\"@type\":\"ListItem\",\"position\":2,\"name\":\"Ma cuisine change de look avec la peinture-craie d\u00e9corative de BEHR\"}]},{\"@type\":\"WebSite\",\"@id\":\"https:\/\/damasketdentelle.com\/#website\",\"url\":\"https:\/\/damasketdentelle.com\/\",\"name\":\"Damask &amp; Dentelle\",\"description\":\"Storytelling, Design and urban manifestos\",\"potentialAction\":[{\"@type\":\"SearchAction\",\"target\":{\"@type\":\"EntryPoint\",\"urlTemplate\":\"https:\/\/damasketdentelle.com\/?s={search_term_string}\"},\"query-input\":{\"@type\":\"PropertyValueSpecification\",\"valueRequired\":true,\"valueName\":\"search_term_string\"}}],\"inLanguage\":\"en-US\"},{\"@type\":\"Person\",\"@id\":\"https:\/\/damasketdentelle.com\/#\/schema\/person\/ab66dcd0f6a0e1954b4a4aaac173acee\",\"name\":\"Vanessa Sicotte\",\"image\":{\"@type\":\"ImageObject\",\"inLanguage\":\"en-US\",\"@id\":\"https:\/\/damasketdentelle.com\/#\/schema\/person\/image\/\",\"url\":\"https:\/\/secure.gravatar.com\/avatar\/7710c0e6cd087dff617e494d4e51105fae871a738d48c9031273d8920420be5b?s=96&d=mm&r=g\",\"contentUrl\":\"https:\/\/secure.gravatar.com\/avatar\/7710c0e6cd087dff617e494d4e51105fae871a738d48c9031273d8920420be5b?s=96&d=mm&r=g\",\"caption\":\"Vanessa Sicotte\"},\"sameAs\":[\"https:\/\/blog.damasketdentelle.com\/wp-login.php\"],\"url\":\"https:\/\/damasketdentelle.com\/index.php\/author\/vanessa\/\"}]}<\/script>\n<!-- \/ Yoast SEO plugin. -->","yoast_head_json":{"title":"Ma cuisine change de look avec la peinture-craie d\u00e9corative de BEHR","description":"J'ai repeint les armoires de ma cuisine avec la peinture-craie d\u00e9corative de Behr. Je vous partage les \u00e9tapes de ma transformation.","robots":{"index":"index","follow":"follow","max-snippet":"max-snippet:-1","max-image-preview":"max-image-preview:large","max-video-preview":"max-video-preview:-1"},"canonical":"https:\/\/damasketdentelle.com\/index.php\/2019\/06\/ma-cuisine-change-de-look-avec-la-peinture-craie-decorative-de-behr\/","og_locale":"en_US","og_type":"article","og_title":"Ma cuisine change de look avec la peinture-craie d\u00e9corative de BEHR","og_description":"J'ai repeint les armoires de ma cuisine avec la peinture-craie d\u00e9corative de Behr. Je vous partage les \u00e9tapes de ma transformation.","og_url":"https:\/\/damasketdentelle.com\/index.php\/2019\/06\/ma-cuisine-change-de-look-avec-la-peinture-craie-decorative-de-behr\/","og_site_name":"Damask &amp; Dentelle","article_publisher":"https:\/\/www.facebook.com\/damasketdentelle","article_published_time":"2019-06-20T12:30:36+00:00","article_modified_time":"2020-07-30T16:14:32+00:00","og_image":[{"width":2960,"height":3946,"url":"https:\/\/blog.damasketdentelle.com\/wp-content\/uploads\/damask_dentelle_behr_peinture_decorative_craie00012-1.jpg","type":"image\/jpeg"}],"author":"Vanessa Sicotte","twitter_misc":{"Written by":"Vanessa Sicotte","Est. reading time":"4 minutes"},"schema":{"@context":"https:\/\/schema.org","@graph":[{"@type":"WebPage","@id":"https:\/\/damasketdentelle.com\/index.php\/2019\/06\/ma-cuisine-change-de-look-avec-la-peinture-craie-decorative-de-behr\/","url":"https:\/\/damasketdentelle.com\/index.php\/2019\/06\/ma-cuisine-change-de-look-avec-la-peinture-craie-decorative-de-behr\/","name":"Ma cuisine change de look avec la peinture-craie d\u00e9corative de BEHR","isPartOf":{"@id":"https:\/\/damasketdentelle.com\/#website"},"primaryImageOfPage":{"@id":"https:\/\/damasketdentelle.com\/index.php\/2019\/06\/ma-cuisine-change-de-look-avec-la-peinture-craie-decorative-de-behr\/#primaryimage"},"image":{"@id":"https:\/\/damasketdentelle.com\/index.php\/2019\/06\/ma-cuisine-change-de-look-avec-la-peinture-craie-decorative-de-behr\/#primaryimage"},"thumbnailUrl":"https:\/\/blog.damasketdentelle.com\/wp-content\/uploads\/damask_dentelle_behr_peinture_decorative_craie00012-1.jpg","datePublished":"2019-06-20T12:30:36+00:00","dateModified":"2020-07-30T16:14:32+00:00","author":{"@id":"https:\/\/damasketdentelle.com\/#\/schema\/person\/ab66dcd0f6a0e1954b4a4aaac173acee"},"description":"J'ai repeint les armoires de ma cuisine avec la peinture-craie d\u00e9corative de Behr. Je vous partage les \u00e9tapes de ma transformation.","breadcrumb":{"@id":"https:\/\/damasketdentelle.com\/index.php\/2019\/06\/ma-cuisine-change-de-look-avec-la-peinture-craie-decorative-de-behr\/#breadcrumb"},"inLanguage":"en-US","potentialAction":[{"@type":"ReadAction","target":["https:\/\/damasketdentelle.com\/index.php\/2019\/06\/ma-cuisine-change-de-look-avec-la-peinture-craie-decorative-de-behr\/"]}]},{"@type":"ImageObject","inLanguage":"en-US","@id":"https:\/\/damasketdentelle.com\/index.php\/2019\/06\/ma-cuisine-change-de-look-avec-la-peinture-craie-decorative-de-behr\/#primaryimage","url":"https:\/\/blog.damasketdentelle.com\/wp-content\/uploads\/damask_dentelle_behr_peinture_decorative_craie00012-1.jpg","contentUrl":"https:\/\/blog.damasketdentelle.com\/wp-content\/uploads\/damask_dentelle_behr_peinture_decorative_craie00012-1.jpg","width":2960,"height":3946},{"@type":"BreadcrumbList","@id":"https:\/\/damasketdentelle.com\/index.php\/2019\/06\/ma-cuisine-change-de-look-avec-la-peinture-craie-decorative-de-behr\/#breadcrumb","itemListElement":[{"@type":"ListItem","position":1,"name":"Home","item":"https:\/\/damasketdentelle.com\/"},{"@type":"ListItem","position":2,"name":"Ma cuisine change de look avec la peinture-craie d\u00e9corative de BEHR"}]},{"@type":"WebSite","@id":"https:\/\/damasketdentelle.com\/#website","url":"https:\/\/damasketdentelle.com\/","name":"Damask &amp; Dentelle","description":"Storytelling, Design and urban manifestos","potentialAction":[{"@type":"SearchAction","target":{"@type":"EntryPoint","urlTemplate":"https:\/\/damasketdentelle.com\/?s={search_term_string}"},"query-input":{"@type":"PropertyValueSpecification","valueRequired":true,"valueName":"search_term_string"}}],"inLanguage":"en-US"},{"@type":"Person","@id":"https:\/\/damasketdentelle.com\/#\/schema\/person\/ab66dcd0f6a0e1954b4a4aaac173acee","name":"Vanessa Sicotte","image":{"@type":"ImageObject","inLanguage":"en-US","@id":"https:\/\/damasketdentelle.com\/#\/schema\/person\/image\/","url":"https:\/\/secure.gravatar.com\/avatar\/7710c0e6cd087dff617e494d4e51105fae871a738d48c9031273d8920420be5b?s=96&d=mm&r=g","contentUrl":"https:\/\/secure.gravatar.com\/avatar\/7710c0e6cd087dff617e494d4e51105fae871a738d48c9031273d8920420be5b?s=96&d=mm&r=g","caption":"Vanessa Sicotte"},"sameAs":["https:\/\/blog.damasketdentelle.com\/wp-login.php"],"url":"https:\/\/damasketdentelle.com\/index.php\/author\/vanessa\/"}]}},"_links":{"self":[{"href":"https:\/\/damasketdentelle.com\/index.php\/wp-json\/wp\/v2\/posts\/25026","targetHints":{"allow":["GET"]}}],"collection":[{"href":"https:\/\/damasketdentelle.com\/index.php\/wp-json\/wp\/v2\/posts"}],"about":[{"href":"https:\/\/damasketdentelle.com\/index.php\/wp-json\/wp\/v2\/types\/post"}],"author":[{"embeddable":true,"href":"https:\/\/damasketdentelle.com\/index.php\/wp-json\/wp\/v2\/users\/1"}],"replies":[{"embeddable":true,"href":"https:\/\/damasketdentelle.com\/index.php\/wp-json\/wp\/v2\/comments?post=25026"}],"version-history":[{"count":11,"href":"https:\/\/damasketdentelle.com\/index.php\/wp-json\/wp\/v2\/posts\/25026\/revisions"}],"predecessor-version":[{"id":25112,"href":"https:\/\/damasketdentelle.com\/index.php\/wp-json\/wp\/v2\/posts\/25026\/revisions\/25112"}],"wp:featuredmedia":[{"embeddable":true,"href":"https:\/\/damasketdentelle.com\/index.php\/wp-json\/wp\/v2\/media\/25061"}],"wp:attachment":[{"href":"https:\/\/damasketdentelle.com\/index.php\/wp-json\/wp\/v2\/media?parent=25026"}],"wp:term":[{"taxonomy":"category","embeddable":true,"href":"https:\/\/damasketdentelle.com\/index.php\/wp-json\/wp\/v2\/categories?post=25026"},{"taxonomy":"post_tag","embeddable":true,"href":"https:\/\/damasketdentelle.com\/index.php\/wp-json\/wp\/v2\/tags?post=25026"}],"curies":[{"name":"wp","href":"https:\/\/api.w.org\/{rel}","templated":true}]}}