{"id":26034,"date":"2019-12-15T17:43:31","date_gmt":"2019-12-15T22:43:31","guid":{"rendered":"https:\/\/damasketdentelle.com\/?p=26034"},"modified":"2020-07-30T12:08:03","modified_gmt":"2020-07-30T16:08:03","slug":"regeneration-plus-quun-theme-un-mode-de-vie","status":"publish","type":"post","link":"https:\/\/damasketdentelle.com\/index.php\/2019\/12\/regeneration-plus-quun-theme-un-mode-de-vie\/","title":{"rendered":"(RE)G\u00c9N\u00c9RATION: Plus qu&#8217;un th\u00e8me, un mode de vie"},"content":{"rendered":"<p><img loading=\"lazy\" decoding=\"async\" class=\"aligncenter size-full wp-image-26037\" src=\"https:\/\/blog.damasketdentelle.com\/wp-content\/uploads\/MO-J20_Th\u00e8me-RE-GENERATION_Concept-verre-MAISON-Hall-6-Today.jpg\" alt=\"\" width=\"1000\" height=\"707\" srcset=\"https:\/\/blog.damasketdentelle.com\/wp-content\/uploads\/MO-J20_Th\u00e8me-RE-GENERATION_Concept-verre-MAISON-Hall-6-Today.jpg 1000w, https:\/\/blog.damasketdentelle.com\/wp-content\/uploads\/MO-J20_Th\u00e8me-RE-GENERATION_Concept-verre-MAISON-Hall-6-Today-450x318.jpg 450w, https:\/\/blog.damasketdentelle.com\/wp-content\/uploads\/MO-J20_Th\u00e8me-RE-GENERATION_Concept-verre-MAISON-Hall-6-Today-695x491.jpg 695w, https:\/\/blog.damasketdentelle.com\/wp-content\/uploads\/MO-J20_Th\u00e8me-RE-GENERATION_Concept-verre-MAISON-Hall-6-Today-768x543.jpg 768w\" sizes=\"auto, (max-width: 1000px) 100vw, 1000px\" \/><\/p>\n<p><span style=\"color: #000000;\">Pour c\u00e9l\u00e9brer son 25\u00e8me anniversaire, <a href=\"https:\/\/www.maison-objet.com\">MAISON&amp;OBJET<\/a> regarde vers l\u2019avenir et explore les nouveaux codes de consommation des g\u00e9n\u00e9rations Y et Z.<\/span><\/p>\n<p><span style=\"color: #000000;\">Sous le th\u00e8me de \u00ab <a href=\"https:\/\/www.maison-objet.com\/fr\/paris\/programme\/inspirations\">(RE) GENERATION<\/a> \u00bb, qui sera d\u00e9clin\u00e9 lors des deux salons de l\u2019ann\u00e9e 2020, M&amp;O pr\u00e9sentera en janvier les envies et attentes d\u2019une \u00ab <strong>g\u00e9n\u00e9ration engag\u00e9e<\/strong> \u00bb qui a grandi dans un monde ponctu\u00e9 de crises: \u00e9conomiques, environnementales, identitaires, migratoires, et en septembre, celles d\u2019une \u00ab <strong>g\u00e9n\u00e9ration augment\u00e9e<\/strong> \u00bb, qui grandit avec Internet et les r\u00e9seaux sociaux. Eclair\u00e9 dans cette r\u00e9flexion par le bureau de conseil international en style et innovation <a href=\"https:\/\/www.nellyrodi.com\/en\/\">Nelly Rodi<\/a>, MAISON&amp;OBJET d\u00e9code ainsi les nouveaux modes de consommation men\u00e9s tambour battant par ces <em>millennials<\/em> qui font bouger les lignes.<\/span><\/p>\n<p><img loading=\"lazy\" decoding=\"async\" class=\"aligncenter size-full wp-image-26036\" src=\"https:\/\/blog.damasketdentelle.com\/wp-content\/uploads\/MO-J20_Th\u00e8me-RE-GENERATION_Begg-co-MAISON-Hall-6-Today-.jpg\" alt=\"\" width=\"714\" height=\"1000\" srcset=\"https:\/\/blog.damasketdentelle.com\/wp-content\/uploads\/MO-J20_Th\u00e8me-RE-GENERATION_Begg-co-MAISON-Hall-6-Today-.jpg 714w, https:\/\/blog.damasketdentelle.com\/wp-content\/uploads\/MO-J20_Th\u00e8me-RE-GENERATION_Begg-co-MAISON-Hall-6-Today--321x450.jpg 321w, https:\/\/blog.damasketdentelle.com\/wp-content\/uploads\/MO-J20_Th\u00e8me-RE-GENERATION_Begg-co-MAISON-Hall-6-Today--695x973.jpg 695w\" sizes=\"auto, (max-width: 714px) 100vw, 714px\" \/><\/p>\n<h3>Qui compose cette g\u00e9n\u00e9ration?<\/h3>\n<p><span style=\"color: #000000;\">\u00ab Face aux crises, ces vingtenaires et trentenaires ont envie de se rassembler pour changer le monde et, \u00e0 l\u2019instar d\u2019une <a href=\"https:\/\/time.com\/person-of-the-year-2019-greta-thunberg\/\">Greta Thunberg (personne de l&#8217;ann\u00e9e 2019 selon le Times<\/a>), ils n\u2019h\u00e9sitent pas \u00e0 s\u2019engager pour le faire \u00bb, note en pr\u00e9ambule Vincent Gr\u00e9goire, fin observateur des tendances chez NellyRodi. \u00ab C\u2019est une g\u00e9n\u00e9ration tr\u00e8s pr\u00e9occup\u00e9e par les questions du sens qui, de ce fait, imprime des valeurs nouvelles dans l\u2019art de vivre. \u00bb C\u2019est ainsi que ces consommateurs \u00e9clair\u00e9s r\u00eavent de retour \u00e0 la terre, de mat\u00e9riaux vegan, de nature dans la maison. Surfant sur leur fibre \u00e9thique, ils pr\u00f4nent un commerce \u00e9quitable, responsable et vertueux. Dans une m\u00eame dynamique, ces adeptes du collectif pl\u00e9biscitent les petites productions r\u00e9gionales, et le retour \u00e0 l\u2019artisanat o\u00f9 s\u2019int\u00e8grent des dimensions sociales et humaines. D\u00e9finitivement concern\u00e9s par la dimension durable, <strong>cette g\u00e9n\u00e9ration engag\u00e9e se r\u00e9v\u00e8le aussi celle du troc et du seconde main, qui \u00e9rige l\u2019<em>upcycling<\/em> en art de vivre<\/strong>. Et \u00e7a, c&#8217;est VRAIMENT ma tasse de th\u00e9 comme on dit!<\/span><\/p>\n<p><img loading=\"lazy\" decoding=\"async\" class=\"aligncenter size-full wp-image-26040\" src=\"https:\/\/blog.damasketdentelle.com\/wp-content\/uploads\/MO-J20_Th\u00e8me-RE-GENERATION_USBEPOWER-OBJET-Hall1-Smart-Gift.jpg\" alt=\"\" width=\"1000\" height=\"1000\" srcset=\"https:\/\/blog.damasketdentelle.com\/wp-content\/uploads\/MO-J20_Th\u00e8me-RE-GENERATION_USBEPOWER-OBJET-Hall1-Smart-Gift.jpg 1000w, https:\/\/blog.damasketdentelle.com\/wp-content\/uploads\/MO-J20_Th\u00e8me-RE-GENERATION_USBEPOWER-OBJET-Hall1-Smart-Gift-450x450.jpg 450w, https:\/\/blog.damasketdentelle.com\/wp-content\/uploads\/MO-J20_Th\u00e8me-RE-GENERATION_USBEPOWER-OBJET-Hall1-Smart-Gift-695x695.jpg 695w, https:\/\/blog.damasketdentelle.com\/wp-content\/uploads\/MO-J20_Th\u00e8me-RE-GENERATION_USBEPOWER-OBJET-Hall1-Smart-Gift-150x150.jpg 150w, https:\/\/blog.damasketdentelle.com\/wp-content\/uploads\/MO-J20_Th\u00e8me-RE-GENERATION_USBEPOWER-OBJET-Hall1-Smart-Gift-768x768.jpg 768w, https:\/\/blog.damasketdentelle.com\/wp-content\/uploads\/MO-J20_Th\u00e8me-RE-GENERATION_USBEPOWER-OBJET-Hall1-Smart-Gift-320x320.jpg 320w\" sizes=\"auto, (max-width: 1000px) 100vw, 1000px\" \/><\/p>\n<h3>Cette g\u00e9n\u00e9ration connect\u00e9e<\/h3>\n<p>\u00ab Infus\u00e9e \u00e0 Internet, cette g\u00e9n\u00e9ration <em>wifi<\/em> cherche aussi un rapport \u00e0 la consommation plus facile et fluide. Les jeunes veulent exp\u00e9rimenter, donner leur avis et cherchent leur inspiration sur la toile \u00bb note Vincent Gr\u00e9goire pour d\u00e9crire ces <em>millenials<\/em>. Connect\u00e9s en tout temps \u00e0 Internet, ils r\u00e9volutionnent aussi les codes du travail, initiateurs d\u2019un nouveau nomadisme et adeptes du co-working qui r\u00e9pond \u00e0 leur besoin de se retrouver en communaut\u00e9. Toujours au fait pour rep\u00e9rer les nouveaux talents sur Instagram et sensibles au dernier objet <em>high- tech<\/em>, ils forgent leur go\u00fbt \u00e0 l\u2019aune d\u2019une esth\u00e9tique digitale o\u00f9 r\u00e8gnent en ma\u00eetre les couleurs pop exag\u00e9r\u00e9es par les \u00e9crans r\u00e9tro-\u00e9clair\u00e9s et l\u2019imagerie de la bande dessin\u00e9e. Leur mantra : l&#8217;\u00e9quilibre h\u00e9doniste qu\u2019ils accompagnent d\u2019une recherche de bien-\u00eatre. Adeptes de la personnalisation qu\u2019offre le web, ils raffolent des messages \u00ab <em>feel good<\/em> \u00bb qui parent coussins, linge de maison et autres objets du quotidien et, en consommateurs ou auteurs de tuttos divers et vari\u00e9s, s\u2019affirment comme des afficionados du DIY.<\/p>\n<p><img loading=\"lazy\" decoding=\"async\" class=\"aligncenter size-full wp-image-26042\" src=\"https:\/\/blog.damasketdentelle.com\/wp-content\/uploads\/MO-J20_Th\u00e8me-RE-GENERATION_Dareels-MAISON-Hall-6-Today.jpg\" alt=\"\" width=\"667\" height=\"1000\" srcset=\"https:\/\/blog.damasketdentelle.com\/wp-content\/uploads\/MO-J20_Th\u00e8me-RE-GENERATION_Dareels-MAISON-Hall-6-Today.jpg 667w, https:\/\/blog.damasketdentelle.com\/wp-content\/uploads\/MO-J20_Th\u00e8me-RE-GENERATION_Dareels-MAISON-Hall-6-Today-300x450.jpg 300w\" sizes=\"auto, (max-width: 667px) 100vw, 667px\" \/><\/p>\n<p><img loading=\"lazy\" decoding=\"async\" class=\"aligncenter size-full wp-image-26041\" src=\"https:\/\/blog.damasketdentelle.com\/wp-content\/uploads\/MO-J20_Th\u00e8me-RE-GENERATION_VINCENT-SHEPPARD-p\u00ecle-Maison-Hall-6-Today-signature-bis.jpg\" alt=\"\" width=\"1000\" height=\"1000\" srcset=\"https:\/\/blog.damasketdentelle.com\/wp-content\/uploads\/MO-J20_Th\u00e8me-RE-GENERATION_VINCENT-SHEPPARD-p\u00ecle-Maison-Hall-6-Today-signature-bis.jpg 1000w, https:\/\/blog.damasketdentelle.com\/wp-content\/uploads\/MO-J20_Th\u00e8me-RE-GENERATION_VINCENT-SHEPPARD-p\u00ecle-Maison-Hall-6-Today-signature-bis-450x450.jpg 450w, https:\/\/blog.damasketdentelle.com\/wp-content\/uploads\/MO-J20_Th\u00e8me-RE-GENERATION_VINCENT-SHEPPARD-p\u00ecle-Maison-Hall-6-Today-signature-bis-695x695.jpg 695w, https:\/\/blog.damasketdentelle.com\/wp-content\/uploads\/MO-J20_Th\u00e8me-RE-GENERATION_VINCENT-SHEPPARD-p\u00ecle-Maison-Hall-6-Today-signature-bis-150x150.jpg 150w, https:\/\/blog.damasketdentelle.com\/wp-content\/uploads\/MO-J20_Th\u00e8me-RE-GENERATION_VINCENT-SHEPPARD-p\u00ecle-Maison-Hall-6-Today-signature-bis-768x768.jpg 768w, https:\/\/blog.damasketdentelle.com\/wp-content\/uploads\/MO-J20_Th\u00e8me-RE-GENERATION_VINCENT-SHEPPARD-p\u00ecle-Maison-Hall-6-Today-signature-bis-320x320.jpg 320w\" sizes=\"auto, (max-width: 1000px) 100vw, 1000px\" \/><\/p>\n<h3>Comment Maison &amp; Objet va interpr\u00e9ter ce th\u00e8me?<\/h3>\n<p>Toujours un temps d\u2019avance sur son \u00e9poque, le designer <a href=\"http:\/\/rfstudio.fr\">Ramy Fischler<\/a> imaginera \u00e0 cette occasion une installation taille XL qui illustrera ces nouveaux modes de consommation.\u00a0Le th\u00e8me sera \u00e9galement d\u00e9clin\u00e9 au sein de la s\u00e9quence <em>What\u2019s New<\/em> avec les nouveaut\u00e9s d\u00e9nich\u00e9es par <a href=\"http:\/\/elizabethleriche.com\">Elizabeth Leriche<\/a>, Fran\u00e7ois Bernard et <a href=\"http:\/\/www.unnouvelair.com\/fr\/accueil\/\">Fran\u00e7ois Delclaux<\/a>.<\/p>\n<p>Depuis 1995, <a href=\"https:\/\/www.maison-objet.com\/fr\">MAISON&amp;OBJET PARIS<\/a> est le rendez-vous international des professionnels de l\u2019art de vivre, de la d\u00e9coration d\u2019int\u00e9rieur et du design. Il rassemble plus de 3 000 marques et pr\u00e8s de 85 000 visiteurs uniques dont 50% d\u2019internationaux.<\/p>\n<p>Rendez-vous au prochain salon M&amp;O qui se tiendra du <strong>17 au 21 janvier 2020<\/strong> au Parc des Expositions de Villepinte.<\/p>\n<p><img loading=\"lazy\" decoding=\"async\" class=\"aligncenter size-full wp-image-26044\" src=\"https:\/\/blog.damasketdentelle.com\/wp-content\/uploads\/MO-J20_Th\u00e8me-RE-GENERATION_Handed-By-OBJET-Hall-4-Home-Accessories.jpg\" alt=\"\" width=\"624\" height=\"1000\" srcset=\"https:\/\/blog.damasketdentelle.com\/wp-content\/uploads\/MO-J20_Th\u00e8me-RE-GENERATION_Handed-By-OBJET-Hall-4-Home-Accessories.jpg 624w, https:\/\/blog.damasketdentelle.com\/wp-content\/uploads\/MO-J20_Th\u00e8me-RE-GENERATION_Handed-By-OBJET-Hall-4-Home-Accessories-281x450.jpg 281w\" sizes=\"auto, (max-width: 624px) 100vw, 624px\" \/><\/p>\n<p><em>Images: gracieuset\u00e9 de MAISON&amp;OBJET<\/em><\/p>\n","protected":false},"excerpt":{"rendered":"<p>Pour c\u00e9l\u00e9brer son 25\u00e8me anniversaire, MAISON&amp;OBJET regarde vers l\u2019avenir et explore les nouveaux codes de consommation des g\u00e9n\u00e9rations Y et Z. Sous le th\u00e8me de \u00ab (RE) GENERATION \u00bb, qui sera d\u00e9clin\u00e9 lors des deux salons de l\u2019ann\u00e9e 2020, M&amp;O pr\u00e9sentera en janvier les envies et attentes d\u2019une \u00ab g\u00e9n\u00e9ration engag\u00e9e \u00bb qui a grandi&#8230;<\/p>\n<p><a class=\"more-link\" href=\"https:\/\/damasketdentelle.com\/index.php\/2019\/12\/regeneration-plus-quun-theme-un-mode-de-vie\/\">Read More<\/a><\/p>","protected":false},"author":1,"featured_media":26037,"comment_status":"open","ping_status":"open","sticky":false,"template":"","format":"standard","meta":{"_genesis_hide_title":false,"_genesis_hide_breadcrumbs":false,"_genesis_hide_singular_image":false,"_genesis_hide_footer_widgets":false,"_genesis_custom_body_class":"","_genesis_custom_post_class":"","_genesis_layout":"","footnotes":""},"categories":[1122,3432],"tags":[4312,345,4314,3490,424,4310,393,2236,4315,167,244,3457,4311,2968,924,3489,4316,4313,4208,4140,4210,4209,230,2253,198],"class_list":{"0":"post-26034","1":"post","2":"type-post","3":"status-publish","4":"format-standard","5":"has-post-thumbnail","7":"category-events-openings","8":"category-francais","9":"tag-amenagement","10":"tag-annuaire-decoration-montreal","11":"tag-apartment-therapy","12":"tag-astuces-deco","13":"tag-blogue-design-montreal","14":"tag-boutiques-de-deco","15":"tag-damask-dentelle","16":"tag-deco-montreal","17":"tag-deco-therapie","18":"tag-decor-blog-montreal","19":"tag-decoration-blog-montreal","20":"tag-decoration-quebec","21":"tag-decorer-a-petits-prix","22":"tag-featured","23":"tag-house-beautiful","24":"tag-idees-deco","25":"tag-idees-pour-la-maison","26":"tag-lonny","27":"tag-maison-objet-2020","28":"tag-maisonobjet","29":"tag-mo2020","30":"tag-regeneration","31":"tag-rue-magazine","32":"tag-sauvez-les-meubles","33":"tag-vanessa-sicotte","34":"entry"},"yoast_head":"<!-- This site is optimized with the Yoast SEO plugin v26.1.1 - https:\/\/yoast.com\/wordpress\/plugins\/seo\/ -->\n<title>(RE)G\u00c9N\u00c9RATION: Plus qu&#039;un th\u00e8me, un mode de vie<\/title>\n<meta name=\"description\" content=\"Pour c\u00e9l\u00e9brer ses 25 ans, MAISON&amp;OBJET explore les nouveaux codes de consommation des g\u00e9n\u00e9rations Y et Z sous le th\u00e8me de (RE)GENERATION.\" \/>\n<meta name=\"robots\" content=\"index, follow, max-snippet:-1, max-image-preview:large, max-video-preview:-1\" \/>\n<link rel=\"canonical\" href=\"https:\/\/damasketdentelle.com\/index.php\/2019\/12\/regeneration-plus-quun-theme-un-mode-de-vie\/\" \/>\n<meta property=\"og:locale\" content=\"en_US\" \/>\n<meta property=\"og:type\" content=\"article\" \/>\n<meta property=\"og:title\" content=\"(RE)G\u00c9N\u00c9RATION: Plus qu&#039;un th\u00e8me, un mode de vie\" \/>\n<meta property=\"og:description\" content=\"Pour c\u00e9l\u00e9brer ses 25 ans, MAISON&amp;OBJET explore les nouveaux codes de consommation des g\u00e9n\u00e9rations Y et Z sous le th\u00e8me de (RE)GENERATION.\" \/>\n<meta property=\"og:url\" content=\"https:\/\/damasketdentelle.com\/index.php\/2019\/12\/regeneration-plus-quun-theme-un-mode-de-vie\/\" \/>\n<meta property=\"og:site_name\" content=\"Damask &amp; Dentelle\" \/>\n<meta property=\"article:publisher\" content=\"https:\/\/www.facebook.com\/damasketdentelle\" \/>\n<meta property=\"article:published_time\" content=\"2019-12-15T22:43:31+00:00\" \/>\n<meta property=\"article:modified_time\" content=\"2020-07-30T16:08:03+00:00\" \/>\n<meta property=\"og:image\" content=\"https:\/\/blog.damasketdentelle.com\/wp-content\/uploads\/MO-J20_Th\u00e8me-RE-GENERATION_Concept-verre-MAISON-Hall-6-Today.jpg\" \/>\n\t<meta property=\"og:image:width\" content=\"1000\" \/>\n\t<meta property=\"og:image:height\" content=\"707\" \/>\n\t<meta property=\"og:image:type\" content=\"image\/jpeg\" \/>\n<meta name=\"author\" content=\"Vanessa Sicotte\" \/>\n<meta name=\"twitter:label1\" content=\"Written by\" \/>\n\t<meta name=\"twitter:data1\" content=\"Vanessa Sicotte\" \/>\n\t<meta name=\"twitter:label2\" content=\"Est. reading time\" \/>\n\t<meta name=\"twitter:data2\" content=\"3 minutes\" \/>\n<script type=\"application\/ld+json\" class=\"yoast-schema-graph\">{\"@context\":\"https:\/\/schema.org\",\"@graph\":[{\"@type\":\"WebPage\",\"@id\":\"https:\/\/damasketdentelle.com\/index.php\/2019\/12\/regeneration-plus-quun-theme-un-mode-de-vie\/\",\"url\":\"https:\/\/damasketdentelle.com\/index.php\/2019\/12\/regeneration-plus-quun-theme-un-mode-de-vie\/\",\"name\":\"(RE)G\u00c9N\u00c9RATION: Plus qu'un th\u00e8me, un mode de vie\",\"isPartOf\":{\"@id\":\"https:\/\/damasketdentelle.com\/#website\"},\"primaryImageOfPage\":{\"@id\":\"https:\/\/damasketdentelle.com\/index.php\/2019\/12\/regeneration-plus-quun-theme-un-mode-de-vie\/#primaryimage\"},\"image\":{\"@id\":\"https:\/\/damasketdentelle.com\/index.php\/2019\/12\/regeneration-plus-quun-theme-un-mode-de-vie\/#primaryimage\"},\"thumbnailUrl\":\"https:\/\/blog.damasketdentelle.com\/wp-content\/uploads\/MO-J20_Th\u00e8me-RE-GENERATION_Concept-verre-MAISON-Hall-6-Today.jpg\",\"datePublished\":\"2019-12-15T22:43:31+00:00\",\"dateModified\":\"2020-07-30T16:08:03+00:00\",\"author\":{\"@id\":\"https:\/\/damasketdentelle.com\/#\/schema\/person\/ab66dcd0f6a0e1954b4a4aaac173acee\"},\"description\":\"Pour c\u00e9l\u00e9brer ses 25 ans, MAISON&OBJET explore les nouveaux codes de consommation des g\u00e9n\u00e9rations Y et Z sous le th\u00e8me de (RE)GENERATION.\",\"breadcrumb\":{\"@id\":\"https:\/\/damasketdentelle.com\/index.php\/2019\/12\/regeneration-plus-quun-theme-un-mode-de-vie\/#breadcrumb\"},\"inLanguage\":\"en-US\",\"potentialAction\":[{\"@type\":\"ReadAction\",\"target\":[\"https:\/\/damasketdentelle.com\/index.php\/2019\/12\/regeneration-plus-quun-theme-un-mode-de-vie\/\"]}]},{\"@type\":\"ImageObject\",\"inLanguage\":\"en-US\",\"@id\":\"https:\/\/damasketdentelle.com\/index.php\/2019\/12\/regeneration-plus-quun-theme-un-mode-de-vie\/#primaryimage\",\"url\":\"https:\/\/blog.damasketdentelle.com\/wp-content\/uploads\/MO-J20_Th\u00e8me-RE-GENERATION_Concept-verre-MAISON-Hall-6-Today.jpg\",\"contentUrl\":\"https:\/\/blog.damasketdentelle.com\/wp-content\/uploads\/MO-J20_Th\u00e8me-RE-GENERATION_Concept-verre-MAISON-Hall-6-Today.jpg\",\"width\":1000,\"height\":707},{\"@type\":\"BreadcrumbList\",\"@id\":\"https:\/\/damasketdentelle.com\/index.php\/2019\/12\/regeneration-plus-quun-theme-un-mode-de-vie\/#breadcrumb\",\"itemListElement\":[{\"@type\":\"ListItem\",\"position\":1,\"name\":\"Home\",\"item\":\"https:\/\/damasketdentelle.com\/\"},{\"@type\":\"ListItem\",\"position\":2,\"name\":\"(RE)G\u00c9N\u00c9RATION: Plus qu&#8217;un th\u00e8me, un mode de vie\"}]},{\"@type\":\"WebSite\",\"@id\":\"https:\/\/damasketdentelle.com\/#website\",\"url\":\"https:\/\/damasketdentelle.com\/\",\"name\":\"Damask &amp; Dentelle\",\"description\":\"Storytelling, Design and urban manifestos\",\"potentialAction\":[{\"@type\":\"SearchAction\",\"target\":{\"@type\":\"EntryPoint\",\"urlTemplate\":\"https:\/\/damasketdentelle.com\/?s={search_term_string}\"},\"query-input\":{\"@type\":\"PropertyValueSpecification\",\"valueRequired\":true,\"valueName\":\"search_term_string\"}}],\"inLanguage\":\"en-US\"},{\"@type\":\"Person\",\"@id\":\"https:\/\/damasketdentelle.com\/#\/schema\/person\/ab66dcd0f6a0e1954b4a4aaac173acee\",\"name\":\"Vanessa Sicotte\",\"image\":{\"@type\":\"ImageObject\",\"inLanguage\":\"en-US\",\"@id\":\"https:\/\/damasketdentelle.com\/#\/schema\/person\/image\/\",\"url\":\"https:\/\/secure.gravatar.com\/avatar\/7710c0e6cd087dff617e494d4e51105fae871a738d48c9031273d8920420be5b?s=96&d=mm&r=g\",\"contentUrl\":\"https:\/\/secure.gravatar.com\/avatar\/7710c0e6cd087dff617e494d4e51105fae871a738d48c9031273d8920420be5b?s=96&d=mm&r=g\",\"caption\":\"Vanessa Sicotte\"},\"sameAs\":[\"https:\/\/blog.damasketdentelle.com\/wp-login.php\"],\"url\":\"https:\/\/damasketdentelle.com\/index.php\/author\/vanessa\/\"}]}<\/script>\n<!-- \/ Yoast SEO plugin. -->","yoast_head_json":{"title":"(RE)G\u00c9N\u00c9RATION: Plus qu'un th\u00e8me, un mode de vie","description":"Pour c\u00e9l\u00e9brer ses 25 ans, MAISON&OBJET explore les nouveaux codes de consommation des g\u00e9n\u00e9rations Y et Z sous le th\u00e8me de (RE)GENERATION.","robots":{"index":"index","follow":"follow","max-snippet":"max-snippet:-1","max-image-preview":"max-image-preview:large","max-video-preview":"max-video-preview:-1"},"canonical":"https:\/\/damasketdentelle.com\/index.php\/2019\/12\/regeneration-plus-quun-theme-un-mode-de-vie\/","og_locale":"en_US","og_type":"article","og_title":"(RE)G\u00c9N\u00c9RATION: Plus qu'un th\u00e8me, un mode de vie","og_description":"Pour c\u00e9l\u00e9brer ses 25 ans, MAISON&OBJET explore les nouveaux codes de consommation des g\u00e9n\u00e9rations Y et Z sous le th\u00e8me de (RE)GENERATION.","og_url":"https:\/\/damasketdentelle.com\/index.php\/2019\/12\/regeneration-plus-quun-theme-un-mode-de-vie\/","og_site_name":"Damask &amp; Dentelle","article_publisher":"https:\/\/www.facebook.com\/damasketdentelle","article_published_time":"2019-12-15T22:43:31+00:00","article_modified_time":"2020-07-30T16:08:03+00:00","og_image":[{"width":1000,"height":707,"url":"https:\/\/blog.damasketdentelle.com\/wp-content\/uploads\/MO-J20_Th\u00e8me-RE-GENERATION_Concept-verre-MAISON-Hall-6-Today.jpg","type":"image\/jpeg"}],"author":"Vanessa Sicotte","twitter_misc":{"Written by":"Vanessa Sicotte","Est. reading time":"3 minutes"},"schema":{"@context":"https:\/\/schema.org","@graph":[{"@type":"WebPage","@id":"https:\/\/damasketdentelle.com\/index.php\/2019\/12\/regeneration-plus-quun-theme-un-mode-de-vie\/","url":"https:\/\/damasketdentelle.com\/index.php\/2019\/12\/regeneration-plus-quun-theme-un-mode-de-vie\/","name":"(RE)G\u00c9N\u00c9RATION: Plus qu'un th\u00e8me, un mode de vie","isPartOf":{"@id":"https:\/\/damasketdentelle.com\/#website"},"primaryImageOfPage":{"@id":"https:\/\/damasketdentelle.com\/index.php\/2019\/12\/regeneration-plus-quun-theme-un-mode-de-vie\/#primaryimage"},"image":{"@id":"https:\/\/damasketdentelle.com\/index.php\/2019\/12\/regeneration-plus-quun-theme-un-mode-de-vie\/#primaryimage"},"thumbnailUrl":"https:\/\/blog.damasketdentelle.com\/wp-content\/uploads\/MO-J20_Th\u00e8me-RE-GENERATION_Concept-verre-MAISON-Hall-6-Today.jpg","datePublished":"2019-12-15T22:43:31+00:00","dateModified":"2020-07-30T16:08:03+00:00","author":{"@id":"https:\/\/damasketdentelle.com\/#\/schema\/person\/ab66dcd0f6a0e1954b4a4aaac173acee"},"description":"Pour c\u00e9l\u00e9brer ses 25 ans, MAISON&OBJET explore les nouveaux codes de consommation des g\u00e9n\u00e9rations Y et Z sous le th\u00e8me de (RE)GENERATION.","breadcrumb":{"@id":"https:\/\/damasketdentelle.com\/index.php\/2019\/12\/regeneration-plus-quun-theme-un-mode-de-vie\/#breadcrumb"},"inLanguage":"en-US","potentialAction":[{"@type":"ReadAction","target":["https:\/\/damasketdentelle.com\/index.php\/2019\/12\/regeneration-plus-quun-theme-un-mode-de-vie\/"]}]},{"@type":"ImageObject","inLanguage":"en-US","@id":"https:\/\/damasketdentelle.com\/index.php\/2019\/12\/regeneration-plus-quun-theme-un-mode-de-vie\/#primaryimage","url":"https:\/\/blog.damasketdentelle.com\/wp-content\/uploads\/MO-J20_Th\u00e8me-RE-GENERATION_Concept-verre-MAISON-Hall-6-Today.jpg","contentUrl":"https:\/\/blog.damasketdentelle.com\/wp-content\/uploads\/MO-J20_Th\u00e8me-RE-GENERATION_Concept-verre-MAISON-Hall-6-Today.jpg","width":1000,"height":707},{"@type":"BreadcrumbList","@id":"https:\/\/damasketdentelle.com\/index.php\/2019\/12\/regeneration-plus-quun-theme-un-mode-de-vie\/#breadcrumb","itemListElement":[{"@type":"ListItem","position":1,"name":"Home","item":"https:\/\/damasketdentelle.com\/"},{"@type":"ListItem","position":2,"name":"(RE)G\u00c9N\u00c9RATION: Plus qu&#8217;un th\u00e8me, un mode de vie"}]},{"@type":"WebSite","@id":"https:\/\/damasketdentelle.com\/#website","url":"https:\/\/damasketdentelle.com\/","name":"Damask &amp; Dentelle","description":"Storytelling, Design and urban manifestos","potentialAction":[{"@type":"SearchAction","target":{"@type":"EntryPoint","urlTemplate":"https:\/\/damasketdentelle.com\/?s={search_term_string}"},"query-input":{"@type":"PropertyValueSpecification","valueRequired":true,"valueName":"search_term_string"}}],"inLanguage":"en-US"},{"@type":"Person","@id":"https:\/\/damasketdentelle.com\/#\/schema\/person\/ab66dcd0f6a0e1954b4a4aaac173acee","name":"Vanessa Sicotte","image":{"@type":"ImageObject","inLanguage":"en-US","@id":"https:\/\/damasketdentelle.com\/#\/schema\/person\/image\/","url":"https:\/\/secure.gravatar.com\/avatar\/7710c0e6cd087dff617e494d4e51105fae871a738d48c9031273d8920420be5b?s=96&d=mm&r=g","contentUrl":"https:\/\/secure.gravatar.com\/avatar\/7710c0e6cd087dff617e494d4e51105fae871a738d48c9031273d8920420be5b?s=96&d=mm&r=g","caption":"Vanessa Sicotte"},"sameAs":["https:\/\/blog.damasketdentelle.com\/wp-login.php"],"url":"https:\/\/damasketdentelle.com\/index.php\/author\/vanessa\/"}]}},"_links":{"self":[{"href":"https:\/\/damasketdentelle.com\/index.php\/wp-json\/wp\/v2\/posts\/26034","targetHints":{"allow":["GET"]}}],"collection":[{"href":"https:\/\/damasketdentelle.com\/index.php\/wp-json\/wp\/v2\/posts"}],"about":[{"href":"https:\/\/damasketdentelle.com\/index.php\/wp-json\/wp\/v2\/types\/post"}],"author":[{"embeddable":true,"href":"https:\/\/damasketdentelle.com\/index.php\/wp-json\/wp\/v2\/users\/1"}],"replies":[{"embeddable":true,"href":"https:\/\/damasketdentelle.com\/index.php\/wp-json\/wp\/v2\/comments?post=26034"}],"version-history":[{"count":3,"href":"https:\/\/damasketdentelle.com\/index.php\/wp-json\/wp\/v2\/posts\/26034\/revisions"}],"predecessor-version":[{"id":26077,"href":"https:\/\/damasketdentelle.com\/index.php\/wp-json\/wp\/v2\/posts\/26034\/revisions\/26077"}],"wp:featuredmedia":[{"embeddable":true,"href":"https:\/\/damasketdentelle.com\/index.php\/wp-json\/wp\/v2\/media\/26037"}],"wp:attachment":[{"href":"https:\/\/damasketdentelle.com\/index.php\/wp-json\/wp\/v2\/media?parent=26034"}],"wp:term":[{"taxonomy":"category","embeddable":true,"href":"https:\/\/damasketdentelle.com\/index.php\/wp-json\/wp\/v2\/categories?post=26034"},{"taxonomy":"post_tag","embeddable":true,"href":"https:\/\/damasketdentelle.com\/index.php\/wp-json\/wp\/v2\/tags?post=26034"}],"curies":[{"name":"wp","href":"https:\/\/api.w.org\/{rel}","templated":true}]}}