{"id":27966,"date":"2026-04-26T16:42:12","date_gmt":"2026-04-26T20:42:12","guid":{"rendered":"https:\/\/damasketdentelle.com\/?p=27966"},"modified":"2026-04-26T16:53:43","modified_gmt":"2026-04-26T20:53:43","slug":"tendance-pe26-en-bleu-pale","status":"publish","type":"post","link":"https:\/\/damasketdentelle.com\/index.php\/2026\/04\/tendance-pe26-en-bleu-pale\/","title":{"rendered":"Tendance: Le bleu ciel, couleur th\u00e9rapie du printemps 2026"},"content":{"rendered":"<p>Si la mode &amp; le design refl\u00e8tent l&#8217;humeur du moment, <strong>le bleu ciel<\/strong> pourrait bien \u00eatre la couleur th\u00e9rapie dont on avait besoin. Selon <a href=\"https:\/\/www.harpersbazaar.com.sg\/fashion\/news-trends\/spring-summer-2026-trends\">Harper&#8217;s Bazaar,<\/a> ce printemps ne sera pas cobalt satur\u00e9, ou encore marine intemporel, mais plut\u00f4t bleu ciel. Celui du ciel entre deux averses, de la porcelaine ancienne, d&#8217;un matin de mai \u00e0 Montr\u00e9al quand l&#8217;air est encore frais (j&#8217;ai l&#8217;\u00e2me po\u00e9tique on dirait).<\/p>\n<p><a href=\"https:\/\/ca.pinterest.com\/damask_dentelle\/\"><img loading=\"lazy\" decoding=\"async\" class=\"aligncenter size-large wp-image-27967\" src=\"https:\/\/blog.damasketdentelle.com\/wp-content\/uploads\/Tendance-PE26_bleu-pale-695x556.jpg\" alt=\"\" width=\"695\" height=\"556\" srcset=\"https:\/\/blog.damasketdentelle.com\/wp-content\/uploads\/Tendance-PE26_bleu-pale-695x556.jpg 695w, https:\/\/blog.damasketdentelle.com\/wp-content\/uploads\/Tendance-PE26_bleu-pale-450x360.jpg 450w, https:\/\/blog.damasketdentelle.com\/wp-content\/uploads\/Tendance-PE26_bleu-pale-768x614.jpg 768w, https:\/\/blog.damasketdentelle.com\/wp-content\/uploads\/Tendance-PE26_bleu-pale.jpg 1000w\" sizes=\"auto, (max-width: 695px) 100vw, 695px\" \/><\/a><\/p>\n<p>Cette saison, les podiums de Paris \u00e0 New York ont affich\u00e9 des options <em>sky blue<\/em> en abondance, dans un \u00e9lan collectif vers quelque chose de plus l\u00e9ger, plus libre, ouvertement expressif. , <a href=\"https:\/\/www.youtube.com\/live\/CwmKr-wkj1M?si=2ad1RXeNICc37LpU\">Dior<\/a>, <a href=\"https:\/\/www.youtube.com\/live\/lTyjzLc-gxg?si=DnYMilkCRevF4e2f\">Miu Miu<\/a>, <a href=\"https:\/\/www.youtube.com\/live\/5D0i7mtlqLs?si=782vfoz2aZdSxxYE\">Chanel<\/a>: des maisons diff\u00e9rentes dans leurs codes visuels, r\u00e9unies par une m\u00eame teinte. Ce genre de convergence sur les podiums n&#8217;arrive pas par hasard.<\/p>\n<p>Chez <a href=\"https:\/\/ca.louisvuitton.com\/eng-ca\/magazine\/articles\/women-spring-summer-2026-show#looks\">Louis Vuitton<\/a>, Nicolas Ghesqui\u00e8re a construit sa palette autour du powder blue, du rose p\u00e2le, du cr\u00e8me et du beige chaud dans une gamme qui sugg\u00e8re l&#8217;intimit\u00e9, la douceur, le luxe sans ostentation. Le bleu ciel y fonctionne comme un neutre \u00e9lev\u00e9 plut\u00f4t qu&#8217;une couleur declarative. C&#8217;est pr\u00e9cis\u00e9ment ce qui le distingue des tendances couleur des saisons pr\u00e9c\u00e9dentes, plus agressives dans leur logique de visibilit\u00e9.<\/p>\n<p>Chez <a href=\"https:\/\/www.youtube.com\/live\/OFM_SYw1ccg?si=R0L0ScoIUAqXxInD\">Loewe<\/a>, le trio bleu ciel, \u00e9meraude et orange tient parce que les couleurs s&#8217;y partagent l&#8217;espace au lieu de se disputer l&#8217;attention. C&#8217;est une le\u00e7on utile pour l&#8217;habillage quotidien : le sky blue ne cherche pas \u00e0 dominer. Il organise.<\/p>\n<p><strong>Comment l&#8217;int\u00e9grer sans effort apparent.<\/strong><\/p>\n<p>Le bleu ciel supporte tr\u00e8s bien l&#8217;\u00e9cru et le blanc cass\u00e9 par son association nette, lisible, propre. Avec du caramel ou du brun tabac (<strong>comme ce pull ray\u00e9 de chez <a href=\"https:\/\/nobleofficial.ca\/products\/the-stripe-soft-sweater?_pos=13&amp;_sid=81c2dc29b&amp;_ss=r\">Noble<\/a><\/strong>), il prend une qualit\u00e9 plus chaude et inattendue. Avec de l&#8217;argent, il penche vers le glacial et le contemporain ; avec du chocolat brun, il retrouve quelque chose de terreux et ancr\u00e9.<\/p>\n<div id=\"attachment_27968\" style=\"width: 705px\" class=\"wp-caption aligncenter\"><a href=\"https:\/\/nobleofficial.ca\/fr\/products\/the-stripe-soft-sweater?_pos=13&amp;_sid=2b196ced2&amp;_ss=r\"><img loading=\"lazy\" decoding=\"async\" aria-describedby=\"caption-attachment-27968\" class=\"size-large wp-image-27968\" src=\"https:\/\/blog.damasketdentelle.com\/wp-content\/uploads\/noble_montreal_pull-695x1043.webp\" alt=\"\" width=\"695\" height=\"1043\" srcset=\"https:\/\/blog.damasketdentelle.com\/wp-content\/uploads\/noble_montreal_pull-695x1043.webp 695w, https:\/\/blog.damasketdentelle.com\/wp-content\/uploads\/noble_montreal_pull-300x450.webp 300w, https:\/\/blog.damasketdentelle.com\/wp-content\/uploads\/noble_montreal_pull-768x1152.webp 768w, https:\/\/blog.damasketdentelle.com\/wp-content\/uploads\/noble_montreal_pull-1024x1536.webp 1024w, https:\/\/blog.damasketdentelle.com\/wp-content\/uploads\/noble_montreal_pull-1365x2048.webp 1365w, https:\/\/blog.damasketdentelle.com\/wp-content\/uploads\/noble_montreal_pull.webp 1500w\" sizes=\"auto, (max-width: 695px) 100vw, 695px\" \/><\/a><p id=\"caption-attachment-27968\" class=\"wp-caption-text\">pull \u00e0 rayures, NOBLE, 119$<\/p><\/div>\n<p>&nbsp;<\/p>\n<p>En mati\u00e8re, il demande de la l\u00e9g\u00e8ret\u00e9 : coton fin, soie, lin souple. Une chemise oversize, une jupe midi fluide, un blazer non structur\u00e9. Les silhouettes fluides et le pliss\u00e9 lui donnent une qualit\u00e9 presque liquide.\u00a0L&#8217;entr\u00e9e la plus facile reste l&#8217;accessoire unique dans une tenue neutre. Un sac, une ceinture, un carr\u00e9 de soie (comme le <em>Horse Variation<\/em> de <strong><a href=\"https:\/\/chromaticvibes.com\/products\/horse-rider-variation-atelier-scarf\">Chromatic Vibes<\/a><\/strong>) , une paire de mules. Suffisant pour signaler la saison sans en faire le sujet de la conversation.<\/p>\n<div id=\"attachment_27969\" style=\"width: 705px\" class=\"wp-caption aligncenter\"><a href=\"https:\/\/www.buknola.com\/fr\/Produit-30220-Sac-a-main-Masaki-Bleu-ciel\"><img loading=\"lazy\" decoding=\"async\" aria-describedby=\"caption-attachment-27969\" class=\"size-large wp-image-27969\" src=\"https:\/\/blog.damasketdentelle.com\/wp-content\/uploads\/sac-a-main-MASAKI-buk-et-nola-695x695.jpg\" alt=\"\" width=\"695\" height=\"695\" srcset=\"https:\/\/blog.damasketdentelle.com\/wp-content\/uploads\/sac-a-main-MASAKI-buk-et-nola-695x695.jpg 695w, https:\/\/blog.damasketdentelle.com\/wp-content\/uploads\/sac-a-main-MASAKI-buk-et-nola-450x450.jpg 450w, https:\/\/blog.damasketdentelle.com\/wp-content\/uploads\/sac-a-main-MASAKI-buk-et-nola-150x150.jpg 150w, https:\/\/blog.damasketdentelle.com\/wp-content\/uploads\/sac-a-main-MASAKI-buk-et-nola-768x768.jpg 768w, https:\/\/blog.damasketdentelle.com\/wp-content\/uploads\/sac-a-main-MASAKI-buk-et-nola-320x320.jpg 320w, https:\/\/blog.damasketdentelle.com\/wp-content\/uploads\/sac-a-main-MASAKI-buk-et-nola.jpg 1000w\" sizes=\"auto, (max-width: 695px) 100vw, 695px\" \/><\/a><p id=\"caption-attachment-27969\" class=\"wp-caption-text\">sac \u00e0 main Masaki, chez Buk &amp; Nola, 98$<\/p><\/div>\n<p class=\"font-claude-response-body break-words whitespace-normal leading-[1.7]\">Ce qui se passe sur les podiums annonce rarement l&#8217;int\u00e9rieur de fa\u00e7on directe. Mais la couleur, elle, voyage. Et le bleu ciel a toujours voyag\u00e9 vite, parce qu&#8217;il appartient \u00e0 une m\u00e9moire profonde des espaces habit\u00e9s.<\/p>\n<p class=\"font-claude-response-body break-words whitespace-normal leading-[1.7]\"><strong>Une couleur avec un pass\u00e9 long<\/strong><\/p>\n<p class=\"font-claude-response-body break-words whitespace-normal leading-[1.7]\">Le bleu dans l&#8217;int\u00e9rieur n&#8217;est pas une invention contemporaine. Dans les cultures anciennes, le bleu \u00e9tait associ\u00e9 au ciel et aux dieux. C&#8217;\u00e9tait la couleur du divin, du transcendant, de ce qui d\u00e9passe l&#8217;humain. En Occident, cette charge symbolique s&#8217;est progressivement d\u00e9pos\u00e9e dans les objets du quotidien. D\u00e8s le XVIIe si\u00e8cle, la porcelaine bleue et blanche chinoise \u00e9tait export\u00e9e massivement vers l&#8217;Europe et collectionn\u00e9e par des rois. Les fa\u00efenceries de Delft ont repris ce bleu, en ont fait l&#8217;identit\u00e9 d&#8217;une industrie enti\u00e8re, et ont diffus\u00e9 la couleur dans tous les int\u00e9rieurs europ\u00e9ens, des cuisines aux salons. William Morris lui-m\u00eame utilisait des carreaux de Delft bleu et blanc pour d\u00e9corer sa maison, Red House (source: <span class=\"inline-flex\" data-state=\"closed\"><a class=\"group\/tag relative h-[18px] rounded-full inline-flex items-center overflow-hidden -translate-y-px cursor-pointer\" href=\"https:\/\/www.vam.ac.uk\/articles\/delftware-tiles\" target=\"_blank\" rel=\"noopener\"><span class=\"relative transition-colors h-full max-w-[180px] overflow-hidden px-1.5 inline-flex items-center font-small rounded-full border-0.5 border-border-300 bg-bg-200 group-hover\/tag:bg-accent-900 group-hover\/tag:border-accent-100\/60\"><span class=\"text-nowrap text-text-300 break-all truncate font-normal group-hover\/tag:text-text-200\">V&amp;A).<\/span><\/span><\/a><\/span><\/p>\n<div id=\"attachment_27970\" style=\"width: 650px\" class=\"wp-caption aligncenter\"><a href=\"https:\/\/www.gotain.com\/en\/articles\/inspiration\/hello-office-djerf-avenue?srsltid=AfmBOoqsf660iQIsoQkB-JDQYb-_k0ySfRHHFMOB-xCgkTO4ClHqawEZ\"><img loading=\"lazy\" decoding=\"async\" aria-describedby=\"caption-attachment-27970\" class=\"wp-image-27970 size-full\" src=\"https:\/\/blog.damasketdentelle.com\/wp-content\/uploads\/Hello-Office-Djerf-Avenue-_-Gotain.jpeg\" alt=\"\" width=\"640\" height=\"960\" srcset=\"https:\/\/blog.damasketdentelle.com\/wp-content\/uploads\/Hello-Office-Djerf-Avenue-_-Gotain.jpeg 640w, https:\/\/blog.damasketdentelle.com\/wp-content\/uploads\/Hello-Office-Djerf-Avenue-_-Gotain-300x450.jpeg 300w\" sizes=\"auto, (max-width: 640px) 100vw, 640px\" \/><\/a><p id=\"caption-attachment-27970\" class=\"wp-caption-text\">Hello Djerf Avenue, Gotain<\/p><\/div>\n<p class=\"font-claude-response-body break-words whitespace-normal leading-[1.7]\"><strong>Ce que la couleur fait dans un espace<\/strong><\/p>\n<p class=\"font-claude-response-body break-words whitespace-normal leading-[1.7]\">Le bleu ciel agrandit visuellement les volumes, ajoute de la lumi\u00e8re et donne aux pi\u00e8ces une qualit\u00e9 a\u00e9rienne. Il fonctionne comme un dilatateur d&#8217;espace. C&#8217;est de la physique de la perception qui d\u00e9passe largement la tendance.<\/p>\n<p class=\"font-claude-response-body break-words whitespace-normal leading-[1.7]\">Il est aussi remarquablement stable dans ses associations. Avec du blanc ou de l&#8217;\u00e9cru : clart\u00e9 totale, intemporelle. Avec du bourgogne : la chaleur \u00e9quilibre la fra\u00eecheur (comme avec ce <strong><a href=\"https:\/\/kaleidopaminestudio.com\/fr\/products\/the-teddy-throw-blue-check?_pos=1&amp;_sid=95ee85694&amp;_ss=r\">jet\u00e9 Arctic Fox<\/a> <\/strong>chez Kal\u00e9idopamine). Avec du laiton ou du bronze: sophistication imm\u00e9diate. Avec de l&#8217;\u00e9meraude et de l&#8217;orange, les couleurs se partagent l&#8217;espace sans se concurrencer.<\/p>\n<div id=\"attachment_27971\" style=\"width: 705px\" class=\"wp-caption aligncenter\"><a href=\"https:\/\/kaleidopaminestudio.com\/fr\/products\/the-teddy-throw-blue-check?_pos=1&amp;_sid=95ee85694&amp;_ss=r\"><img loading=\"lazy\" decoding=\"async\" aria-describedby=\"caption-attachment-27971\" class=\"wp-image-27971 size-large\" src=\"https:\/\/blog.damasketdentelle.com\/wp-content\/uploads\/jete-rtic-fox_kaleidopamine-695x1042.webp\" alt=\"\" width=\"695\" height=\"1042\" srcset=\"https:\/\/blog.damasketdentelle.com\/wp-content\/uploads\/jete-rtic-fox_kaleidopamine-695x1042.webp 695w, https:\/\/blog.damasketdentelle.com\/wp-content\/uploads\/jete-rtic-fox_kaleidopamine-300x450.webp 300w, https:\/\/blog.damasketdentelle.com\/wp-content\/uploads\/jete-rtic-fox_kaleidopamine-768x1151.webp 768w, https:\/\/blog.damasketdentelle.com\/wp-content\/uploads\/jete-rtic-fox_kaleidopamine-1025x1536.webp 1025w, https:\/\/blog.damasketdentelle.com\/wp-content\/uploads\/jete-rtic-fox_kaleidopamine.webp 1220w\" sizes=\"auto, (max-width: 695px) 100vw, 695px\" \/><\/a><p id=\"caption-attachment-27971\" class=\"wp-caption-text\">Jet\u00e9 Arctic Fox chez Kal\u00e9idopamine, 85$<\/p><\/div>\n<p class=\"font-claude-response-body break-words whitespace-normal leading-[1.7]\"><strong>Comment l&#8217;habiter, concr\u00e8tement<\/strong><\/p>\n<p class=\"font-claude-response-body break-words whitespace-normal leading-[1.7]\">Le bleu ciel peut prendre plusieurs formes dans un int\u00e9rieur selon le degr\u00e9 d&#8217;engagement voulu.<\/p>\n<ul>\n<li class=\"font-claude-response-body break-words whitespace-normal leading-[1.7]\">Un mur peint: id\u00e9alement dans une pi\u00e8ce orient\u00e9e sud pour \u00e9viter le glissement vers le gris.<\/li>\n<li class=\"font-claude-response-body break-words whitespace-normal leading-[1.7]\">Un textile suffit souvent : rideau en lin, <strong><a href=\"https:\/\/bit.ly\/4mUl4XO\">draps bleus ciels \u00e0 fleurs blanches<\/a>,<\/strong> tapis \u00e0 trame visible.<\/li>\n<li class=\"font-claude-response-body break-words whitespace-normal leading-[1.7]\">La c\u00e9ramique: un vase, une s\u00e9rie de bols, ou un plateau introduit la couleur sans permanence, avec la richesse de la mati\u00e8re en prime.<\/li>\n<\/ul>\n<p class=\"font-claude-response-body break-words whitespace-normal leading-[1.7]\">La r\u00e8gle la plus utile reste celle du fond neutre : le bleu ciel porteur dans un espace, \u00e7a signifie souvent que tout le reste est calme. Il n&#8217;a pas besoin de comp\u00e9tition. Il a besoin de silence autour de lui.<\/p>\n<h3>Guide shopping:<\/h3>\n<p><img loading=\"lazy\" decoding=\"async\" class=\"aligncenter size-large wp-image-27973\" src=\"https:\/\/blog.damasketdentelle.com\/wp-content\/uploads\/bleu-pale_shopping_damask-et-dentelle-1-695x1043.jpg\" alt=\"\" width=\"695\" height=\"1043\" srcset=\"https:\/\/blog.damasketdentelle.com\/wp-content\/uploads\/bleu-pale_shopping_damask-et-dentelle-1-695x1043.jpg 695w, https:\/\/blog.damasketdentelle.com\/wp-content\/uploads\/bleu-pale_shopping_damask-et-dentelle-1-300x450.jpg 300w, https:\/\/blog.damasketdentelle.com\/wp-content\/uploads\/bleu-pale_shopping_damask-et-dentelle-1-768x1152.jpg 768w, https:\/\/blog.damasketdentelle.com\/wp-content\/uploads\/bleu-pale_shopping_damask-et-dentelle-1.jpg 833w\" sizes=\"auto, (max-width: 695px) 100vw, 695px\" \/><\/p>\n<p>&nbsp;<\/p>\n<ul>\n<li><a href=\"https:\/\/lamaisongenerale.ca\/en\/products\/la-veste-vintage-homme?_pos=23&amp;_sid=e1a47f85d&amp;_ss=r&amp;variant=44196089036991?variant=44196089036991\">Veste de travail Le Mont Saint-Michel<\/a> chez La Maison G\u00e9n\u00e9rale, 425$<\/li>\n<li><a href=\"https:\/\/coeurdartichaut.ca\/products\/fruits-leger-brode-jete-baie-douce-bleue?_pos=8&amp;_sid=3e7e72ed1&amp;_ss=r\">Jet\u00e9 fraises<\/a> chez Coeur d&#8217;Artichaut, 119.95$<\/li>\n<li><a href=\"https:\/\/www.goodeeworld.com\/products\/sabre-paris-bistrot-solid-flatware-set-of-4?_pos=19&amp;_sid=03296f525&amp;_ss=r&amp;variant=44338409898124\">Ustensiles de Sabre Paris<\/a> chez Goodee World, 99$ le set de 4.<\/li>\n<li><a href=\"https:\/\/provinceofcanada.com\/products\/oxford-dress-blue?_pos=29&amp;_sid=b12dba4e9&amp;_ss=r\">Robe chemise<\/a> de Province of Canada, 188$<\/li>\n<li><a href=\"https:\/\/bkind.com\/fr\/products\/nail-polish-les-hamptons?_pos=1&amp;_sid=0ca26022f&amp;_ss=r\">Vernis \u00e0 ongles &#8220;les Hamptons&#8221;<\/a> de Bkind, 10$<\/li>\n<li><a href=\"https:\/\/lamaisongenerale.ca\/en\/products\/casquette-avila-brodee-le-mont-saint-michel?_pos=16&amp;_sid=e1a47f85d&amp;_ss=r&amp;variant=44101994479807?variant=44101994479807\">Casquette Avila<\/a> par le Mont Saint-Michel chez La Maison G\u00e9n\u00e9rale, 115$<\/li>\n<li><a href=\"https:\/\/kaleidopaminestudio.com\/products\/the-explorer-pen-set?_pos=33&amp;_sid=95ee85694&amp;_ss=r\">Crayons &#8220;the Explorer&#8221;<\/a> chez Kal\u00e9idopamine, 18$<\/li>\n<li><a href=\"https:\/\/www.goodeeworld.com\/fr\/products\/n02-recycle-chair?variant=39534815379596\">Chaise N02 de Fritz Hansen<\/a> chez Goodee World, 615$<\/li>\n<\/ul>\n","protected":false},"excerpt":{"rendered":"<p>Si la mode &amp; le design refl\u00e8tent l&#8217;humeur du moment, le bleu ciel pourrait bien \u00eatre la couleur th\u00e9rapie dont on avait besoin. Selon Harper&#8217;s Bazaar, ce printemps ne sera pas cobalt satur\u00e9, ou encore marine intemporel, mais plut\u00f4t bleu ciel. Celui du ciel entre deux averses, de la porcelaine ancienne, d&#8217;un matin de mai&#8230;<\/p>\n<p><a class=\"more-link\" href=\"https:\/\/damasketdentelle.com\/index.php\/2026\/04\/tendance-pe26-en-bleu-pale\/\">Read More<\/a><\/p>","protected":false},"author":1,"featured_media":27977,"comment_status":"open","ping_status":"open","sticky":false,"template":"","format":"standard","meta":{"_genesis_hide_title":false,"_genesis_hide_breadcrumbs":false,"_genesis_hide_singular_image":false,"_genesis_hide_footer_widgets":false,"_genesis_custom_body_class":"","_genesis_custom_post_class":"","_genesis_layout":"","footnotes":""},"categories":[614,66],"tags":[3490,4568,4310,393,2968,4569,4567],"class_list":{"0":"post-27966","1":"post","2":"type-post","3":"status-publish","4":"format-standard","5":"has-post-thumbnail","7":"category-spring-decoration","8":"category-tendances","9":"tag-astuces-deco","10":"tag-bleu-pale","11":"tag-boutiques-de-deco","12":"tag-damask-dentelle","13":"tag-featured","14":"tag-sky-blue-trend","15":"tag-tendance-printemps-2026-bleu-pale","16":"entry"},"yoast_head":"<!-- This site is optimized with the Yoast SEO plugin v27.4 - https:\/\/yoast.com\/product\/yoast-seo-wordpress\/ -->\n<title>Tendance: Le bleu ciel, couleur th\u00e9rapie du printemps 2026 -<\/title>\n<meta name=\"description\" content=\"Si la mode &amp; le design refl\u00e8tent l&#039;humeur du moment, le bleu ciel pourrait bien \u00eatre la couleur th\u00e9rapie dont on avait besoin.\" \/>\n<meta name=\"robots\" content=\"index, follow, max-snippet:-1, max-image-preview:large, max-video-preview:-1\" \/>\n<link rel=\"canonical\" href=\"https:\/\/damasketdentelle.com\/index.php\/2026\/04\/tendance-pe26-en-bleu-pale\/\" \/>\n<meta property=\"og:locale\" content=\"en_US\" \/>\n<meta property=\"og:type\" content=\"article\" \/>\n<meta property=\"og:title\" content=\"Tendance: Le bleu ciel, couleur th\u00e9rapie du printemps 2026 -\" \/>\n<meta property=\"og:description\" content=\"Si la mode &amp; le design refl\u00e8tent l&#039;humeur du moment, le bleu ciel pourrait bien \u00eatre la couleur th\u00e9rapie dont on avait besoin.\" \/>\n<meta property=\"og:url\" content=\"https:\/\/damasketdentelle.com\/index.php\/2026\/04\/tendance-pe26-en-bleu-pale\/\" \/>\n<meta property=\"og:site_name\" content=\"Damask &amp; Dentelle\" \/>\n<meta property=\"article:publisher\" content=\"https:\/\/www.facebook.com\/damasketdentelle\" \/>\n<meta property=\"article:published_time\" content=\"2026-04-26T20:42:12+00:00\" \/>\n<meta property=\"article:modified_time\" content=\"2026-04-26T20:53:43+00:00\" \/>\n<meta property=\"og:image\" content=\"https:\/\/blog.damasketdentelle.com\/wp-content\/uploads\/banniere-bleu-pale-1.jpg\" \/>\n\t<meta property=\"og:image:width\" content=\"1888\" \/>\n\t<meta property=\"og:image:height\" content=\"707\" \/>\n\t<meta property=\"og:image:type\" content=\"image\/jpeg\" \/>\n<meta name=\"author\" content=\"Vanessa Sicotte\" \/>\n<meta name=\"twitter:label1\" content=\"Written by\" \/>\n\t<meta name=\"twitter:data1\" content=\"Vanessa Sicotte\" \/>\n\t<meta name=\"twitter:label2\" content=\"Est. reading time\" \/>\n\t<meta name=\"twitter:data2\" content=\"5 minutes\" \/>\n<script type=\"application\/ld+json\" class=\"yoast-schema-graph\">{\"@context\":\"https:\\\/\\\/schema.org\",\"@graph\":[{\"@type\":\"Article\",\"@id\":\"https:\\\/\\\/damasketdentelle.com\\\/index.php\\\/2026\\\/04\\\/tendance-pe26-en-bleu-pale\\\/#article\",\"isPartOf\":{\"@id\":\"https:\\\/\\\/damasketdentelle.com\\\/index.php\\\/2026\\\/04\\\/tendance-pe26-en-bleu-pale\\\/\"},\"author\":{\"name\":\"Vanessa Sicotte\",\"@id\":\"https:\\\/\\\/damasketdentelle.com\\\/#\\\/schema\\\/person\\\/ab66dcd0f6a0e1954b4a4aaac173acee\"},\"headline\":\"Tendance: Le bleu ciel, couleur th\u00e9rapie du printemps 2026\",\"datePublished\":\"2026-04-26T20:42:12+00:00\",\"dateModified\":\"2026-04-26T20:53:43+00:00\",\"mainEntityOfPage\":{\"@id\":\"https:\\\/\\\/damasketdentelle.com\\\/index.php\\\/2026\\\/04\\\/tendance-pe26-en-bleu-pale\\\/\"},\"wordCount\":934,\"commentCount\":0,\"image\":{\"@id\":\"https:\\\/\\\/damasketdentelle.com\\\/index.php\\\/2026\\\/04\\\/tendance-pe26-en-bleu-pale\\\/#primaryimage\"},\"thumbnailUrl\":\"https:\\\/\\\/blog.damasketdentelle.com\\\/wp-content\\\/uploads\\\/banniere-bleu-pale-1.jpg\",\"keywords\":[\"astuces d\u00e9co\",\"bleu p\u00e2le\",\"boutiques de d\u00e9co\",\"Damask &amp; Dentelle\",\"featured\",\"sky blue trend\",\"tendance printemps 2026: bleu p\u00e2le\"],\"articleSection\":[\"Printemps\",\"Tendances\"],\"inLanguage\":\"en-US\",\"potentialAction\":[{\"@type\":\"CommentAction\",\"name\":\"Comment\",\"target\":[\"https:\\\/\\\/damasketdentelle.com\\\/index.php\\\/2026\\\/04\\\/tendance-pe26-en-bleu-pale\\\/#respond\"]}]},{\"@type\":\"WebPage\",\"@id\":\"https:\\\/\\\/damasketdentelle.com\\\/index.php\\\/2026\\\/04\\\/tendance-pe26-en-bleu-pale\\\/\",\"url\":\"https:\\\/\\\/damasketdentelle.com\\\/index.php\\\/2026\\\/04\\\/tendance-pe26-en-bleu-pale\\\/\",\"name\":\"Tendance: Le bleu ciel, couleur th\u00e9rapie du printemps 2026 -\",\"isPartOf\":{\"@id\":\"https:\\\/\\\/damasketdentelle.com\\\/#website\"},\"primaryImageOfPage\":{\"@id\":\"https:\\\/\\\/damasketdentelle.com\\\/index.php\\\/2026\\\/04\\\/tendance-pe26-en-bleu-pale\\\/#primaryimage\"},\"image\":{\"@id\":\"https:\\\/\\\/damasketdentelle.com\\\/index.php\\\/2026\\\/04\\\/tendance-pe26-en-bleu-pale\\\/#primaryimage\"},\"thumbnailUrl\":\"https:\\\/\\\/blog.damasketdentelle.com\\\/wp-content\\\/uploads\\\/banniere-bleu-pale-1.jpg\",\"datePublished\":\"2026-04-26T20:42:12+00:00\",\"dateModified\":\"2026-04-26T20:53:43+00:00\",\"author\":{\"@id\":\"https:\\\/\\\/damasketdentelle.com\\\/#\\\/schema\\\/person\\\/ab66dcd0f6a0e1954b4a4aaac173acee\"},\"description\":\"Si la mode & le design refl\u00e8tent l'humeur du moment, le bleu ciel pourrait bien \u00eatre la couleur th\u00e9rapie dont on avait besoin.\",\"breadcrumb\":{\"@id\":\"https:\\\/\\\/damasketdentelle.com\\\/index.php\\\/2026\\\/04\\\/tendance-pe26-en-bleu-pale\\\/#breadcrumb\"},\"inLanguage\":\"en-US\",\"potentialAction\":[{\"@type\":\"ReadAction\",\"target\":[\"https:\\\/\\\/damasketdentelle.com\\\/index.php\\\/2026\\\/04\\\/tendance-pe26-en-bleu-pale\\\/\"]}]},{\"@type\":\"ImageObject\",\"inLanguage\":\"en-US\",\"@id\":\"https:\\\/\\\/damasketdentelle.com\\\/index.php\\\/2026\\\/04\\\/tendance-pe26-en-bleu-pale\\\/#primaryimage\",\"url\":\"https:\\\/\\\/blog.damasketdentelle.com\\\/wp-content\\\/uploads\\\/banniere-bleu-pale-1.jpg\",\"contentUrl\":\"https:\\\/\\\/blog.damasketdentelle.com\\\/wp-content\\\/uploads\\\/banniere-bleu-pale-1.jpg\",\"width\":1888,\"height\":707},{\"@type\":\"BreadcrumbList\",\"@id\":\"https:\\\/\\\/damasketdentelle.com\\\/index.php\\\/2026\\\/04\\\/tendance-pe26-en-bleu-pale\\\/#breadcrumb\",\"itemListElement\":[{\"@type\":\"ListItem\",\"position\":1,\"name\":\"Home\",\"item\":\"https:\\\/\\\/damasketdentelle.com\\\/\"},{\"@type\":\"ListItem\",\"position\":2,\"name\":\"Tendance: Le bleu ciel, couleur th\u00e9rapie du printemps 2026\"}]},{\"@type\":\"WebSite\",\"@id\":\"https:\\\/\\\/damasketdentelle.com\\\/#website\",\"url\":\"https:\\\/\\\/damasketdentelle.com\\\/\",\"name\":\"Damask &amp; Dentelle\",\"description\":\"Storytelling, Design and urban manifestos\",\"potentialAction\":[{\"@type\":\"SearchAction\",\"target\":{\"@type\":\"EntryPoint\",\"urlTemplate\":\"https:\\\/\\\/damasketdentelle.com\\\/?s={search_term_string}\"},\"query-input\":{\"@type\":\"PropertyValueSpecification\",\"valueRequired\":true,\"valueName\":\"search_term_string\"}}],\"inLanguage\":\"en-US\"},{\"@type\":\"Person\",\"@id\":\"https:\\\/\\\/damasketdentelle.com\\\/#\\\/schema\\\/person\\\/ab66dcd0f6a0e1954b4a4aaac173acee\",\"name\":\"Vanessa Sicotte\",\"image\":{\"@type\":\"ImageObject\",\"inLanguage\":\"en-US\",\"@id\":\"https:\\\/\\\/secure.gravatar.com\\\/avatar\\\/7710c0e6cd087dff617e494d4e51105fae871a738d48c9031273d8920420be5b?s=96&d=mm&r=g\",\"url\":\"https:\\\/\\\/secure.gravatar.com\\\/avatar\\\/7710c0e6cd087dff617e494d4e51105fae871a738d48c9031273d8920420be5b?s=96&d=mm&r=g\",\"contentUrl\":\"https:\\\/\\\/secure.gravatar.com\\\/avatar\\\/7710c0e6cd087dff617e494d4e51105fae871a738d48c9031273d8920420be5b?s=96&d=mm&r=g\",\"caption\":\"Vanessa Sicotte\"},\"sameAs\":[\"https:\\\/\\\/blog.damasketdentelle.com\\\/wp-login.php\"],\"url\":\"https:\\\/\\\/damasketdentelle.com\\\/index.php\\\/author\\\/vanessa\\\/\"}]}<\/script>\n<!-- \/ Yoast SEO plugin. -->","yoast_head_json":{"title":"Tendance: Le bleu ciel, couleur th\u00e9rapie du printemps 2026 -","description":"Si la mode & le design refl\u00e8tent l'humeur du moment, le bleu ciel pourrait bien \u00eatre la couleur th\u00e9rapie dont on avait besoin.","robots":{"index":"index","follow":"follow","max-snippet":"max-snippet:-1","max-image-preview":"max-image-preview:large","max-video-preview":"max-video-preview:-1"},"canonical":"https:\/\/damasketdentelle.com\/index.php\/2026\/04\/tendance-pe26-en-bleu-pale\/","og_locale":"en_US","og_type":"article","og_title":"Tendance: Le bleu ciel, couleur th\u00e9rapie du printemps 2026 -","og_description":"Si la mode & le design refl\u00e8tent l'humeur du moment, le bleu ciel pourrait bien \u00eatre la couleur th\u00e9rapie dont on avait besoin.","og_url":"https:\/\/damasketdentelle.com\/index.php\/2026\/04\/tendance-pe26-en-bleu-pale\/","og_site_name":"Damask &amp; Dentelle","article_publisher":"https:\/\/www.facebook.com\/damasketdentelle","article_published_time":"2026-04-26T20:42:12+00:00","article_modified_time":"2026-04-26T20:53:43+00:00","og_image":[{"width":1888,"height":707,"url":"https:\/\/blog.damasketdentelle.com\/wp-content\/uploads\/banniere-bleu-pale-1.jpg","type":"image\/jpeg"}],"author":"Vanessa Sicotte","twitter_misc":{"Written by":"Vanessa Sicotte","Est. reading time":"5 minutes"},"schema":{"@context":"https:\/\/schema.org","@graph":[{"@type":"Article","@id":"https:\/\/damasketdentelle.com\/index.php\/2026\/04\/tendance-pe26-en-bleu-pale\/#article","isPartOf":{"@id":"https:\/\/damasketdentelle.com\/index.php\/2026\/04\/tendance-pe26-en-bleu-pale\/"},"author":{"name":"Vanessa Sicotte","@id":"https:\/\/damasketdentelle.com\/#\/schema\/person\/ab66dcd0f6a0e1954b4a4aaac173acee"},"headline":"Tendance: Le bleu ciel, couleur th\u00e9rapie du printemps 2026","datePublished":"2026-04-26T20:42:12+00:00","dateModified":"2026-04-26T20:53:43+00:00","mainEntityOfPage":{"@id":"https:\/\/damasketdentelle.com\/index.php\/2026\/04\/tendance-pe26-en-bleu-pale\/"},"wordCount":934,"commentCount":0,"image":{"@id":"https:\/\/damasketdentelle.com\/index.php\/2026\/04\/tendance-pe26-en-bleu-pale\/#primaryimage"},"thumbnailUrl":"https:\/\/blog.damasketdentelle.com\/wp-content\/uploads\/banniere-bleu-pale-1.jpg","keywords":["astuces d\u00e9co","bleu p\u00e2le","boutiques de d\u00e9co","Damask &amp; Dentelle","featured","sky blue trend","tendance printemps 2026: bleu p\u00e2le"],"articleSection":["Printemps","Tendances"],"inLanguage":"en-US","potentialAction":[{"@type":"CommentAction","name":"Comment","target":["https:\/\/damasketdentelle.com\/index.php\/2026\/04\/tendance-pe26-en-bleu-pale\/#respond"]}]},{"@type":"WebPage","@id":"https:\/\/damasketdentelle.com\/index.php\/2026\/04\/tendance-pe26-en-bleu-pale\/","url":"https:\/\/damasketdentelle.com\/index.php\/2026\/04\/tendance-pe26-en-bleu-pale\/","name":"Tendance: Le bleu ciel, couleur th\u00e9rapie du printemps 2026 -","isPartOf":{"@id":"https:\/\/damasketdentelle.com\/#website"},"primaryImageOfPage":{"@id":"https:\/\/damasketdentelle.com\/index.php\/2026\/04\/tendance-pe26-en-bleu-pale\/#primaryimage"},"image":{"@id":"https:\/\/damasketdentelle.com\/index.php\/2026\/04\/tendance-pe26-en-bleu-pale\/#primaryimage"},"thumbnailUrl":"https:\/\/blog.damasketdentelle.com\/wp-content\/uploads\/banniere-bleu-pale-1.jpg","datePublished":"2026-04-26T20:42:12+00:00","dateModified":"2026-04-26T20:53:43+00:00","author":{"@id":"https:\/\/damasketdentelle.com\/#\/schema\/person\/ab66dcd0f6a0e1954b4a4aaac173acee"},"description":"Si la mode & le design refl\u00e8tent l'humeur du moment, le bleu ciel pourrait bien \u00eatre la couleur th\u00e9rapie dont on avait besoin.","breadcrumb":{"@id":"https:\/\/damasketdentelle.com\/index.php\/2026\/04\/tendance-pe26-en-bleu-pale\/#breadcrumb"},"inLanguage":"en-US","potentialAction":[{"@type":"ReadAction","target":["https:\/\/damasketdentelle.com\/index.php\/2026\/04\/tendance-pe26-en-bleu-pale\/"]}]},{"@type":"ImageObject","inLanguage":"en-US","@id":"https:\/\/damasketdentelle.com\/index.php\/2026\/04\/tendance-pe26-en-bleu-pale\/#primaryimage","url":"https:\/\/blog.damasketdentelle.com\/wp-content\/uploads\/banniere-bleu-pale-1.jpg","contentUrl":"https:\/\/blog.damasketdentelle.com\/wp-content\/uploads\/banniere-bleu-pale-1.jpg","width":1888,"height":707},{"@type":"BreadcrumbList","@id":"https:\/\/damasketdentelle.com\/index.php\/2026\/04\/tendance-pe26-en-bleu-pale\/#breadcrumb","itemListElement":[{"@type":"ListItem","position":1,"name":"Home","item":"https:\/\/damasketdentelle.com\/"},{"@type":"ListItem","position":2,"name":"Tendance: Le bleu ciel, couleur th\u00e9rapie du printemps 2026"}]},{"@type":"WebSite","@id":"https:\/\/damasketdentelle.com\/#website","url":"https:\/\/damasketdentelle.com\/","name":"Damask &amp; Dentelle","description":"Storytelling, Design and urban manifestos","potentialAction":[{"@type":"SearchAction","target":{"@type":"EntryPoint","urlTemplate":"https:\/\/damasketdentelle.com\/?s={search_term_string}"},"query-input":{"@type":"PropertyValueSpecification","valueRequired":true,"valueName":"search_term_string"}}],"inLanguage":"en-US"},{"@type":"Person","@id":"https:\/\/damasketdentelle.com\/#\/schema\/person\/ab66dcd0f6a0e1954b4a4aaac173acee","name":"Vanessa Sicotte","image":{"@type":"ImageObject","inLanguage":"en-US","@id":"https:\/\/secure.gravatar.com\/avatar\/7710c0e6cd087dff617e494d4e51105fae871a738d48c9031273d8920420be5b?s=96&d=mm&r=g","url":"https:\/\/secure.gravatar.com\/avatar\/7710c0e6cd087dff617e494d4e51105fae871a738d48c9031273d8920420be5b?s=96&d=mm&r=g","contentUrl":"https:\/\/secure.gravatar.com\/avatar\/7710c0e6cd087dff617e494d4e51105fae871a738d48c9031273d8920420be5b?s=96&d=mm&r=g","caption":"Vanessa Sicotte"},"sameAs":["https:\/\/blog.damasketdentelle.com\/wp-login.php"],"url":"https:\/\/damasketdentelle.com\/index.php\/author\/vanessa\/"}]}},"_links":{"self":[{"href":"https:\/\/damasketdentelle.com\/index.php\/wp-json\/wp\/v2\/posts\/27966","targetHints":{"allow":["GET"]}}],"collection":[{"href":"https:\/\/damasketdentelle.com\/index.php\/wp-json\/wp\/v2\/posts"}],"about":[{"href":"https:\/\/damasketdentelle.com\/index.php\/wp-json\/wp\/v2\/types\/post"}],"author":[{"embeddable":true,"href":"https:\/\/damasketdentelle.com\/index.php\/wp-json\/wp\/v2\/users\/1"}],"replies":[{"embeddable":true,"href":"https:\/\/damasketdentelle.com\/index.php\/wp-json\/wp\/v2\/comments?post=27966"}],"version-history":[{"count":1,"href":"https:\/\/damasketdentelle.com\/index.php\/wp-json\/wp\/v2\/posts\/27966\/revisions"}],"predecessor-version":[{"id":27975,"href":"https:\/\/damasketdentelle.com\/index.php\/wp-json\/wp\/v2\/posts\/27966\/revisions\/27975"}],"wp:featuredmedia":[{"embeddable":true,"href":"https:\/\/damasketdentelle.com\/index.php\/wp-json\/wp\/v2\/media\/27977"}],"wp:attachment":[{"href":"https:\/\/damasketdentelle.com\/index.php\/wp-json\/wp\/v2\/media?parent=27966"}],"wp:term":[{"taxonomy":"category","embeddable":true,"href":"https:\/\/damasketdentelle.com\/index.php\/wp-json\/wp\/v2\/categories?post=27966"},{"taxonomy":"post_tag","embeddable":true,"href":"https:\/\/damasketdentelle.com\/index.php\/wp-json\/wp\/v2\/tags?post=27966"}],"curies":[{"name":"wp","href":"https:\/\/api.w.org\/{rel}","templated":true}]}}