{"id":9319,"date":"2013-06-20T13:14:09","date_gmt":"2013-06-20T17:14:09","guid":{"rendered":"http:\/\/blog.damasketdentelle.com\/?p=9319"},"modified":"2020-07-30T13:31:45","modified_gmt":"2020-07-30T17:31:45","slug":"west-elm-ouvre-a-montreal","status":"publish","type":"post","link":"https:\/\/damasketdentelle.com\/index.php\/2013\/06\/west-elm-ouvre-a-montreal\/","title":{"rendered":"West Elm Montr\u00e9al"},"content":{"rendered":"<p><img loading=\"lazy\" decoding=\"async\" class=\"aligncenter size-full wp-image-9328\" alt=\"Etsy_West_Elm_Montreal\" src=\"http:\/\/blog.damasketdentelle.com\/wp-content\/uploads\/Etsy_West_Elm_Montreal.jpg\" width=\"650\" height=\"650\" srcset=\"https:\/\/blog.damasketdentelle.com\/wp-content\/uploads\/Etsy_West_Elm_Montreal.jpg 650w, https:\/\/blog.damasketdentelle.com\/wp-content\/uploads\/Etsy_West_Elm_Montreal-150x150.jpg 150w, https:\/\/blog.damasketdentelle.com\/wp-content\/uploads\/Etsy_West_Elm_Montreal-450x450.jpg 450w, https:\/\/blog.damasketdentelle.com\/wp-content\/uploads\/Etsy_West_Elm_Montreal-320x320.jpg 320w\" sizes=\"auto, (max-width: 650px) 100vw, 650px\" \/><\/p>\n<p>&nbsp;<\/p>\n<p>Ce matin a ouvert la 51 i\u00e8me boutique de la chaine West Elm dans le quartier Griffintown de Montr\u00e9al. Am\u00e9nag\u00e9 dans des locaux ayant un jour accommod\u00e9s des garages, la boutique est \u00e0 couper le souffle. Je sais l&#8217;expression est forte de sens, mais je vous l&#8217;admet humblement, j&#8217;ai vraiment eu le soufle coup\u00e9 en entrant.<\/p>\n<p>&nbsp;<\/p>\n<p><img loading=\"lazy\" decoding=\"async\" class=\"aligncenter size-large wp-image-9329\" alt=\"Marche_West_Elm_Montreal\" src=\"http:\/\/blog.damasketdentelle.com\/wp-content\/uploads\/Marche_West_Elm_Montreal.jpg\" width=\"650\" height=\"650\" srcset=\"https:\/\/blog.damasketdentelle.com\/wp-content\/uploads\/Marche_West_Elm_Montreal.jpg 650w, https:\/\/blog.damasketdentelle.com\/wp-content\/uploads\/Marche_West_Elm_Montreal-150x150.jpg 150w, https:\/\/blog.damasketdentelle.com\/wp-content\/uploads\/Marche_West_Elm_Montreal-450x450.jpg 450w, https:\/\/blog.damasketdentelle.com\/wp-content\/uploads\/Marche_West_Elm_Montreal-320x320.jpg 320w\" sizes=\"auto, (max-width: 650px) 100vw, 650px\" \/><\/p>\n<p>&nbsp;<\/p>\n<p>D\u00e9s son arriv\u00e9e, le client entre dans l&#8217;univers West Elm d&#8217;abord \u00e0 travers leur offre pour les aires &#8220;publiques&#8221; de la maison; soit la salle \u00e0 manger et le salon, pour ensuite le projeter de part et d&#8217;autres vers les d\u00e9cors pour la chambre \u00e0 droite et le March\u00e9 West Elm, ainsi que les services de design et l&#8217;am\u00e9nagement pour le bureau \u00e0 gauche.<\/p>\n<p>&nbsp;<\/p>\n<p><img loading=\"lazy\" decoding=\"async\" class=\"aligncenter size-large wp-image-9330\" alt=\"Ouverture_West_Elm_Montreal\" src=\"http:\/\/blog.damasketdentelle.com\/wp-content\/uploads\/Ouverture_West_Elm_Montreal.jpg\" width=\"650\" height=\"650\" srcset=\"https:\/\/blog.damasketdentelle.com\/wp-content\/uploads\/Ouverture_West_Elm_Montreal.jpg 650w, https:\/\/blog.damasketdentelle.com\/wp-content\/uploads\/Ouverture_West_Elm_Montreal-150x150.jpg 150w, https:\/\/blog.damasketdentelle.com\/wp-content\/uploads\/Ouverture_West_Elm_Montreal-450x450.jpg 450w, https:\/\/blog.damasketdentelle.com\/wp-content\/uploads\/Ouverture_West_Elm_Montreal-320x320.jpg 320w\" sizes=\"auto, (max-width: 650px) 100vw, 650px\" \/><\/p>\n<p>&nbsp;<\/p>\n<p>La marque de Brooklyn attribut en partie son ascension fulgurante \u00e0 son style <em>contemporain-vintage <\/em>(on aime on aime!), \u00e0 sa fourchette de prix tr\u00e8s abordable, mais aussi \u00e0 ses collaborations saisonni\u00e8res avec des artistes locaux, pr\u00e9sents sur Etsy \u00e0 qui la boutique offre une visibilit\u00e9 in\u00e9gal\u00e9e.<\/p>\n<p>&nbsp;<\/p>\n<p><img loading=\"lazy\" decoding=\"async\" class=\"aligncenter size-large wp-image-9331\" alt=\"West_Elm_bedroom_decor\" src=\"http:\/\/blog.damasketdentelle.com\/wp-content\/uploads\/West_Elm_bedroom_decor.jpg\" width=\"650\" height=\"650\" srcset=\"https:\/\/blog.damasketdentelle.com\/wp-content\/uploads\/West_Elm_bedroom_decor.jpg 650w, https:\/\/blog.damasketdentelle.com\/wp-content\/uploads\/West_Elm_bedroom_decor-150x150.jpg 150w, https:\/\/blog.damasketdentelle.com\/wp-content\/uploads\/West_Elm_bedroom_decor-450x450.jpg 450w, https:\/\/blog.damasketdentelle.com\/wp-content\/uploads\/West_Elm_bedroom_decor-320x320.jpg 320w\" sizes=\"auto, (max-width: 650px) 100vw, 650px\" \/><\/p>\n<p>&nbsp;<\/p>\n<p>J&#8217;ai ador\u00e9 l&#8217;am\u00e9nagement de la boutique, la fa\u00e7on dont les produits sont r\u00e9unis en palettes de couleurs afin d&#8217;aider les clients \u00e0 cr\u00e9er des harmonies chez eux sans trop se casser la t\u00eate. J&#8217;ai aim\u00e9 les vignettes, dispers\u00e9es de part et d&#8217;autre, qui donnent tant\u00f4t envie de se coucher pour une sieste ou de prendre un verre en bonne compagnie.<\/p>\n<p>&nbsp;<\/p>\n<p><img loading=\"lazy\" decoding=\"async\" class=\"aligncenter size-large wp-image-9332\" alt=\"West_Elm_Market\" src=\"http:\/\/blog.damasketdentelle.com\/wp-content\/uploads\/West_Elm_Market.jpg\" width=\"650\" height=\"650\" srcset=\"https:\/\/blog.damasketdentelle.com\/wp-content\/uploads\/West_Elm_Market.jpg 650w, https:\/\/blog.damasketdentelle.com\/wp-content\/uploads\/West_Elm_Market-150x150.jpg 150w, https:\/\/blog.damasketdentelle.com\/wp-content\/uploads\/West_Elm_Market-450x450.jpg 450w, https:\/\/blog.damasketdentelle.com\/wp-content\/uploads\/West_Elm_Market-320x320.jpg 320w\" sizes=\"auto, (max-width: 650px) 100vw, 650px\" \/><\/p>\n<p>&nbsp;<\/p>\n<p>Mais ce sont le March\u00e9 et le mur vert qui m&#8217;ont ultimenent et totalement conquise. Le c\u00f4t\u00e9 March\u00e9, qui pr\u00e9sente des produits pour la cuisine, le corps et le camping vintage et neuf, offre aussi des expressos et autres concoctions caf\u00e9in\u00e9es au plus grand bonheur des r\u00e9sidents qui habiteront bient\u00f4t les centaines de condos en construction aux alentours. \u00a0Et que dire du mur vert&#8230; enti\u00e8rement compos\u00e9 de plantes v\u00e9ritables aliment\u00e9es par un syst\u00e8me d&#8217;irrigation des plus sophistiqu\u00e9 (je me suis mise le nez dedans pour voir!), il mesure plus de 2 m\u00e8tres de haut et vient annoncer au monde entier que la marque est aussi pr\u00e8s de ses valeurs \u00e9co-responsables que de son souci du d\u00e9tail&#8230; et du design!<\/p>\n<p>&nbsp;<\/p>\n<p><img loading=\"lazy\" decoding=\"async\" class=\"aligncenter size-large wp-image-9333\" alt=\"West_Elm_Montreal_Opening\" src=\"http:\/\/blog.damasketdentelle.com\/wp-content\/uploads\/West_Elm_Montreal_Opening.jpg\" width=\"650\" height=\"650\" srcset=\"https:\/\/blog.damasketdentelle.com\/wp-content\/uploads\/West_Elm_Montreal_Opening.jpg 650w, https:\/\/blog.damasketdentelle.com\/wp-content\/uploads\/West_Elm_Montreal_Opening-150x150.jpg 150w, https:\/\/blog.damasketdentelle.com\/wp-content\/uploads\/West_Elm_Montreal_Opening-450x450.jpg 450w, https:\/\/blog.damasketdentelle.com\/wp-content\/uploads\/West_Elm_Montreal_Opening-320x320.jpg 320w\" sizes=\"auto, (max-width: 650px) 100vw, 650px\" \/><\/p>\n<p>&nbsp;<\/p>\n<p>Je compte d\u00e9j\u00e0 les &#8220;dodos&#8221; avant d&#8217;y retourner et soyez assur\u00e9s que vous verrez plusieurs de leurs produits dans mes prochains d\u00e9cors de Sauvez les Meubles (J&#8217;ai d\u00e9j\u00e0 commenc\u00e9 ma petite &#8220;wishlist&#8221;).<\/p>\n<p><a href=\"https:\/\/www.facebook.com\/westelmMontreal\" target=\"_blank\" rel=\"noopener noreferrer\">west elm Montr\u00e9al<\/a><br \/>\n995 Rue Wellington<br \/>\nMontreal QC<br \/>\n+1 514-861-2809<\/p>\n<p>photos: <a href=\"http:\/\/www.vanessasicotte.com\/accueil-2\/\" target=\"_blank\" rel=\"noopener noreferrer\">Vanessa Sicotte<\/a><\/p>\n","protected":false},"excerpt":{"rendered":"<p>&nbsp; Ce matin a ouvert la 51 i\u00e8me boutique de la chaine West Elm dans le quartier Griffintown de Montr\u00e9al. Am\u00e9nag\u00e9 dans des locaux ayant un jour accommod\u00e9s des garages, la boutique est \u00e0 couper le souffle. Je sais l&#8217;expression est forte de sens, mais je vous l&#8217;admet humblement, j&#8217;ai vraiment eu le soufle coup\u00e9&#8230;<\/p>\n<p><a class=\"more-link\" href=\"https:\/\/damasketdentelle.com\/index.php\/2013\/06\/west-elm-ouvre-a-montreal\/\">Read More<\/a><\/p>","protected":false},"author":1,"featured_media":0,"comment_status":"open","ping_status":"open","sticky":false,"template":"","format":"standard","meta":{"_genesis_hide_title":false,"_genesis_hide_breadcrumbs":false,"_genesis_hide_singular_image":false,"_genesis_hide_footer_widgets":false,"_genesis_custom_body_class":"","_genesis_custom_post_class":"","_genesis_layout":"","footnotes":""},"categories":[97],"tags":[4312,345,4314,3490,175,4310,2236,4315,167,3457,4311,924,3489,4316,4313,1187,230,2253,198,1189],"class_list":{"0":"post-9319","1":"post","2":"type-post","3":"status-publish","4":"format-standard","6":"category-inspirations","7":"tag-amenagement","8":"tag-annuaire-decoration-montreal","9":"tag-apartment-therapy","10":"tag-astuces-deco","11":"tag-blogue-decoration-montreal","12":"tag-boutiques-de-deco","13":"tag-deco-montreal","14":"tag-deco-therapie","15":"tag-decor-blog-montreal","16":"tag-decoration-quebec","17":"tag-decorer-a-petits-prix","18":"tag-house-beautiful","19":"tag-idees-deco","20":"tag-idees-pour-la-maison","21":"tag-lonny","22":"tag-ouverture-west-elm-montreal","23":"tag-rue-magazine","24":"tag-sauvez-les-meubles","25":"tag-vanessa-sicotte","26":"tag-west-elm-montreal","27":"entry","28":"has-post-thumbnail"},"yoast_head":"<!-- This site is optimized with the Yoast SEO plugin v27.4 - https:\/\/yoast.com\/product\/yoast-seo-wordpress\/ -->\n<title>West Elm ouvre \u00e0 Montr\u00e9al<\/title>\n<meta name=\"description\" content=\"Ce matin a ouvert la 51i\u00e8me boutique de la chaine West Elm dans le quartier Griffintown de Montr\u00e9al. Am\u00e9nag\u00e9 dans d&#039;anciens garage, la boutique est \u00e0 couper le souffle.\" \/>\n<meta name=\"robots\" content=\"index, follow, max-snippet:-1, max-image-preview:large, max-video-preview:-1\" \/>\n<link rel=\"canonical\" href=\"https:\/\/damasketdentelle.com\/index.php\/2013\/06\/west-elm-ouvre-a-montreal\/\" \/>\n<meta property=\"og:locale\" content=\"en_US\" \/>\n<meta property=\"og:type\" content=\"article\" \/>\n<meta property=\"og:title\" content=\"West Elm ouvre \u00e0 Montr\u00e9al\" \/>\n<meta property=\"og:description\" content=\"Ce matin a ouvert la 51i\u00e8me boutique de la chaine West Elm dans le quartier Griffintown de Montr\u00e9al. Am\u00e9nag\u00e9 dans d&#039;anciens garage, la boutique est \u00e0 couper le souffle.\" \/>\n<meta property=\"og:url\" content=\"https:\/\/damasketdentelle.com\/index.php\/2013\/06\/west-elm-ouvre-a-montreal\/\" \/>\n<meta property=\"og:site_name\" content=\"Damask &amp; Dentelle\" \/>\n<meta property=\"article:publisher\" content=\"https:\/\/www.facebook.com\/damasketdentelle\" \/>\n<meta property=\"article:published_time\" content=\"2013-06-20T17:14:09+00:00\" \/>\n<meta property=\"article:modified_time\" content=\"2020-07-30T17:31:45+00:00\" \/>\n<meta property=\"og:image\" content=\"http:\/\/blog.damasketdentelle.com\/wp-content\/uploads\/Etsy_West_Elm_Montreal.jpg\" \/>\n<meta name=\"author\" content=\"Vanessa Sicotte\" \/>\n<meta name=\"twitter:label1\" content=\"Written by\" \/>\n\t<meta name=\"twitter:data1\" content=\"Vanessa Sicotte\" \/>\n\t<meta name=\"twitter:label2\" content=\"Est. reading time\" \/>\n\t<meta name=\"twitter:data2\" content=\"2 minutes\" \/>\n<script type=\"application\/ld+json\" class=\"yoast-schema-graph\">{\"@context\":\"https:\\\/\\\/schema.org\",\"@graph\":[{\"@type\":\"Article\",\"@id\":\"https:\\\/\\\/damasketdentelle.com\\\/index.php\\\/2013\\\/06\\\/west-elm-ouvre-a-montreal\\\/#article\",\"isPartOf\":{\"@id\":\"https:\\\/\\\/damasketdentelle.com\\\/index.php\\\/2013\\\/06\\\/west-elm-ouvre-a-montreal\\\/\"},\"author\":{\"name\":\"Vanessa Sicotte\",\"@id\":\"https:\\\/\\\/damasketdentelle.com\\\/#\\\/schema\\\/person\\\/ab66dcd0f6a0e1954b4a4aaac173acee\"},\"headline\":\"West Elm Montr\u00e9al\",\"datePublished\":\"2013-06-20T17:14:09+00:00\",\"dateModified\":\"2020-07-30T17:31:45+00:00\",\"mainEntityOfPage\":{\"@id\":\"https:\\\/\\\/damasketdentelle.com\\\/index.php\\\/2013\\\/06\\\/west-elm-ouvre-a-montreal\\\/\"},\"wordCount\":430,\"commentCount\":1,\"image\":{\"@id\":\"https:\\\/\\\/damasketdentelle.com\\\/index.php\\\/2013\\\/06\\\/west-elm-ouvre-a-montreal\\\/#primaryimage\"},\"thumbnailUrl\":\"http:\\\/\\\/blog.damasketdentelle.com\\\/wp-content\\\/uploads\\\/Etsy_West_Elm_Montreal.jpg\",\"keywords\":[\"am\u00e9nagement\",\"annuaire d\u00e9coration Montr\u00e9al\",\"Apartment Therapy\",\"astuces d\u00e9co\",\"blogue d\u00e9coration Montr\u00e9al\",\"boutiques de d\u00e9co\",\"D\u00e9co Montr\u00e9al\",\"D\u00e9co Th\u00e9rapie\",\"decor blog Montr\u00e9al\",\"D\u00e9coration Qu\u00e9bec\",\"d\u00e9corer \u00e0 petits prix\",\"House Beautiful\",\"id\u00e9es d\u00e9co\",\"Id\u00e9es pour la maison\",\"Lonny\",\"Ouverture West Elm Montr\u00e9al\",\"Rue Magazine\",\"Sauvez les Meubles\",\"Vanessa Sicotte\",\"West Elm Montr\u00e9al\"],\"articleSection\":[\"inspirations\"],\"inLanguage\":\"en-US\",\"potentialAction\":[{\"@type\":\"CommentAction\",\"name\":\"Comment\",\"target\":[\"https:\\\/\\\/damasketdentelle.com\\\/index.php\\\/2013\\\/06\\\/west-elm-ouvre-a-montreal\\\/#respond\"]}]},{\"@type\":\"WebPage\",\"@id\":\"https:\\\/\\\/damasketdentelle.com\\\/index.php\\\/2013\\\/06\\\/west-elm-ouvre-a-montreal\\\/\",\"url\":\"https:\\\/\\\/damasketdentelle.com\\\/index.php\\\/2013\\\/06\\\/west-elm-ouvre-a-montreal\\\/\",\"name\":\"West Elm ouvre \u00e0 Montr\u00e9al\",\"isPartOf\":{\"@id\":\"https:\\\/\\\/damasketdentelle.com\\\/#website\"},\"primaryImageOfPage\":{\"@id\":\"https:\\\/\\\/damasketdentelle.com\\\/index.php\\\/2013\\\/06\\\/west-elm-ouvre-a-montreal\\\/#primaryimage\"},\"image\":{\"@id\":\"https:\\\/\\\/damasketdentelle.com\\\/index.php\\\/2013\\\/06\\\/west-elm-ouvre-a-montreal\\\/#primaryimage\"},\"thumbnailUrl\":\"http:\\\/\\\/blog.damasketdentelle.com\\\/wp-content\\\/uploads\\\/Etsy_West_Elm_Montreal.jpg\",\"datePublished\":\"2013-06-20T17:14:09+00:00\",\"dateModified\":\"2020-07-30T17:31:45+00:00\",\"author\":{\"@id\":\"https:\\\/\\\/damasketdentelle.com\\\/#\\\/schema\\\/person\\\/ab66dcd0f6a0e1954b4a4aaac173acee\"},\"description\":\"Ce matin a ouvert la 51i\u00e8me boutique de la chaine West Elm dans le quartier Griffintown de Montr\u00e9al. Am\u00e9nag\u00e9 dans d'anciens garage, la boutique est \u00e0 couper le souffle.\",\"breadcrumb\":{\"@id\":\"https:\\\/\\\/damasketdentelle.com\\\/index.php\\\/2013\\\/06\\\/west-elm-ouvre-a-montreal\\\/#breadcrumb\"},\"inLanguage\":\"en-US\",\"potentialAction\":[{\"@type\":\"ReadAction\",\"target\":[\"https:\\\/\\\/damasketdentelle.com\\\/index.php\\\/2013\\\/06\\\/west-elm-ouvre-a-montreal\\\/\"]}]},{\"@type\":\"ImageObject\",\"inLanguage\":\"en-US\",\"@id\":\"https:\\\/\\\/damasketdentelle.com\\\/index.php\\\/2013\\\/06\\\/west-elm-ouvre-a-montreal\\\/#primaryimage\",\"url\":\"http:\\\/\\\/blog.damasketdentelle.com\\\/wp-content\\\/uploads\\\/Etsy_West_Elm_Montreal.jpg\",\"contentUrl\":\"http:\\\/\\\/blog.damasketdentelle.com\\\/wp-content\\\/uploads\\\/Etsy_West_Elm_Montreal.jpg\"},{\"@type\":\"BreadcrumbList\",\"@id\":\"https:\\\/\\\/damasketdentelle.com\\\/index.php\\\/2013\\\/06\\\/west-elm-ouvre-a-montreal\\\/#breadcrumb\",\"itemListElement\":[{\"@type\":\"ListItem\",\"position\":1,\"name\":\"Home\",\"item\":\"https:\\\/\\\/damasketdentelle.com\\\/\"},{\"@type\":\"ListItem\",\"position\":2,\"name\":\"West Elm Montr\u00e9al\"}]},{\"@type\":\"WebSite\",\"@id\":\"https:\\\/\\\/damasketdentelle.com\\\/#website\",\"url\":\"https:\\\/\\\/damasketdentelle.com\\\/\",\"name\":\"Damask &amp; Dentelle\",\"description\":\"Storytelling, Design and urban manifestos\",\"potentialAction\":[{\"@type\":\"SearchAction\",\"target\":{\"@type\":\"EntryPoint\",\"urlTemplate\":\"https:\\\/\\\/damasketdentelle.com\\\/?s={search_term_string}\"},\"query-input\":{\"@type\":\"PropertyValueSpecification\",\"valueRequired\":true,\"valueName\":\"search_term_string\"}}],\"inLanguage\":\"en-US\"},{\"@type\":\"Person\",\"@id\":\"https:\\\/\\\/damasketdentelle.com\\\/#\\\/schema\\\/person\\\/ab66dcd0f6a0e1954b4a4aaac173acee\",\"name\":\"Vanessa Sicotte\",\"image\":{\"@type\":\"ImageObject\",\"inLanguage\":\"en-US\",\"@id\":\"https:\\\/\\\/secure.gravatar.com\\\/avatar\\\/7710c0e6cd087dff617e494d4e51105fae871a738d48c9031273d8920420be5b?s=96&d=mm&r=g\",\"url\":\"https:\\\/\\\/secure.gravatar.com\\\/avatar\\\/7710c0e6cd087dff617e494d4e51105fae871a738d48c9031273d8920420be5b?s=96&d=mm&r=g\",\"contentUrl\":\"https:\\\/\\\/secure.gravatar.com\\\/avatar\\\/7710c0e6cd087dff617e494d4e51105fae871a738d48c9031273d8920420be5b?s=96&d=mm&r=g\",\"caption\":\"Vanessa Sicotte\"},\"sameAs\":[\"https:\\\/\\\/blog.damasketdentelle.com\\\/wp-login.php\"],\"url\":\"https:\\\/\\\/damasketdentelle.com\\\/index.php\\\/author\\\/vanessa\\\/\"}]}<\/script>\n<!-- \/ Yoast SEO plugin. -->","yoast_head_json":{"title":"West Elm ouvre \u00e0 Montr\u00e9al","description":"Ce matin a ouvert la 51i\u00e8me boutique de la chaine West Elm dans le quartier Griffintown de Montr\u00e9al. Am\u00e9nag\u00e9 dans d'anciens garage, la boutique est \u00e0 couper le souffle.","robots":{"index":"index","follow":"follow","max-snippet":"max-snippet:-1","max-image-preview":"max-image-preview:large","max-video-preview":"max-video-preview:-1"},"canonical":"https:\/\/damasketdentelle.com\/index.php\/2013\/06\/west-elm-ouvre-a-montreal\/","og_locale":"en_US","og_type":"article","og_title":"West Elm ouvre \u00e0 Montr\u00e9al","og_description":"Ce matin a ouvert la 51i\u00e8me boutique de la chaine West Elm dans le quartier Griffintown de Montr\u00e9al. Am\u00e9nag\u00e9 dans d'anciens garage, la boutique est \u00e0 couper le souffle.","og_url":"https:\/\/damasketdentelle.com\/index.php\/2013\/06\/west-elm-ouvre-a-montreal\/","og_site_name":"Damask &amp; Dentelle","article_publisher":"https:\/\/www.facebook.com\/damasketdentelle","article_published_time":"2013-06-20T17:14:09+00:00","article_modified_time":"2020-07-30T17:31:45+00:00","og_image":[{"url":"http:\/\/blog.damasketdentelle.com\/wp-content\/uploads\/Etsy_West_Elm_Montreal.jpg","type":"","width":"","height":""}],"author":"Vanessa Sicotte","twitter_misc":{"Written by":"Vanessa Sicotte","Est. reading time":"2 minutes"},"schema":{"@context":"https:\/\/schema.org","@graph":[{"@type":"Article","@id":"https:\/\/damasketdentelle.com\/index.php\/2013\/06\/west-elm-ouvre-a-montreal\/#article","isPartOf":{"@id":"https:\/\/damasketdentelle.com\/index.php\/2013\/06\/west-elm-ouvre-a-montreal\/"},"author":{"name":"Vanessa Sicotte","@id":"https:\/\/damasketdentelle.com\/#\/schema\/person\/ab66dcd0f6a0e1954b4a4aaac173acee"},"headline":"West Elm Montr\u00e9al","datePublished":"2013-06-20T17:14:09+00:00","dateModified":"2020-07-30T17:31:45+00:00","mainEntityOfPage":{"@id":"https:\/\/damasketdentelle.com\/index.php\/2013\/06\/west-elm-ouvre-a-montreal\/"},"wordCount":430,"commentCount":1,"image":{"@id":"https:\/\/damasketdentelle.com\/index.php\/2013\/06\/west-elm-ouvre-a-montreal\/#primaryimage"},"thumbnailUrl":"http:\/\/blog.damasketdentelle.com\/wp-content\/uploads\/Etsy_West_Elm_Montreal.jpg","keywords":["am\u00e9nagement","annuaire d\u00e9coration Montr\u00e9al","Apartment Therapy","astuces d\u00e9co","blogue d\u00e9coration Montr\u00e9al","boutiques de d\u00e9co","D\u00e9co Montr\u00e9al","D\u00e9co Th\u00e9rapie","decor blog Montr\u00e9al","D\u00e9coration Qu\u00e9bec","d\u00e9corer \u00e0 petits prix","House Beautiful","id\u00e9es d\u00e9co","Id\u00e9es pour la maison","Lonny","Ouverture West Elm Montr\u00e9al","Rue Magazine","Sauvez les Meubles","Vanessa Sicotte","West Elm Montr\u00e9al"],"articleSection":["inspirations"],"inLanguage":"en-US","potentialAction":[{"@type":"CommentAction","name":"Comment","target":["https:\/\/damasketdentelle.com\/index.php\/2013\/06\/west-elm-ouvre-a-montreal\/#respond"]}]},{"@type":"WebPage","@id":"https:\/\/damasketdentelle.com\/index.php\/2013\/06\/west-elm-ouvre-a-montreal\/","url":"https:\/\/damasketdentelle.com\/index.php\/2013\/06\/west-elm-ouvre-a-montreal\/","name":"West Elm ouvre \u00e0 Montr\u00e9al","isPartOf":{"@id":"https:\/\/damasketdentelle.com\/#website"},"primaryImageOfPage":{"@id":"https:\/\/damasketdentelle.com\/index.php\/2013\/06\/west-elm-ouvre-a-montreal\/#primaryimage"},"image":{"@id":"https:\/\/damasketdentelle.com\/index.php\/2013\/06\/west-elm-ouvre-a-montreal\/#primaryimage"},"thumbnailUrl":"http:\/\/blog.damasketdentelle.com\/wp-content\/uploads\/Etsy_West_Elm_Montreal.jpg","datePublished":"2013-06-20T17:14:09+00:00","dateModified":"2020-07-30T17:31:45+00:00","author":{"@id":"https:\/\/damasketdentelle.com\/#\/schema\/person\/ab66dcd0f6a0e1954b4a4aaac173acee"},"description":"Ce matin a ouvert la 51i\u00e8me boutique de la chaine West Elm dans le quartier Griffintown de Montr\u00e9al. Am\u00e9nag\u00e9 dans d'anciens garage, la boutique est \u00e0 couper le souffle.","breadcrumb":{"@id":"https:\/\/damasketdentelle.com\/index.php\/2013\/06\/west-elm-ouvre-a-montreal\/#breadcrumb"},"inLanguage":"en-US","potentialAction":[{"@type":"ReadAction","target":["https:\/\/damasketdentelle.com\/index.php\/2013\/06\/west-elm-ouvre-a-montreal\/"]}]},{"@type":"ImageObject","inLanguage":"en-US","@id":"https:\/\/damasketdentelle.com\/index.php\/2013\/06\/west-elm-ouvre-a-montreal\/#primaryimage","url":"http:\/\/blog.damasketdentelle.com\/wp-content\/uploads\/Etsy_West_Elm_Montreal.jpg","contentUrl":"http:\/\/blog.damasketdentelle.com\/wp-content\/uploads\/Etsy_West_Elm_Montreal.jpg"},{"@type":"BreadcrumbList","@id":"https:\/\/damasketdentelle.com\/index.php\/2013\/06\/west-elm-ouvre-a-montreal\/#breadcrumb","itemListElement":[{"@type":"ListItem","position":1,"name":"Home","item":"https:\/\/damasketdentelle.com\/"},{"@type":"ListItem","position":2,"name":"West Elm Montr\u00e9al"}]},{"@type":"WebSite","@id":"https:\/\/damasketdentelle.com\/#website","url":"https:\/\/damasketdentelle.com\/","name":"Damask &amp; Dentelle","description":"Storytelling, Design and urban manifestos","potentialAction":[{"@type":"SearchAction","target":{"@type":"EntryPoint","urlTemplate":"https:\/\/damasketdentelle.com\/?s={search_term_string}"},"query-input":{"@type":"PropertyValueSpecification","valueRequired":true,"valueName":"search_term_string"}}],"inLanguage":"en-US"},{"@type":"Person","@id":"https:\/\/damasketdentelle.com\/#\/schema\/person\/ab66dcd0f6a0e1954b4a4aaac173acee","name":"Vanessa Sicotte","image":{"@type":"ImageObject","inLanguage":"en-US","@id":"https:\/\/secure.gravatar.com\/avatar\/7710c0e6cd087dff617e494d4e51105fae871a738d48c9031273d8920420be5b?s=96&d=mm&r=g","url":"https:\/\/secure.gravatar.com\/avatar\/7710c0e6cd087dff617e494d4e51105fae871a738d48c9031273d8920420be5b?s=96&d=mm&r=g","contentUrl":"https:\/\/secure.gravatar.com\/avatar\/7710c0e6cd087dff617e494d4e51105fae871a738d48c9031273d8920420be5b?s=96&d=mm&r=g","caption":"Vanessa Sicotte"},"sameAs":["https:\/\/blog.damasketdentelle.com\/wp-login.php"],"url":"https:\/\/damasketdentelle.com\/index.php\/author\/vanessa\/"}]}},"_links":{"self":[{"href":"https:\/\/damasketdentelle.com\/index.php\/wp-json\/wp\/v2\/posts\/9319","targetHints":{"allow":["GET"]}}],"collection":[{"href":"https:\/\/damasketdentelle.com\/index.php\/wp-json\/wp\/v2\/posts"}],"about":[{"href":"https:\/\/damasketdentelle.com\/index.php\/wp-json\/wp\/v2\/types\/post"}],"author":[{"embeddable":true,"href":"https:\/\/damasketdentelle.com\/index.php\/wp-json\/wp\/v2\/users\/1"}],"replies":[{"embeddable":true,"href":"https:\/\/damasketdentelle.com\/index.php\/wp-json\/wp\/v2\/comments?post=9319"}],"version-history":[{"count":8,"href":"https:\/\/damasketdentelle.com\/index.php\/wp-json\/wp\/v2\/posts\/9319\/revisions"}],"predecessor-version":[{"id":26703,"href":"https:\/\/damasketdentelle.com\/index.php\/wp-json\/wp\/v2\/posts\/9319\/revisions\/26703"}],"wp:attachment":[{"href":"https:\/\/damasketdentelle.com\/index.php\/wp-json\/wp\/v2\/media?parent=9319"}],"wp:term":[{"taxonomy":"category","embeddable":true,"href":"https:\/\/damasketdentelle.com\/index.php\/wp-json\/wp\/v2\/categories?post=9319"},{"taxonomy":"post_tag","embeddable":true,"href":"https:\/\/damasketdentelle.com\/index.php\/wp-json\/wp\/v2\/tags?post=9319"}],"curies":[{"name":"wp","href":"https:\/\/api.w.org\/{rel}","templated":true}]}}